{"id":4222,"date":"2022-05-06T01:16:00","date_gmt":"2022-05-06T01:16:00","guid":{"rendered":"https:\/\/colegiomedicocat.com.ar\/med\/?p=4222"},"modified":"2022-05-10T01:17:40","modified_gmt":"2022-05-10T01:17:40","slug":"importante-anuncio","status":"publish","type":"post","link":"https:\/\/colegiomedicocat.com.ar\/med\/importante-anuncio\/","title":{"rendered":"IMPORTANTE ANUNCIO"},"content":{"rendered":"\n<div class=\"kvgmc6g5 cxmmr5t8 oygrvhab hcukyx3x c1et5uql ii04i59q\">\n<div dir=\"auto\">\u00a0<\/div>\n<\/div>\n<div class=\"cxmmr5t8 oygrvhab hcukyx3x c1et5uql o9v6fnle ii04i59q\">\n<div dir=\"auto\">Se realizo ayer en sede del Colegio de M\u00e9dicos de Catamarca una trascendental reuni\u00f3n para nuestros Colegiados, sobre todo en el apoyo a los J\u00f3venes para su desarrollo.<\/div>\n<div dir=\"auto\">\u00a0<\/div>\n<\/div>\n<div class=\"cxmmr5t8 oygrvhab hcukyx3x c1et5uql o9v6fnle ii04i59q\">\n<div dir=\"auto\">En un plan de 3 organismos provinciales AGAP, CAPRESCA y Ministerio de Vivienda y Urbanismo de la provincia,<a href=\"http:\/\/colegiomedicocat.com.ar\/med\/wp-content\/uploads\/2022\/05\/279632811_5417497564950401_8716577234654257123_n.jpg\"><img fetchpriority=\"high\" decoding=\"async\" class=\" wp-image-4223 alignright\" src=\"http:\/\/colegiomedicocat.com.ar\/med\/wp-content\/uploads\/2022\/05\/279632811_5417497564950401_8716577234654257123_n-300x215.jpg\" alt=\"\" width=\"340\" height=\"244\" srcset=\"https:\/\/colegiomedicocat.com.ar\/med\/wp-content\/uploads\/2022\/05\/279632811_5417497564950401_8716577234654257123_n-300x215.jpg 300w, https:\/\/colegiomedicocat.com.ar\/med\/wp-content\/uploads\/2022\/05\/279632811_5417497564950401_8716577234654257123_n.jpg 600w\" sizes=\"(max-width: 340px) 100vw, 340px\" \/><\/a> representado por el Ministro Dr. Fidel Saenz y el Director de Jur\u00eddicos del Ministerio Dr. Nicolas Rosales, junto a la Secretaria Cient\u00edfica M\u00e9d. Daniela Rebelo y el Asesor Legal del Colegio Dr Juan Manuel Zavaleta.<\/div>\n<div dir=\"auto\">\u00a0<\/div>\n<\/div>\n<div class=\"cxmmr5t8 oygrvhab hcukyx3x c1et5uql o9v6fnle ii04i59q\">\n<div dir=\"auto\">El Sr. Ministro explic\u00f3 el plan de acceso a la primera vivienda para 120 profesionales de 4 Colegios: M\u00e9dicos, Abogados, Contadores y Arquitectos.<\/div>\n<div dir=\"auto\">\u00a0<\/div>\n<\/div>\n<div class=\"cxmmr5t8 oygrvhab hcukyx3x c1et5uql o9v6fnle ii04i59q\">\n<div dir=\"auto\">El plan es lograr el acceso a la vivienda a 30 Colegiados, con un cr\u00e9dito a pagar en 10 a\u00f1os.<\/div>\n<\/div>\n<div class=\"cxmmr5t8 oygrvhab hcukyx3x c1et5uql o9v6fnle ii04i59q\">\n<div dir=\"auto\">Es un inmenso plan que tenemos la suerte de anunciar, con apoyo de cr\u00e9ditos provinciales.<\/div>\n<\/div>\n<div class=\"cxmmr5t8 oygrvhab hcukyx3x c1et5uql o9v6fnle ii04i59q\">\n<div dir=\"auto\">Se deber\u00e1 realizar las condiciones de ingreso al plan y confeccionar el listado de aspirantes.<\/div>\n<div dir=\"auto\">\u00a0<\/div>\n<\/div>\n<div class=\"cxmmr5t8 oygrvhab hcukyx3x c1et5uql o9v6fnle ii04i59q\">\n<div dir=\"auto\"><strong>Gran noticia!!!!<\/strong><\/div>\n<div dir=\"auto\">\u00a0<\/div>\n<\/div>\n<div class=\"cxmmr5t8 oygrvhab hcukyx3x c1et5uql o9v6fnle ii04i59q\">\n<div dir=\"auto\">CONSEJO DIRECTIVO<\/div>\n<div dir=\"auto\">COLEGIO DE M\u00c9DICOS DE CATAMARCA<\/div>\n<\/div>\n","protected":false},"excerpt":{"rendered":"<p>\u00a0 Se realizo ayer en sede del Colegio de M\u00e9dicos de Catamarca una trascendental reuni\u00f3n para nuestros Colegiados, sobre todo en el apoyo a los J\u00f3venes para su desarrollo. \u00a0 En un plan de 3 organismos provinciales AGAP, CAPRESCA y Ministerio de Vivienda y Urbanismo de la provincia, representado por el Ministro Dr. Fidel Saenz [&hellip;]<\/p>\n","protected":false},"author":2,"featured_media":4223,"comment_status":"closed","ping_status":"closed","sticky":false,"template":"","format":"standard","meta":{"_joinchat":[],"footnotes":""},"categories":[9,1],"tags":[],"class_list":["post-4222","post","type-post","status-publish","format-standard","has-post-thumbnail","hentry","category-diapositivas","category-noticias"],"_links":{"self":[{"href":"https:\/\/colegiomedicocat.com.ar\/med\/wp-json\/wp\/v2\/posts\/4222","targetHints":{"allow":["GET"]}}],"collection":[{"href":"https:\/\/colegiomedicocat.com.ar\/med\/wp-json\/wp\/v2\/posts"}],"about":[{"href":"https:\/\/colegiomedicocat.com.ar\/med\/wp-json\/wp\/v2\/types\/post"}],"author":[{"embeddable":true,"href":"https:\/\/colegiomedicocat.com.ar\/med\/wp-json\/wp\/v2\/users\/2"}],"replies":[{"embeddable":true,"href":"https:\/\/colegiomedicocat.com.ar\/med\/wp-json\/wp\/v2\/comments?post=4222"}],"version-history":[{"count":1,"href":"https:\/\/colegiomedicocat.com.ar\/med\/wp-json\/wp\/v2\/posts\/4222\/revisions"}],"predecessor-version":[{"id":4224,"href":"https:\/\/colegiomedicocat.com.ar\/med\/wp-json\/wp\/v2\/posts\/4222\/revisions\/4224"}],"wp:featuredmedia":[{"embeddable":true,"href":"https:\/\/colegiomedicocat.com.ar\/med\/wp-json\/wp\/v2\/media\/4223"}],"wp:attachment":[{"href":"https:\/\/colegiomedicocat.com.ar\/med\/wp-json\/wp\/v2\/media?parent=4222"}],"wp:term":[{"taxonomy":"category","embeddable":true,"href":"https:\/\/colegiomedicocat.com.ar\/med\/wp-json\/wp\/v2\/categories?post=4222"},{"taxonomy":"post_tag","embeddable":true,"href":"https:\/\/colegiomedicocat.com.ar\/med\/wp-json\/wp\/v2\/tags?post=4222"}],"curies":[{"name":"wp","href":"https:\/\/api.w.org\/{rel}","templated":true}]}}