{"id":4257,"date":"2022-05-15T14:00:00","date_gmt":"2022-05-15T14:00:00","guid":{"rendered":"https:\/\/colegiomedicocat.com.ar\/med\/?p=4257"},"modified":"2022-05-19T14:02:48","modified_gmt":"2022-05-19T14:02:48","slug":"confemeco-2","status":"publish","type":"post","link":"https:\/\/colegiomedicocat.com.ar\/med\/confemeco-2\/","title":{"rendered":"CONFEMECO"},"content":{"rendered":"\n<div class=\"kvgmc6g5 cxmmr5t8 oygrvhab hcukyx3x c1et5uql ii04i59q\">\n<div dir=\"auto\">advierte ante las m\u00e1ximas autoridades sanitarias nacionales la preocupaci\u00f3n mancomunada de los Colegios M\u00e9dicos asociados sobre la proliferaci\u00f3n y descontrol de la promoci\u00f3n y venta libre de f\u00e1rmacos a trav\u00e9s de medios audiovisuales.<\/div>\n<div dir=\"auto\">\u00a0<\/div>\n<\/div>\n<div class=\"cxmmr5t8 oygrvhab hcukyx3x c1et5uql o9v6fnle ii04i59q\">\n<div dir=\"auto\">En este marco ponemos la estructura nacional de CONFEMECO para el asesoramiento y control de esta pr\u00e1ctica nociva para la Salud Comunitaria.<\/div>\n<div dir=\"auto\">\u00a0<\/div>\n<\/div>\n<div class=\"cxmmr5t8 oygrvhab hcukyx3x c1et5uql o9v6fnle ii04i59q\">\n<div dir=\"auto\">El Colegio de M\u00e9dicos de Catamarca como firmante de la misiva adhiere en un todo a su reclamo.<\/div>\n<div dir=\"auto\"><img decoding=\"async\" src=\"https:\/\/scontent.firj1-1.fna.fbcdn.net\/v\/t39.30808-6\/281004897_5442714915761999_6757196789517850040_n.jpg?_nc_cat=103&amp;ccb=1-7&amp;_nc_sid=8bfeb9&amp;_nc_eui2=AeE1jiFCpmXZvMSs2J2EG1R2ovcU4zBIjb-i9xTjMEiNvx3ELvoG836a1jd9iMs8LmE&amp;_nc_ohc=bqlrwiDu73MAX8ZFU1t&amp;tn=iwhMNrKf-hxRLwFL&amp;_nc_ht=scontent.firj1-1.fna&amp;oh=00_AT_Jc_O5vSG1prKukddaQfKt4W9li8gF33DXB_gCHKytGg&amp;oe=628B028C\" alt=\"No hay ninguna descripci\u00f3n de la foto disponible.\" \/><\/div>\n<\/div>\n<div class=\"cxmmr5t8 oygrvhab hcukyx3x c1et5uql o9v6fnle ii04i59q\">\n<div dir=\"auto\">CONSEJO DIRECTIVO<\/div>\n<div dir=\"auto\">COLEGIO DE M\u00c9DICOS DE CATAMARCA<\/div>\n<\/div>\n\n\n","protected":false},"excerpt":{"rendered":"<p>advierte ante las m\u00e1ximas autoridades sanitarias nacionales la preocupaci\u00f3n mancomunada de los Colegios M\u00e9dicos asociados sobre la proliferaci\u00f3n y descontrol de la promoci\u00f3n y venta libre de f\u00e1rmacos a trav\u00e9s de medios audiovisuales. \u00a0 En este marco ponemos la estructura nacional de CONFEMECO para el asesoramiento y control de esta pr\u00e1ctica nociva para la Salud [&hellip;]<\/p>\n","protected":false},"author":2,"featured_media":0,"comment_status":"closed","ping_status":"closed","sticky":false,"template":"","format":"standard","meta":{"_joinchat":[],"footnotes":""},"categories":[1],"tags":[],"class_list":["post-4257","post","type-post","status-publish","format-standard","hentry","category-noticias"],"_links":{"self":[{"href":"https:\/\/colegiomedicocat.com.ar\/med\/wp-json\/wp\/v2\/posts\/4257","targetHints":{"allow":["GET"]}}],"collection":[{"href":"https:\/\/colegiomedicocat.com.ar\/med\/wp-json\/wp\/v2\/posts"}],"about":[{"href":"https:\/\/colegiomedicocat.com.ar\/med\/wp-json\/wp\/v2\/types\/post"}],"author":[{"embeddable":true,"href":"https:\/\/colegiomedicocat.com.ar\/med\/wp-json\/wp\/v2\/users\/2"}],"replies":[{"embeddable":true,"href":"https:\/\/colegiomedicocat.com.ar\/med\/wp-json\/wp\/v2\/comments?post=4257"}],"version-history":[{"count":1,"href":"https:\/\/colegiomedicocat.com.ar\/med\/wp-json\/wp\/v2\/posts\/4257\/revisions"}],"predecessor-version":[{"id":4258,"href":"https:\/\/colegiomedicocat.com.ar\/med\/wp-json\/wp\/v2\/posts\/4257\/revisions\/4258"}],"wp:attachment":[{"href":"https:\/\/colegiomedicocat.com.ar\/med\/wp-json\/wp\/v2\/media?parent=4257"}],"wp:term":[{"taxonomy":"category","embeddable":true,"href":"https:\/\/colegiomedicocat.com.ar\/med\/wp-json\/wp\/v2\/categories?post=4257"},{"taxonomy":"post_tag","embeddable":true,"href":"https:\/\/colegiomedicocat.com.ar\/med\/wp-json\/wp\/v2\/tags?post=4257"}],"curies":[{"name":"wp","href":"https:\/\/api.w.org\/{rel}","templated":true}]}}