{"id":4259,"date":"2022-05-19T14:06:01","date_gmt":"2022-05-19T14:06:01","guid":{"rendered":"https:\/\/colegiomedicocat.com.ar\/med\/?p=4259"},"modified":"2022-05-19T14:06:02","modified_gmt":"2022-05-19T14:06:02","slug":"dia-del-medico-de-familia","status":"publish","type":"post","link":"https:\/\/colegiomedicocat.com.ar\/med\/dia-del-medico-de-familia\/","title":{"rendered":"D\u00cdA DEL M\u00c9DICO DE FAMILIA"},"content":{"rendered":"\n<p>Este 19 de Mayo se celebra el D\u00eda Mundial del M\u00e9dico de Familia. Desde el a\u00f1o 2010, la Organizaci\u00f3n Mundial de M\u00e9dicos de Familia (WONCA), promueve la celebraci\u00f3n de este d\u00eda como reconocimiento a la importancia de los m\u00e9dicos de familia en la atenci\u00f3n de salud a toda la poblaci\u00f3n.<\/p>\n\n\n\n<figure class=\"wp-block-image size-full\"><a href=\"https:\/\/colegiomedicocat.com.ar\/med\/wp-content\/uploads\/2022\/05\/280755784_5454080217958802_4565928441872031962_n.jpg\"><img fetchpriority=\"high\" decoding=\"async\" width=\"790\" height=\"503\" src=\"https:\/\/colegiomedicocat.com.ar\/med\/wp-content\/uploads\/2022\/05\/280755784_5454080217958802_4565928441872031962_n.jpg\" alt=\"\" class=\"wp-image-4260\" srcset=\"https:\/\/colegiomedicocat.com.ar\/med\/wp-content\/uploads\/2022\/05\/280755784_5454080217958802_4565928441872031962_n.jpg 790w, https:\/\/colegiomedicocat.com.ar\/med\/wp-content\/uploads\/2022\/05\/280755784_5454080217958802_4565928441872031962_n-300x191.jpg 300w, https:\/\/colegiomedicocat.com.ar\/med\/wp-content\/uploads\/2022\/05\/280755784_5454080217958802_4565928441872031962_n-768x489.jpg 768w, https:\/\/colegiomedicocat.com.ar\/med\/wp-content\/uploads\/2022\/05\/280755784_5454080217958802_4565928441872031962_n-750x478.jpg 750w\" sizes=\"(max-width: 790px) 100vw, 790px\" \/><\/a><\/figure>\n\n\n\n<p>El D\u00eda Mundial del M\u00e9dico Familiar busca rendir homenaje al m\u00e9dico de la familia y resaltar la importancia del papel que juega dentro de los sistemas de salud en todo el mundo.Hacemos extensivo nuestro saludo a los Colegiados M\u00e9dicos de Familia y Comunitarios.<\/p>\n\n\n\n<p>CONSEJO<strong> DIRECTIVO COLEGIO DE M\u00c9DICOS DE CATAMARCA<\/strong><\/p>\n","protected":false},"excerpt":{"rendered":"<p>Este 19 de Mayo se celebra el D\u00eda Mundial del M\u00e9dico de Familia. Desde el a\u00f1o 2010, la Organizaci\u00f3n Mundial de M\u00e9dicos de Familia (WONCA), promueve la celebraci\u00f3n de este d\u00eda como reconocimiento a la importancia de los m\u00e9dicos de familia en la atenci\u00f3n de salud a toda la poblaci\u00f3n. El D\u00eda Mundial del M\u00e9dico [&hellip;]<\/p>\n","protected":false},"author":2,"featured_media":0,"comment_status":"closed","ping_status":"closed","sticky":false,"template":"","format":"standard","meta":{"_joinchat":[],"footnotes":""},"categories":[1],"tags":[],"class_list":["post-4259","post","type-post","status-publish","format-standard","hentry","category-noticias"],"_links":{"self":[{"href":"https:\/\/colegiomedicocat.com.ar\/med\/wp-json\/wp\/v2\/posts\/4259","targetHints":{"allow":["GET"]}}],"collection":[{"href":"https:\/\/colegiomedicocat.com.ar\/med\/wp-json\/wp\/v2\/posts"}],"about":[{"href":"https:\/\/colegiomedicocat.com.ar\/med\/wp-json\/wp\/v2\/types\/post"}],"author":[{"embeddable":true,"href":"https:\/\/colegiomedicocat.com.ar\/med\/wp-json\/wp\/v2\/users\/2"}],"replies":[{"embeddable":true,"href":"https:\/\/colegiomedicocat.com.ar\/med\/wp-json\/wp\/v2\/comments?post=4259"}],"version-history":[{"count":1,"href":"https:\/\/colegiomedicocat.com.ar\/med\/wp-json\/wp\/v2\/posts\/4259\/revisions"}],"predecessor-version":[{"id":4261,"href":"https:\/\/colegiomedicocat.com.ar\/med\/wp-json\/wp\/v2\/posts\/4259\/revisions\/4261"}],"wp:attachment":[{"href":"https:\/\/colegiomedicocat.com.ar\/med\/wp-json\/wp\/v2\/media?parent=4259"}],"wp:term":[{"taxonomy":"category","embeddable":true,"href":"https:\/\/colegiomedicocat.com.ar\/med\/wp-json\/wp\/v2\/categories?post=4259"},{"taxonomy":"post_tag","embeddable":true,"href":"https:\/\/colegiomedicocat.com.ar\/med\/wp-json\/wp\/v2\/tags?post=4259"}],"curies":[{"name":"wp","href":"https:\/\/api.w.org\/{rel}","templated":true}]}}