{"id":4378,"date":"2022-07-18T20:39:05","date_gmt":"2022-07-18T20:39:05","guid":{"rendered":"https:\/\/colegiomedicocat.com.ar\/med\/?p=4378"},"modified":"2022-07-18T20:39:05","modified_gmt":"2022-07-18T20:39:05","slug":"absoluta-tristeza","status":"publish","type":"post","link":"https:\/\/colegiomedicocat.com.ar\/med\/absoluta-tristeza\/","title":{"rendered":"ABSOLUTA TRISTEZA"},"content":{"rendered":"\n<div class=\"kvgmc6g5 cxmmr5t8 oygrvhab hcukyx3x c1et5uql ii04i59q\">\n<div dir=\"auto\">\u00a0<\/div>\n<\/div>\n<div class=\"cxmmr5t8 oygrvhab hcukyx3x c1et5uql o9v6fnle ii04i59q\">\n<div dir=\"auto\">En el d\u00eda de ayer nos toc\u00f3 despedir al Dr. Angel Ricardo Barroso, pr\u00f3cer de la medicina del interior.<img fetchpriority=\"high\" decoding=\"async\" class=\"alignright\" src=\"https:\/\/scontent.fctc1-1.fna.fbcdn.net\/v\/t39.30808-6\/293459951_5627690523931103_5786638902862210970_n.jpg?_nc_cat=110&amp;ccb=1-7&amp;_nc_sid=8bfeb9&amp;_nc_ohc=lu7eNIH2cVEAX_Ni6Jh&amp;_nc_ht=scontent.fctc1-1.fna&amp;oh=00_AT-DWwabzLcHDGc0xJ5V6WgDuThdh7o6BrQxKpxhJrLPmA&amp;oe=62DAC408\" alt=\"Puede ser una imagen de 2 personas y personas de pie\" width=\"388\" height=\"388\" \/><\/div>\n<\/div>\n<div class=\"cxmmr5t8 oygrvhab hcukyx3x c1et5uql o9v6fnle ii04i59q\">\n<div dir=\"auto\">Se recibi\u00f3 de M\u00e9dico en la Universidad Nacional de C\u00f3rdoba en el a\u00f1os 1969.<\/div>\n<\/div>\n<div class=\"cxmmr5t8 oygrvhab hcukyx3x c1et5uql o9v6fnle ii04i59q\">\n<div dir=\"auto\">Ingres\u00f3 al Hospital de Bel\u00e9n en el a\u00f1o 1971, realizando la atenci\u00f3n m\u00e9dica de todo el departamento, siendo nombrado Jefe de Radiolog\u00eda en el a\u00f1o 1972.<\/div>\n<div dir=\"auto\">\u00a0<\/div>\n<\/div>\n<div class=\"cxmmr5t8 oygrvhab hcukyx3x c1et5uql o9v6fnle ii04i59q\">\n<div dir=\"auto\">En 1974 fue nombrado Jefe de Cardiolog\u00eda del mismo Hospital, siendo a posterior Jefe de Departamento, Director del Hospital y Jefe de \u00c1rea Program\u00e1tica.<\/div>\n<div dir=\"auto\">\u00a0<\/div>\n<\/div>\n<div class=\"cxmmr5t8 oygrvhab hcukyx3x c1et5uql o9v6fnle ii04i59q\">\n<div dir=\"auto\">En el a\u00f1o 2010 la Municipalidad de la Ciudad de Bel\u00e9n lo distingui\u00f3 con el t\u00edtulo de &#8220;CIUDADANO ILUSTRE&#8221; como premio a su trayectoria m\u00e9dica e investigaci\u00f3n en beneficio de su Comunidad.<\/div>\n<\/div>\n<div class=\"cxmmr5t8 oygrvhab hcukyx3x c1et5uql o9v6fnle ii04i59q\">\n<div dir=\"auto\">En el a\u00f1o 2017 fue inaugurada una Posta Sanitaria a nombre de &#8220;Angel Ricardo Barroso&#8221; en el barrio La Puntilla de la Ciudad de Bel\u00e9n.<\/div>\n<div dir=\"auto\">\u00a0<\/div>\n<\/div>\n<div class=\"cxmmr5t8 oygrvhab hcukyx3x c1et5uql o9v6fnle ii04i59q\">\n<div dir=\"auto\">Acompa\u00f1amos a su familia en este momento dif\u00edcil y enaltecemos su trayectoria m\u00e9dica como un ejemplo del beneficio de un M\u00c9DICO COMPROMETIDO con su Comunidad.<\/div>\n<\/div>\n<div class=\"cxmmr5t8 oygrvhab hcukyx3x c1et5uql o9v6fnle ii04i59q\">\n<div dir=\"auto\">El Colegio de M\u00e9dicos de Catamarca se muestra entristecido con la p\u00e9rdida de este Colegiado irremplazable, y deseamos reflejarnos en su obra, como ejemplo de todo lo bueno que podemos hacer con nuestra profesi\u00f3n.<\/div>\n<div dir=\"auto\">\u00a0<\/div>\n<\/div>\n<div class=\"cxmmr5t8 oygrvhab hcukyx3x c1et5uql o9v6fnle ii04i59q\">\n<div dir=\"auto\"><strong>CONSEJO DIRECTIVO<\/strong><\/div>\n<div dir=\"auto\"><strong>COLEGIO DE M\u00c9DICOS DE CATAMARCA<\/strong><\/div>\n<\/div>\n","protected":false},"excerpt":{"rendered":"<p>\u00a0 En el d\u00eda de ayer nos toc\u00f3 despedir al Dr. Angel Ricardo Barroso, pr\u00f3cer de la medicina del interior. Se recibi\u00f3 de M\u00e9dico en la Universidad Nacional de C\u00f3rdoba en el a\u00f1os 1969. Ingres\u00f3 al Hospital de Bel\u00e9n en el a\u00f1o 1971, realizando la atenci\u00f3n m\u00e9dica de todo el departamento, siendo nombrado Jefe de [&hellip;]<\/p>\n","protected":false},"author":2,"featured_media":0,"comment_status":"closed","ping_status":"closed","sticky":false,"template":"","format":"standard","meta":{"_joinchat":[],"footnotes":""},"categories":[1],"tags":[],"class_list":["post-4378","post","type-post","status-publish","format-standard","hentry","category-noticias"],"_links":{"self":[{"href":"https:\/\/colegiomedicocat.com.ar\/med\/wp-json\/wp\/v2\/posts\/4378","targetHints":{"allow":["GET"]}}],"collection":[{"href":"https:\/\/colegiomedicocat.com.ar\/med\/wp-json\/wp\/v2\/posts"}],"about":[{"href":"https:\/\/colegiomedicocat.com.ar\/med\/wp-json\/wp\/v2\/types\/post"}],"author":[{"embeddable":true,"href":"https:\/\/colegiomedicocat.com.ar\/med\/wp-json\/wp\/v2\/users\/2"}],"replies":[{"embeddable":true,"href":"https:\/\/colegiomedicocat.com.ar\/med\/wp-json\/wp\/v2\/comments?post=4378"}],"version-history":[{"count":1,"href":"https:\/\/colegiomedicocat.com.ar\/med\/wp-json\/wp\/v2\/posts\/4378\/revisions"}],"predecessor-version":[{"id":4379,"href":"https:\/\/colegiomedicocat.com.ar\/med\/wp-json\/wp\/v2\/posts\/4378\/revisions\/4379"}],"wp:attachment":[{"href":"https:\/\/colegiomedicocat.com.ar\/med\/wp-json\/wp\/v2\/media?parent=4378"}],"wp:term":[{"taxonomy":"category","embeddable":true,"href":"https:\/\/colegiomedicocat.com.ar\/med\/wp-json\/wp\/v2\/categories?post=4378"},{"taxonomy":"post_tag","embeddable":true,"href":"https:\/\/colegiomedicocat.com.ar\/med\/wp-json\/wp\/v2\/tags?post=4378"}],"curies":[{"name":"wp","href":"https:\/\/api.w.org\/{rel}","templated":true}]}}