{"id":4380,"date":"2022-07-18T20:42:53","date_gmt":"2022-07-18T20:42:53","guid":{"rendered":"https:\/\/colegiomedicocat.com.ar\/med\/?p=4380"},"modified":"2022-07-18T20:42:53","modified_gmt":"2022-07-18T20:42:53","slug":"reconocimiento-a-la-trayectoria","status":"publish","type":"post","link":"https:\/\/colegiomedicocat.com.ar\/med\/reconocimiento-a-la-trayectoria\/","title":{"rendered":"Reconocimiento a la Trayectoria"},"content":{"rendered":"\n<div class=\"kvgmc6g5 cxmmr5t8 oygrvhab hcukyx3x c1et5uql ii04i59q\">\n<div dir=\"auto\">El \u00faltimo D\u00eda del M\u00e9dico se realiz\u00f3 un reconocimiento a la TRAYECTORIA al Dr Angel Ricardo Barroso por el Colegio de M\u00e9dicos de Catamarca.<\/div>\n<div dir=\"auto\">\u00a0<\/div>\n<\/div>\n<div class=\"cxmmr5t8 oygrvhab hcukyx3x c1et5uql o9v6fnle ii04i59q\">\n<div dir=\"auto\">En el Acto Conmemorativo del 3 de Diciembre, contamos con su presencia acompa\u00f1ado por su familia.<\/div>\n<\/div>\n<div class=\"cxmmr5t8 oygrvhab hcukyx3x c1et5uql o9v6fnle ii04i59q\">\n<div dir=\"auto\">Recibi\u00f3 el caluroso aplauso y admiraci\u00f3n de la Comunidad M\u00e9dica.<\/div>\n<\/div>\n<div dir=\"auto\">\u00a0<\/div>\n<div dir=\"auto\">\n<div style=\"width: 426px;\" class=\"wp-video\"><video class=\"wp-video-shortcode\" id=\"video-4380-1\" width=\"426\" height=\"234\" preload=\"metadata\" controls=\"controls\"><source type=\"video\/mp4\" src=\"http:\/\/colegiomedicocat.com.ar\/med\/wp-content\/uploads\/2022\/07\/294247195_762007858169036_2648142740411766743_n.mp4?_=1\" \/><a href=\"http:\/\/colegiomedicocat.com.ar\/med\/wp-content\/uploads\/2022\/07\/294247195_762007858169036_2648142740411766743_n.mp4\">http:\/\/colegiomedicocat.com.ar\/med\/wp-content\/uploads\/2022\/07\/294247195_762007858169036_2648142740411766743_n.mp4<\/a><\/video><\/div>\n<\/div>\n<div class=\"cxmmr5t8 oygrvhab hcukyx3x c1et5uql o9v6fnle ii04i59q\">\n<div dir=\"auto\">CONSEJO DIRECTIVO<\/div>\n<div dir=\"auto\">COLEGIO DE M\u00c9DICOS DE CATAMARCA<\/div>\n<\/div>\n","protected":false},"excerpt":{"rendered":"<p>El \u00faltimo D\u00eda del M\u00e9dico se realiz\u00f3 un reconocimiento a la TRAYECTORIA al Dr Angel Ricardo Barroso por el Colegio de M\u00e9dicos de Catamarca. \u00a0 En el Acto Conmemorativo del 3 de Diciembre, contamos con su presencia acompa\u00f1ado por su familia. Recibi\u00f3 el caluroso aplauso y admiraci\u00f3n de la Comunidad M\u00e9dica. \u00a0 CONSEJO DIRECTIVO COLEGIO [&hellip;]<\/p>\n","protected":false},"author":2,"featured_media":0,"comment_status":"closed","ping_status":"closed","sticky":false,"template":"","format":"standard","meta":{"_joinchat":[],"footnotes":""},"categories":[1],"tags":[],"class_list":["post-4380","post","type-post","status-publish","format-standard","hentry","category-noticias"],"_links":{"self":[{"href":"https:\/\/colegiomedicocat.com.ar\/med\/wp-json\/wp\/v2\/posts\/4380","targetHints":{"allow":["GET"]}}],"collection":[{"href":"https:\/\/colegiomedicocat.com.ar\/med\/wp-json\/wp\/v2\/posts"}],"about":[{"href":"https:\/\/colegiomedicocat.com.ar\/med\/wp-json\/wp\/v2\/types\/post"}],"author":[{"embeddable":true,"href":"https:\/\/colegiomedicocat.com.ar\/med\/wp-json\/wp\/v2\/users\/2"}],"replies":[{"embeddable":true,"href":"https:\/\/colegiomedicocat.com.ar\/med\/wp-json\/wp\/v2\/comments?post=4380"}],"version-history":[{"count":1,"href":"https:\/\/colegiomedicocat.com.ar\/med\/wp-json\/wp\/v2\/posts\/4380\/revisions"}],"predecessor-version":[{"id":4382,"href":"https:\/\/colegiomedicocat.com.ar\/med\/wp-json\/wp\/v2\/posts\/4380\/revisions\/4382"}],"wp:attachment":[{"href":"https:\/\/colegiomedicocat.com.ar\/med\/wp-json\/wp\/v2\/media?parent=4380"}],"wp:term":[{"taxonomy":"category","embeddable":true,"href":"https:\/\/colegiomedicocat.com.ar\/med\/wp-json\/wp\/v2\/categories?post=4380"},{"taxonomy":"post_tag","embeddable":true,"href":"https:\/\/colegiomedicocat.com.ar\/med\/wp-json\/wp\/v2\/tags?post=4380"}],"curies":[{"name":"wp","href":"https:\/\/api.w.org\/{rel}","templated":true}]}}