{"id":4385,"date":"2022-07-20T12:11:00","date_gmt":"2022-07-20T12:11:00","guid":{"rendered":"https:\/\/colegiomedicocat.com.ar\/med\/?p=4385"},"modified":"2022-07-20T12:13:28","modified_gmt":"2022-07-20T12:13:28","slug":"la-crisis-de-la-salud","status":"publish","type":"post","link":"https:\/\/colegiomedicocat.com.ar\/med\/la-crisis-de-la-salud\/","title":{"rendered":"LA CRISIS DE LA SALUD"},"content":{"rendered":"\n<p>\u00a0<\/p>\n<p>El an\u00e1lisis de la Crisis en Salud merece un trato especial, con altura, seriedad y responsabilidad.<\/p>\n<p>Es que se trata de uno de los pilares que toda sociedad necesita para poder desarrollarse.<\/p>\n<p>Junto a la Educacion y la seguridad es hoy uno de los valores m\u00e1s preciados por cada habitante.<a href=\"http:\/\/colegiomedicocat.com.ar\/med\/wp-content\/uploads\/2022\/07\/FB_IMG_1658319120204.jpg\"><img fetchpriority=\"high\" decoding=\"async\" class=\"size-medium wp-image-4387 alignright\" src=\"http:\/\/colegiomedicocat.com.ar\/med\/wp-content\/uploads\/2022\/07\/FB_IMG_1658319120204-300x300.jpg\" alt=\"\" width=\"300\" height=\"300\" srcset=\"https:\/\/colegiomedicocat.com.ar\/med\/wp-content\/uploads\/2022\/07\/FB_IMG_1658319120204-300x300.jpg 300w, https:\/\/colegiomedicocat.com.ar\/med\/wp-content\/uploads\/2022\/07\/FB_IMG_1658319120204-150x150.jpg 150w, https:\/\/colegiomedicocat.com.ar\/med\/wp-content\/uploads\/2022\/07\/FB_IMG_1658319120204.jpg 400w\" sizes=\"(max-width: 300px) 100vw, 300px\" \/><\/a><\/p>\n<p>Tratar los problemas relacionados a la Salud, es meterse de una vez por toda, en un an\u00e1lisis con aristas m\u00faltiples.<\/p>\n<p>Autoridades y poblaci\u00f3n deben conocer, entender esta realidad.<\/p>\n<p>Nos toca hablar del Recurso Humano, transversal a todo el Equipo de Salud y que es solo una parte de una POLITICA DE SALUD EQUIVOCADA. Y es real que debemos encontrar una soluci\u00f3n definitiva.<\/p>\n<p>Si de Salud hablamos, debemos sincerarnos todos.<\/p>\n<p>Lo expuesto en este documento carece de postura pol\u00edtica o gremial. No somos eso.<\/p>\n<p>SOMOS M\u00c9DICOS.<\/p>\n<p>Somos un Colegio Profesional como tantos y representamos a colegas que atraviesan una realidad preocupante y largamente postergada.<\/p>\n<p>El 17 de Junio de 2022 nos hemos referido a lo planteado por Pediatras del Hospital de Ni\u00f1os, motivados por problemas similares a los que hoy ya se exponen por todas las especialidades e Instituciones P\u00fablicas.<\/p>\n<p>Reclamo que aun est\u00e1 sin respuesta efectiva, a pesar de reuniones y promesas.<\/p>\n<p>Nos pusimos a disposici\u00f3n para integrar equipos y mejorar esa situaci\u00f3n.<\/p>\n<p>LA SALUD NO ES LA PRIMERA OPCI\u00d3N, est\u00e1 claro.<\/p>\n<p>Se percibe gran malestar, descontento, no solo por el reclamo salarial, sino por sentir que poco importa la Salud de la poblaci\u00f3n. Le llamamos \u201ccrisis\u201d, Emergencia Sanitaria\u201d, \u201cAlarma\u201d, etc&#8230; y no son sin\u00f3nimos, pero claramente expresan una preocupaci\u00f3n en profesionales m\u00e9dicos y no m\u00e9dicos del Equipo de Salud, sin diferencias de Instituciones o \u00e1reas geogr\u00e1ficas.<\/p>\n<p>El Recurso Humano en Salud atraviesa una grave Crisis, multifactorial, descuidos y desatenciones.<\/p>\n<p>Hoy situados en Asambleas, con quite de colaboraci\u00f3n, garantizando siempre la atenci\u00f3n de urgencias, emergencias e internados en todos los hospitales, pero que podr\u00eda evitarse.<\/p>\n<p>La postergaci\u00f3n de los reclamos parece llegar a un l\u00edmite, sin dudar son reclamos genuinos y justos, m\u00e1s notorios en el sector p\u00fablico y m\u00e1s a\u00fan en el devastado interior provincial, al que solo se quiso llegar con alguna infraestructura y edificios que hoy est\u00e1n sin quienes puedan conducirlos por la falta de Personal.<\/p>\n<p>Pretendemos llegar a las autoridades por este medio, luego de haber agotado los carriles naturales institucionales; fueron muchas notas, pedidos de reuni\u00f3n, propuestas presentadas y gestiones realizadas, sin la respuesta efectiva, y que hizo que, como un volc\u00e1n esto llegara a la realidad actual, y que cada trabajador de salud desborde y diga BASTA.<\/p>\n<p>Las llamadas soluciones fueron siempre a cuentas gotas, parciales y en parches.<\/p>\n<p>Hablar de Reclamos no es solo buscar la justa recomposici\u00f3n salarial, ingresos sin ser reconocidos por largo tiempo , hoy por debajo de la Canasta B\u00e1sica Total (CBT) tipo 2, seg\u00fan el INDEC, que en Junio del 2022 es de 99 mil pesos. O el ajuste de la hora de guardia, siempre por debajo del m\u00ednimo \u00e9tico propuesto. O del injusto trabajo en horario nocturno y feriados, que a diferencia de cualquier trabajo no se cobra como tal, como dice la ley laboral vigente.<\/p>\n<p>No es solo buscar revertir las guardias de 24 hs, figura caduca en todo sistema de salud que solo potencia el cansancio y el error, y aqu\u00ed se sigue haciendo por el escaso recurso, y fundamentalmente por la necesidad de acercarse a una remuneraci\u00f3n digna.<\/p>\n<p>Hablar de Reclamos no es solo observar que los \u201d\u00edtems no remunerativos\u201d en los recibos de sueldo, son los que no forman parte de los aportes para que un empleado de la salud de Catamarca tenga una futura jubilaci\u00f3n.<\/p>\n<p>Algo tan b\u00e1sico como natural.<\/p>\n<p>As\u00ed nunca se llega al 80 % m\u00f3vil y se debe calificar en Agap para poder cobrar lo justo que marca la ley. Una real verg\u00fcenza\u2026 El estado tambi\u00e9n es un empleador irregular.<br \/>Hablar de Reclamos no es solo entender que el Impuesto a las Ganancias (solo exceptuado por cortos meses, y como una dadiva demag\u00f3gica en plena pandemia) actualmente se come el salario de cada m\u00e9dico, de cada trabajador, que en guardias, contratos o planta ejerce su profesi\u00f3n y se ve potenciado en \u00e9poca de aguinaldos.<\/p>\n<p>Nadie se sincera que Salario no es Ganancia, es Remuneraci\u00f3n por un trabajo. Es un Sueldo.<\/p>\n<p>Hablar de Reclamos tambi\u00e9n es no entender como un gobierno promulgo una Ley de Carrera Sanitaria hace varios a\u00f1os y actualmente no est\u00e1 reglamentada, o reglamentada pero no se cumple en la pr\u00e1ctica.<\/p>\n<p>Es un llamado a las autoridades que les corresponda responder de inmediato, y entender que si se quiere dar soluciones s\u00f3lidas y definitivas se debe cumplir esta Ley. Algo ocurre.<\/p>\n<p>Un Reclamo particular es el referido a \u201dResponsabilidad Profesional M\u00e9dico\u201d, planteado y gestionado muchas veces desde este Colegio junto al gestor el med Abel Ter\u00e1n, a autoridades y sin respuesta a la fecha.<\/p>\n<p>Entender este punto es reconocer la responsabilidad que el medico tiene ante las decisiones durante todo el proceso de atenci\u00f3n de un paciente como responsable m\u00e1ximo dentro del Equipo de Salud.<\/p>\n<p>Hablar de Reclamos es que nunca se entendi\u00f3 que \u201dla Salud toda\u201d es un \u00e1rea especial. Es un \u00e1rea Cr\u00edtica hoy por hoy, y no es solo reconocer a \u201calgunas\u201d especialidades.<\/p>\n<p>Esto solo llevo a callar reclamos por un tiempo, a ser parcial a profundizar grietas en profesionales.<\/p>\n<p>Hoy Todas las Especialidades deben ser reconocidas por igual. Hoy es cr\u00edtico el n\u00famero de cl\u00ednicos formados como de terapistas o anestesistas, es cr\u00edtico el n\u00famero de pediatras como de traumat\u00f3logos en una guardia o en la planta, y as\u00ed tantas especialidades m\u00e1s.<\/p>\n<p>La realidad de la Crisis Sanitaria ya dejo de golpear la puerta, ya est\u00e1 dentro de cada profesional, dentro de cada Instituci\u00f3n p\u00fablica y privada, donde reina el politrabajo y la falta de sinceramiento inmerso en un Pol\u00edtica de salud irreal, que no est\u00e1 a la altura de sostener tan importante valor de cualquier sociedad.<\/p>\n<p>Hubo y hay dedicaci\u00f3n continua, constante, desinteresada y con alta exposici\u00f3n a situaciones l\u00edmites como la actual pandemia, la vocaci\u00f3n y la entrega no fue solo en covid, ocurri\u00f3 en TBC,HIV, Gripe A, Gripe porcina; Gripe aviar, Hepatitis o Viruela S\u00edmica.<\/p>\n<p>Siempre presente cada m\u00e9dico y cada integrante del Equipo de Salud.<\/p>\n<p>No se quiere m\u00e1s aplausos ni arreglos de oportunidad.<\/p>\n<p>S\u00ed soluciones de fondo, sinceras y de la mano de un cambio en la Pol\u00edtica de Salud. Se requiere un urgente tratamiento. Una Urgente Soluci\u00f3n.<\/p>\n<p>Nuestros m\u00e9dicos y medicas viven de su profesi\u00f3n, de lo que estudiaron y se prepararon, detr\u00e1s de ellos hay una familia que sostener, que vive, estudia se alimenta, paga sus impuestos. Esta el honor y privilegio de cuidar la salud de la poblaci\u00f3n, pero se vive del trabajo.<\/p>\n<p>La medicina requier, como ya se dijo de actualizaci\u00f3n continua, estudiar permanente, peri\u00f3dicamente demostrar su idoneidad en recertificaciones de pr\u00e1cticas y especialidades, no solo con trabajo diario, sino con cursos y capacitaciones continuas.<\/p>\n<p>Debemos asegurar nuestro trabajo pues la mirada cada vez es m\u00e1s aguda en una profesi\u00f3n que no es exacta y que muchas veces, sino todas, unas complicaciones o la evoluci\u00f3n natural o una reacci\u00f3n adversa descripta, es interpretada con mala praxis. lo sabemos y lo asumimos. Pero exigimos nuestros derechos.<\/p>\n<p>De igual manera se est\u00e1 presente siempre, en cada guardia, en cada caps o en cada hospital, en una ambulancia o en un consultorio, en cada rinc\u00f3n de nuestra provincia.<\/p>\n<p>El Interior tambi\u00e9n vive esta realidad, tal vez m\u00e1s profunda, con falta de pol\u00edticas de inserci\u00f3n de profesionales como ya se dijo, con falta de nombramientos, con edificios o equipos m\u00e9dicos sin personal, promesas incumplidas en cuanto al Recurso Humano, se sufre el d\u00e9ficit cr\u00f3nico o recambio generacional de personal m\u00e9dico.<br \/><br \/>All\u00ed se convive con m\u00e9dicos de larga trayectoria que contin\u00faan de guardias eternas por ser personal \u00fanico en muchas localidades.<\/p>\n<p>M\u00e9dicos Residentes que llegan a rotar dentro de una programaci\u00f3n irregular o no adecuada.<\/p>\n<p>Para finalizar hablar de Reclamos es visibilizar esta realidad, la asimetr\u00eda se ve en los recibos de sueldo de un profesional con m\u00e1s de 10 a\u00f1os de preparaci\u00f3n, que cobra menos o al l\u00edmite del \u00edndice de pobreza.<\/p>\n<p>Ni hablar comparar con otras profesiones.<\/p>\n<p>Debemos buscar entre todos un trato de estos temas de manera Urgente, con respeto y altura, que cada integrante de esa mesa de acuerdos piense que est\u00e1 en juego \u201cla Salud de SU poblaci\u00f3n\u201d, de SU familia al fin, de ellos mismos alg\u00fan d\u00eda. <br \/>&#8220;La Salud\u201d es el bien mayor que cada habitante, lo dijimos, y se vivi\u00f3 en carne propia cuando esta pandemia enfermo gravemente o nos quit\u00f3 un familiar o un amigo. Un aplauso para reconocer ese trabajo incansable no fue ni es es suficiente.<\/p>\n<p>Es el momento de que nos pongamos los\u201d pantalones largos\u201d y busquemos soluciones definitivas, solidas, para que m\u00e9dicos y m\u00e9dicas, y extensivo a todo el Equipo de Salud salgan de esta postergaci\u00f3n eterna.<\/p>\n<p>Sostenemos que un Estado que descuida la Salud (sin pol\u00edticas de Salud acordes), la Educaci\u00f3n y la Seguridad, estar\u00e1 cada vez m\u00e1s relegado.<\/p>\n<p>Estamos a a disposici\u00f3n para buscar una soluci\u00f3n. Las autoridades tienen la palabra final.<\/p>\n<p>Julio 2022<\/p>\n<p>CONSEJO DIRECTIVO<br \/>COLEGIO DE M\u00c9DICOS DE CATAMARCA<\/p>\n","protected":false},"excerpt":{"rendered":"<p>\u00a0 El an\u00e1lisis de la Crisis en Salud merece un trato especial, con altura, seriedad y responsabilidad. Es que se trata de uno de los pilares que toda sociedad necesita para poder desarrollarse. Junto a la Educacion y la seguridad es hoy uno de los valores m\u00e1s preciados por cada habitante. Tratar los problemas relacionados [&hellip;]<\/p>\n","protected":false},"author":2,"featured_media":4387,"comment_status":"closed","ping_status":"closed","sticky":false,"template":"","format":"standard","meta":{"_joinchat":[],"footnotes":""},"categories":[9,1],"tags":[],"class_list":["post-4385","post","type-post","status-publish","format-standard","has-post-thumbnail","hentry","category-diapositivas","category-noticias"],"_links":{"self":[{"href":"https:\/\/colegiomedicocat.com.ar\/med\/wp-json\/wp\/v2\/posts\/4385","targetHints":{"allow":["GET"]}}],"collection":[{"href":"https:\/\/colegiomedicocat.com.ar\/med\/wp-json\/wp\/v2\/posts"}],"about":[{"href":"https:\/\/colegiomedicocat.com.ar\/med\/wp-json\/wp\/v2\/types\/post"}],"author":[{"embeddable":true,"href":"https:\/\/colegiomedicocat.com.ar\/med\/wp-json\/wp\/v2\/users\/2"}],"replies":[{"embeddable":true,"href":"https:\/\/colegiomedicocat.com.ar\/med\/wp-json\/wp\/v2\/comments?post=4385"}],"version-history":[{"count":3,"href":"https:\/\/colegiomedicocat.com.ar\/med\/wp-json\/wp\/v2\/posts\/4385\/revisions"}],"predecessor-version":[{"id":4389,"href":"https:\/\/colegiomedicocat.com.ar\/med\/wp-json\/wp\/v2\/posts\/4385\/revisions\/4389"}],"wp:featuredmedia":[{"embeddable":true,"href":"https:\/\/colegiomedicocat.com.ar\/med\/wp-json\/wp\/v2\/media\/4387"}],"wp:attachment":[{"href":"https:\/\/colegiomedicocat.com.ar\/med\/wp-json\/wp\/v2\/media?parent=4385"}],"wp:term":[{"taxonomy":"category","embeddable":true,"href":"https:\/\/colegiomedicocat.com.ar\/med\/wp-json\/wp\/v2\/categories?post=4385"},{"taxonomy":"post_tag","embeddable":true,"href":"https:\/\/colegiomedicocat.com.ar\/med\/wp-json\/wp\/v2\/tags?post=4385"}],"curies":[{"name":"wp","href":"https:\/\/api.w.org\/{rel}","templated":true}]}}