{"id":4404,"date":"2022-07-26T13:39:09","date_gmt":"2022-07-26T13:39:09","guid":{"rendered":"https:\/\/colegiomedicocat.com.ar\/med\/?p=4404"},"modified":"2022-07-26T13:39:10","modified_gmt":"2022-07-26T13:39:10","slug":"importante-2-2","status":"publish","type":"post","link":"https:\/\/colegiomedicocat.com.ar\/med\/importante-2-2\/","title":{"rendered":"IMPORTANTE 2"},"content":{"rendered":"\n<p><br \/><br \/>El d\u00eda Jueves 28 de Julio a las 21 horas y continuando con la conmemoraci\u00f3n del D\u00cdA MUNDIAL CONTRA LA HEPATITIS se realizar\u00e1 una Jornada Virtual.<br \/><br \/>TEMAS<br \/><br \/>\u25cb Generalidades Dra Carolina Oyola.<br \/>\u25cb Hepatitis Virales Dr. Ignacio D&#8217;Angelo.<br \/>\u25cb Vacunaci\u00f3n Dr. Mario Bulacios.<br \/><br \/>Dirigido al PERSONAL DE SALUD.<br \/><br \/>LINK\u00a0<a class=\"oajrlxb2 g5ia77u1 qu0x051f esr5mh6w e9989ue4 r7d6kgcz rq0escxv nhd2j8a9 nc684nl6 p7hjln8o kvgmc6g5 cxmmr5t8 oygrvhab hcukyx3x jb3vyjys rz4wbd8a qt6c0cv9 a8nywdso i1ao9s8h esuyzwwr f1sip0of lzcic4wl gpro0wi8 py34i1dx\" tabindex=\"0\" role=\"link\" href=\"https:\/\/meet.google.com\/dsc-yiks-zmf?fbclid=IwAR1gvOU9URS2fjPqLzfTs-QXsriYjn5cxCqgFhFdCozbMXp7uquobO9M5I0\" target=\"_blank\" rel=\"nofollow noopener\">https:\/\/meet.google.com\/dsc-yiks-zmf<\/a><\/p>\n<p><img decoding=\"async\" src=\"https:\/\/scontent.firj1-1.fna.fbcdn.net\/v\/t39.30808-6\/295092529_480308394094720_57228729673117986_n.jpg?_nc_cat=107&amp;ccb=1-7&amp;_nc_sid=8bfeb9&amp;_nc_ohc=cNIPZaqkP64AX_1p6FB&amp;tn=wCwYy81L-ymHrmi-&amp;_nc_ht=scontent.firj1-1.fna&amp;oh=00_AT_bQvaUsoSWXMrJ2lc1OrcZkfojBqkgopSf9gDTd5zU7A&amp;oe=62E5C4D6\" alt=\"Puede ser una imagen de una persona y texto que dice &quot;JORNADA VIRTUAL DIA MUNDIAL CONTRA LA HEPATITIS TEMAS: .GENERALIDADES (DRA. OYOLA CAROLINA) \u2022HEPATITIS VIRALES (DR. D' ANGELO IGNACIO) VACUNACI\u00d3N (DR. BULACIOS MARIO) DIRIGIDO AL PERSONAL DE SALUD JUEVES 28\/07 21:00 Hs LINK DE ACCESO ORGANIZA HISJB Hospital Interzonal San Juan Bautista SERVICIO DE INFECTOLOGIA&quot;\" \/><br \/><br \/>CONSEJO DIRECTIVO<br \/>COLEGIO DE M\u00c9DICOS DE CATAMARCA<\/p>\n","protected":false},"excerpt":{"rendered":"<p>El d\u00eda Jueves 28 de Julio a las 21 horas y continuando con la conmemoraci\u00f3n del D\u00cdA MUNDIAL CONTRA LA HEPATITIS se realizar\u00e1 una Jornada Virtual. TEMAS \u25cb Generalidades Dra Carolina Oyola.\u25cb Hepatitis Virales Dr. Ignacio D&#8217;Angelo.\u25cb Vacunaci\u00f3n Dr. Mario Bulacios. Dirigido al PERSONAL DE SALUD. LINK\u00a0https:\/\/meet.google.com\/dsc-yiks-zmf CONSEJO DIRECTIVOCOLEGIO DE M\u00c9DICOS DE CATAMARCA<\/p>\n","protected":false},"author":2,"featured_media":0,"comment_status":"closed","ping_status":"closed","sticky":false,"template":"","format":"standard","meta":{"_joinchat":[],"footnotes":""},"categories":[1],"tags":[],"class_list":["post-4404","post","type-post","status-publish","format-standard","hentry","category-noticias"],"_links":{"self":[{"href":"https:\/\/colegiomedicocat.com.ar\/med\/wp-json\/wp\/v2\/posts\/4404","targetHints":{"allow":["GET"]}}],"collection":[{"href":"https:\/\/colegiomedicocat.com.ar\/med\/wp-json\/wp\/v2\/posts"}],"about":[{"href":"https:\/\/colegiomedicocat.com.ar\/med\/wp-json\/wp\/v2\/types\/post"}],"author":[{"embeddable":true,"href":"https:\/\/colegiomedicocat.com.ar\/med\/wp-json\/wp\/v2\/users\/2"}],"replies":[{"embeddable":true,"href":"https:\/\/colegiomedicocat.com.ar\/med\/wp-json\/wp\/v2\/comments?post=4404"}],"version-history":[{"count":1,"href":"https:\/\/colegiomedicocat.com.ar\/med\/wp-json\/wp\/v2\/posts\/4404\/revisions"}],"predecessor-version":[{"id":4405,"href":"https:\/\/colegiomedicocat.com.ar\/med\/wp-json\/wp\/v2\/posts\/4404\/revisions\/4405"}],"wp:attachment":[{"href":"https:\/\/colegiomedicocat.com.ar\/med\/wp-json\/wp\/v2\/media?parent=4404"}],"wp:term":[{"taxonomy":"category","embeddable":true,"href":"https:\/\/colegiomedicocat.com.ar\/med\/wp-json\/wp\/v2\/categories?post=4404"},{"taxonomy":"post_tag","embeddable":true,"href":"https:\/\/colegiomedicocat.com.ar\/med\/wp-json\/wp\/v2\/tags?post=4404"}],"curies":[{"name":"wp","href":"https:\/\/api.w.org\/{rel}","templated":true}]}}