{"id":4406,"date":"2022-07-26T13:40:50","date_gmt":"2022-07-26T13:40:50","guid":{"rendered":"https:\/\/colegiomedicocat.com.ar\/med\/?p=4406"},"modified":"2022-07-26T15:37:01","modified_gmt":"2022-07-26T15:37:01","slug":"especialidades-pediatricas","status":"publish","type":"post","link":"https:\/\/colegiomedicocat.com.ar\/med\/especialidades-pediatricas\/","title":{"rendered":"ESPECIALIDADES PEDIATRICAS"},"content":{"rendered":"\n<div class=\"kvgmc6g5 cxmmr5t8 oygrvhab hcukyx3x c1et5uql ii04i59q\">\n<div dir=\"auto\">La Sociedad Argentina de Pediatr\u00eda y el Colegio de M\u00e9dicos de Catamarca, informan a los colegas interesados en rendir examen de ESPECIALIDADES PEDIATRICAS que la fecha limite de inscripci\u00f3n es el 31 de julio.<\/div>\n<div dir=\"auto\">&nbsp;<\/div>\n<\/div>\n<div class=\"cxmmr5t8 oygrvhab hcukyx3x c1et5uql o9v6fnle ii04i59q\">\n<div dir=\"auto\">De acuerdo al convenio vigente, se tomar\u00e1n en Sede de nuestro Colegio los d\u00edas 28 y 29 de septiembre.<\/div>\n<div dir=\"auto\"><img decoding=\"async\" class=\"aligncenter\" src=\"https:\/\/scontent.firj1-1.fna.fbcdn.net\/v\/t39.30808-6\/294384590_480312814094278_491995330743049893_n.jpg?_nc_cat=106&amp;ccb=1-7&amp;_nc_sid=8bfeb9&amp;_nc_ohc=S1KXrnCy-mMAX-DBtMc&amp;_nc_oc=AQlzm9kHqCOlSWaztRo-Oc0Js62LQ9X_poY0RDfgSvpGOu4zqJiD0TrGF-otU2IpSkk&amp;_nc_ht=scontent.firj1-1.fna&amp;oh=00_AT_-ULrpmXsxgq0OzC9mnfk11UZacniGdXyNwYX_g--5-g&amp;oe=62E46B7B\" alt=\"No hay ninguna descripci\u00f3n de la foto disponible.\"><\/div>\n<div dir=\"auto\">&nbsp;<\/div>\n<\/div>\n<div class=\"cxmmr5t8 oygrvhab hcukyx3x c1et5uql o9v6fnle ii04i59q\">\n<div dir=\"auto\">CONSEJO DIRECTIVO<\/div>\n<div dir=\"auto\">COLEGIO DE M\u00c9DICOS DE CATAMARCA<\/div>\n<\/div>\n","protected":false},"excerpt":{"rendered":"<p>La Sociedad Argentina de Pediatr\u00eda y el Colegio de M\u00e9dicos de Catamarca, informan a los colegas interesados en rendir examen de ESPECIALIDADES PEDIATRICAS que la fecha limite de inscripci\u00f3n es el 31 de julio. &nbsp; De acuerdo al convenio vigente, se tomar\u00e1n en Sede de nuestro Colegio los d\u00edas 28 y 29 de septiembre. &nbsp; [&hellip;]<\/p>\n","protected":false},"author":2,"featured_media":0,"comment_status":"closed","ping_status":"closed","sticky":false,"template":"","format":"standard","meta":{"_joinchat":[],"footnotes":""},"categories":[1],"tags":[],"class_list":["post-4406","post","type-post","status-publish","format-standard","hentry","category-noticias"],"_links":{"self":[{"href":"https:\/\/colegiomedicocat.com.ar\/med\/wp-json\/wp\/v2\/posts\/4406","targetHints":{"allow":["GET"]}}],"collection":[{"href":"https:\/\/colegiomedicocat.com.ar\/med\/wp-json\/wp\/v2\/posts"}],"about":[{"href":"https:\/\/colegiomedicocat.com.ar\/med\/wp-json\/wp\/v2\/types\/post"}],"author":[{"embeddable":true,"href":"https:\/\/colegiomedicocat.com.ar\/med\/wp-json\/wp\/v2\/users\/2"}],"replies":[{"embeddable":true,"href":"https:\/\/colegiomedicocat.com.ar\/med\/wp-json\/wp\/v2\/comments?post=4406"}],"version-history":[{"count":2,"href":"https:\/\/colegiomedicocat.com.ar\/med\/wp-json\/wp\/v2\/posts\/4406\/revisions"}],"predecessor-version":[{"id":4408,"href":"https:\/\/colegiomedicocat.com.ar\/med\/wp-json\/wp\/v2\/posts\/4406\/revisions\/4408"}],"wp:attachment":[{"href":"https:\/\/colegiomedicocat.com.ar\/med\/wp-json\/wp\/v2\/media?parent=4406"}],"wp:term":[{"taxonomy":"category","embeddable":true,"href":"https:\/\/colegiomedicocat.com.ar\/med\/wp-json\/wp\/v2\/categories?post=4406"},{"taxonomy":"post_tag","embeddable":true,"href":"https:\/\/colegiomedicocat.com.ar\/med\/wp-json\/wp\/v2\/tags?post=4406"}],"curies":[{"name":"wp","href":"https:\/\/api.w.org\/{rel}","templated":true}]}}