{"id":4421,"date":"2022-08-16T12:20:00","date_gmt":"2022-08-16T12:20:00","guid":{"rendered":"https:\/\/colegiomedicocat.com.ar\/med\/?p=4421"},"modified":"2022-08-19T12:24:27","modified_gmt":"2022-08-19T12:24:27","slug":"crisis-sanitaria","status":"publish","type":"post","link":"https:\/\/colegiomedicocat.com.ar\/med\/crisis-sanitaria\/","title":{"rendered":"CRISIS SANITARIA"},"content":{"rendered":"\n\n\n<div>\n<div class=\"\" dir=\"auto\">\n<div id=\"jsc_c_26s\" class=\"d2hqwtrz r227ecj6 ez8dtbzv gt60zsk1\" data-ad-comet-preview=\"message\" data-ad-preview=\"message\">\n<div class=\"alzwoclg cqf1kptm siwo0mpr gu5uzgus\">\n<div class=\"jroqu855 nthtkgg5\">\n<div class=\"m8h3af8h l7ghb35v kjdc1dyq kmwttqpk gh25dzvf n3t5jt4f\">\n<div dir=\"auto\"><strong>POSTURA COLEGIO DE MEDICOS DE CATAMARCA<\/strong><\/div>\n<\/div>\n<div class=\"l7ghb35v kjdc1dyq kmwttqpk gh25dzvf jikcssrz n3t5jt4f\">\n<div dir=\"auto\"><strong>CRISIS SANITARIA<\/strong><\/div>\n<div dir=\"auto\">\u00a0<\/div>\n<\/div>\n<div class=\"l7ghb35v kjdc1dyq kmwttqpk gh25dzvf jikcssrz n3t5jt4f\">\n<div dir=\"auto\">Pasaron casi 30 d\u00edas desde el an\u00e1lisis que hicimos respecto a la Crisis estructural de la Salud en nuestra provincia, en particular en el sector p\u00fablico y especialmente con su Recurso Humano.<\/div>\n<\/div>\n<div class=\"l7ghb35v kjdc1dyq kmwttqpk gh25dzvf jikcssrz n3t5jt4f\">\n<div dir=\"auto\">Claramente fue planteada hacia toda la sociedad y autoridades, con la esperanza de tomar conciencia y as\u00ed poder revertir este camino descendente.<\/div>\n<div dir=\"auto\">\u00a0<\/div>\n<\/div>\n<div class=\"l7ghb35v kjdc1dyq kmwttqpk gh25dzvf jikcssrz n3t5jt4f\">\n<div dir=\"auto\">Poco se avanz\u00f3. Lejos estamos de soluciones de fondo.<\/div>\n<\/div>\n<div class=\"l7ghb35v kjdc1dyq kmwttqpk gh25dzvf jikcssrz n3t5jt4f\">\n<div dir=\"auto\">Estar a disposici\u00f3n siempre parece no alcanzar, ser prudentes y esperar una convocatoria para colaborar o recibir alguna respuesta oficial no es suficiente.<\/div>\n<\/div>\n<div class=\"l7ghb35v kjdc1dyq kmwttqpk gh25dzvf jikcssrz n3t5jt4f\">\n<div dir=\"auto\">Como representantes leg\u00edtimos de todos los m\u00e9dicos y m\u00e9dicas de nuestra provincia y reconociendo que no tenemos un rol gremial ni pol\u00edtico alguno; nos toca si sincerar y clarificar pensamientos, hechos concretos, ofrecer el an\u00e1lisis de cada especialidad no solo en n\u00fameros, sino en cualidades y calidades de servicio, sabiendo en primera persona lo escaso que somos en muchas localidades del interior.<\/div>\n<\/div>\n<div class=\"l7ghb35v kjdc1dyq kmwttqpk gh25dzvf jikcssrz n3t5jt4f\">\n<div dir=\"auto\">Se ofreci\u00f3 dichos listados a las Autoridades. Desconocemos con que finalidad.<\/div>\n<\/div>\n<div class=\"l7ghb35v kjdc1dyq kmwttqpk gh25dzvf jikcssrz n3t5jt4f\">\n<div dir=\"auto\">Dicho esto, queremos ratificar y establecer una Postura, basada en una evaluaci\u00f3n diagnostica.<\/div>\n<\/div>\n<div class=\"l7ghb35v kjdc1dyq kmwttqpk gh25dzvf jikcssrz n3t5jt4f\">\n<div dir=\"auto\">Esta siempre ser\u00e1 genuina y del lado de la verdad, de la cruda realidad que atraviesan las Instituciones de Salud P\u00fablica con su Personal.<\/div>\n<div dir=\"auto\">\u00a0<\/div>\n<\/div>\n<div class=\"l7ghb35v kjdc1dyq kmwttqpk gh25dzvf jikcssrz n3t5jt4f\">\n<div dir=\"auto\">El Reclamo es justo.<\/div>\n<div dir=\"auto\">\u00a0<\/div>\n<\/div>\n<div class=\"l7ghb35v kjdc1dyq kmwttqpk gh25dzvf jikcssrz n3t5jt4f\">\n<div dir=\"auto\"><strong>As\u00ed expresamos:<\/strong><\/div>\n<div dir=\"auto\">\u00a0<\/div>\n<\/div>\n<div class=\"l7ghb35v kjdc1dyq kmwttqpk gh25dzvf jikcssrz n3t5jt4f\">\n<div dir=\"auto\">\u25cf No se debe confundir Especialidad critica con Recurso Humano Insuficiente, escaso.<\/div>\n<\/div>\n<div class=\"l7ghb35v kjdc1dyq kmwttqpk gh25dzvf jikcssrz n3t5jt4f\">\n<div dir=\"auto\">La labor en salud es TODA CRITICA.<\/div>\n<\/div>\n<div class=\"l7ghb35v kjdc1dyq kmwttqpk gh25dzvf jikcssrz n3t5jt4f\">\n<div dir=\"auto\">Independientemente del \u00e1rea en que se preste un Servicio.<\/div>\n<\/div>\n<div class=\"l7ghb35v kjdc1dyq kmwttqpk gh25dzvf jikcssrz n3t5jt4f\">\n<div dir=\"auto\">Defendemos la igualdad en el trato, en los deberes, pero tambi\u00e9n en los derechos para todos los M\u00e9dicos que se desempe\u00f1an en el Sector P\u00fablico de Salud.<\/div>\n<\/div>\n<div class=\"l7ghb35v kjdc1dyq kmwttqpk gh25dzvf jikcssrz n3t5jt4f\">\n<div dir=\"auto\">La asimetr\u00eda siempre ser\u00e1 injusta y agravar\u00e1 cualquier diferencia.<\/div>\n<div dir=\"auto\">\u00a0<\/div>\n<\/div>\n<div class=\"l7ghb35v kjdc1dyq kmwttqpk gh25dzvf jikcssrz n3t5jt4f\">\n<div dir=\"auto\">\u25cf El Interior Provincial vive de manera m\u00e1s profunda este conflicto, en el documento anterior esta expresado y queremos solo reforzar y subrayar este punto tan \u00e1lgido.<\/div>\n<\/div>\n<div class=\"l7ghb35v kjdc1dyq kmwttqpk gh25dzvf jikcssrz n3t5jt4f\">\n<div dir=\"auto\">Propusimos y sostenemos que se debe trabajar, de manera, seguramente gradual, sobre los cambios en la radicaci\u00f3n de profesionales m\u00e9dicos, esto va mas all\u00e1 de un contrato o nombramiento.<\/div>\n<\/div>\n<div class=\"l7ghb35v kjdc1dyq kmwttqpk gh25dzvf jikcssrz n3t5jt4f\">\n<div dir=\"auto\">El Interior hoy sostiene lo m\u00e1s duro de la Salud P\u00fablica, desde limitaciones de infraestructura o recursos diagn\u00f3sticos y terap\u00e9uticos, muchas veces con personal \u00fanico, as\u00ed todo se brinda la atenci\u00f3n.<\/div>\n<\/div>\n<div class=\"l7ghb35v kjdc1dyq kmwttqpk gh25dzvf jikcssrz n3t5jt4f\">\n<div dir=\"auto\">El no contar con todas las especialidades b\u00e1sicas y no b\u00e1sicas, la falta de una propuestas por ejemplo un programa de itinerancia de profesionales desde los hospitales de referencia etc&#8230;, y asi reci\u00e9n llegar a la limitante que todos conocemos: Remuneraciones magras, vergonzantes, agravadas por el tope salarial y por que lo ofrecido por las guardias activas no soluciona el problema, pues en el interior provincial la gran mayor\u00eda son guardias pasivas y no han sido suficientemente aumentadas con la nueva escala salarial propuesta.<\/div>\n<\/div>\n<div class=\"l7ghb35v kjdc1dyq kmwttqpk gh25dzvf jikcssrz n3t5jt4f\">\n<div dir=\"auto\">Parece que cuesta ver que hay localidades con un solo m\u00e9dico o dos, que desarrollan su trabajo, cr\u00edtico por donde se lo vea. Con guardias que no tienen fin y el trabajo diario sin horizonte.<\/div>\n<div dir=\"auto\">\u00a0<\/div>\n<\/div>\n<div class=\"l7ghb35v kjdc1dyq kmwttqpk gh25dzvf jikcssrz n3t5jt4f\">\n<div dir=\"auto\">\u25cf La Cr\u00edsis Sanitaria esta dentro de cada m\u00e9dico, y se hizo extensiva a todo el equipo de salud.<\/div>\n<\/div>\n<div class=\"l7ghb35v kjdc1dyq kmwttqpk gh25dzvf jikcssrz n3t5jt4f\">\n<div dir=\"auto\">La padece adem\u00e1s la sociedad entera.<\/div>\n<\/div>\n<div class=\"l7ghb35v kjdc1dyq kmwttqpk gh25dzvf jikcssrz n3t5jt4f\">\n<div dir=\"auto\">No queremos que asi se hipoteque el derecho al acceso a la Salud o el descuido en la atenci\u00f3n a cada ciudadano.<\/div>\n<\/div>\n<div class=\"l7ghb35v kjdc1dyq kmwttqpk gh25dzvf jikcssrz n3t5jt4f\">\n<div dir=\"auto\">Ya se gener\u00f3 un desgaste, en todo el personal, en cada instituci\u00f3n y en cada rinc\u00f3n de la Provincia.<\/div>\n<\/div>\n<div class=\"l7ghb35v kjdc1dyq kmwttqpk gh25dzvf jikcssrz n3t5jt4f\">\n<div dir=\"auto\">Somos conscientes que es dif\u00edcil, que debemos buscar soluciones que puedan ser cumplibles y graduales.<\/div>\n<\/div>\n<div class=\"l7ghb35v kjdc1dyq kmwttqpk gh25dzvf jikcssrz n3t5jt4f\">\n<div dir=\"auto\">Evitemos mas secuelas, alertamos que algunas pueden ser irreparables, m\u00e1s a\u00fan donde los especialistas son escasos o nulos.<\/div>\n<div dir=\"auto\">As\u00ed se llegar\u00e1 al \u00e9xodo de profesionales y a que nuestra provincia no sea opci\u00f3n a la hora de optar por una Residencia M\u00e9dica o de trabajo digno.<\/div>\n<\/div>\n<div class=\"l7ghb35v kjdc1dyq kmwttqpk gh25dzvf jikcssrz n3t5jt4f\">\n<div dir=\"auto\">El mensaje es para todos.<\/div>\n<\/div>\n<div class=\"l7ghb35v kjdc1dyq kmwttqpk gh25dzvf jikcssrz n3t5jt4f\">\n<div dir=\"auto\">Evitemos el desgaste.<\/div>\n<div dir=\"auto\">Evitemos el maltrato.<\/div>\n<div dir=\"auto\">Evitemos el politrabajo por remuneraciones insuficientes.<\/div>\n<\/div>\n<div class=\"l7ghb35v kjdc1dyq kmwttqpk gh25dzvf jikcssrz n3t5jt4f\">\n<div dir=\"auto\">La Salud publica lo est\u00e1 reclamando dia a dia, desde hace mucho tiempo ya.<\/div>\n<\/div>\n<div class=\"l7ghb35v kjdc1dyq kmwttqpk gh25dzvf jikcssrz n3t5jt4f\">\n<div dir=\"auto\">Entendemos que no debe ser una s\u00faplica o una dadiva.<\/div>\n<div dir=\"auto\">Debe ser lo JUSTO.<\/div>\n<div dir=\"auto\">Recibir un trato sim\u00e9trico para todas las especialidades, lo limitado del Recurso Humano lo hace m\u00e1s delicado a\u00fan, sabemos que es el eslab\u00f3n fundamental en la cadena de atenci\u00f3n.<\/div>\n<div dir=\"auto\">Pues\u2026 lo cuidemos entre todos.<\/div>\n<div dir=\"auto\">Hay responsables de instrumentarlo.<\/div>\n<div dir=\"auto\">No dejemos que el bien m\u00e1s preciado: nuestra salud sufra esta postergaci\u00f3n, el olvido y la subestimaci\u00f3n.<\/div>\n<\/div>\n<div class=\"l7ghb35v kjdc1dyq kmwttqpk gh25dzvf jikcssrz n3t5jt4f\">\n<div dir=\"auto\">Nos causa el mayor dolor, el DOLOR MORAL.<\/div>\n<\/div>\n<div class=\"l7ghb35v kjdc1dyq kmwttqpk gh25dzvf jikcssrz n3t5jt4f\">\n<div dir=\"auto\">Hoy la crisis sanitaria esta atravesando a cada integrante de la sociedad.-<\/div>\n<div dir=\"auto\">\u00a0<\/div>\n<\/div>\n<div class=\"l7ghb35v kjdc1dyq kmwttqpk gh25dzvf jikcssrz n3t5jt4f\">\n<div dir=\"auto\">\u25cf Instamos a la conciliacion, a la construcci\u00f3n de proyectos, a la comunicaci\u00f3n sincera con los autenticos representantes del conflicto y no con ACTORES SECUNDARIOS que solo aparecen en estas ocaciones desde gremios que no nos representan como m\u00e9dicos y que con su accionar hist\u00f3rico se ha llegado a este punto cr\u00edtico.<\/div>\n<\/div>\n<div class=\"l7ghb35v kjdc1dyq kmwttqpk gh25dzvf jikcssrz n3t5jt4f\">\n<div dir=\"auto\">Pretendemos y buscamos siempre el dialogo, el consenso con cada integrante que pueda decidir y construir un Sistema de Salud mejor y con la solidez que nos merecemos.<\/div>\n<div dir=\"auto\">\u00a0<\/div>\n<\/div>\n<div class=\"l7ghb35v kjdc1dyq kmwttqpk gh25dzvf jikcssrz n3t5jt4f\">\n<div dir=\"auto\">\u25cf No queremos hablar de remuneraciones justas solamente, no es funci\u00f3n de este Colegio, ya lo dijimos, solo queremos resaltar y defender el TRABAJO M\u00c9DICO, lo digno y sacrificado, lo especial que significa estar al lado de una persona enferma.<\/div>\n<\/div>\n<div class=\"l7ghb35v kjdc1dyq kmwttqpk gh25dzvf jikcssrz n3t5jt4f\">\n<div dir=\"auto\">Lo expresamos, fue el esfuerzo sin medida de m\u00e9dicos y de todo el equipo de salud lo que sostuvo la reciente pandemia y asi ser\u00e1 una y otra vez, cada vez que se requiera.<\/div>\n<div dir=\"auto\">\u00a0<\/div>\n<\/div>\n<div class=\"l7ghb35v kjdc1dyq kmwttqpk gh25dzvf jikcssrz n3t5jt4f\">\n<div dir=\"auto\">\u25cf Defendemos a todas las especialidades, donde el saber acad\u00e9mico no es lo \u00fanico en la contenci\u00f3n y manejo de una enfermedad, de un enfermo.<\/div>\n<div dir=\"auto\">Alli no hay d\u00edas o noches, fines de semanas ni feriados ni fiestas.<\/div>\n<\/div>\n<div class=\"l7ghb35v kjdc1dyq kmwttqpk gh25dzvf jikcssrz n3t5jt4f\">\n<div dir=\"auto\">Eso que solo la palabra vocaci\u00f3n puede resumirlo, que nos dignifica, es cierto, pero que no se confundan, debe acompa\u00f1arse este trabajo digno, con un salario justo, porque de este trabajo vivimos y mantenemos familias.<\/div>\n<\/div>\n<div class=\"l7ghb35v kjdc1dyq kmwttqpk gh25dzvf jikcssrz n3t5jt4f\">\n<div dir=\"auto\">Para finalizar, sentimos que la correspondencia es escasa desde quienes deben velar por sostener un Sistema de Salud, que ya es precario, y hoy agravado por la crisis global sin duda.<\/div>\n<\/div>\n<div class=\"l7ghb35v kjdc1dyq kmwttqpk gh25dzvf jikcssrz n3t5jt4f\">\n<div dir=\"auto\">Vemos en riesgo a su personal, a su m\u00e1ximo estandarte, ellos reclaman un dialogo genuino, frontal, y que llegue al fin a un reconocimiento.<\/div>\n<div dir=\"auto\">\u00a0<\/div>\n<\/div>\n<div class=\"l7ghb35v kjdc1dyq kmwttqpk gh25dzvf jikcssrz n3t5jt4f\">\n<div dir=\"auto\">Desde el Colegio M\u00e9dico reivindicamos el dialogo, y solicitamos de manera reiterada una urgente reuni\u00f3n entre las autoridades ejecutivas, extensivo al poder legislativo con los representantes del conflicto.<\/div>\n<\/div>\n<div class=\"l7ghb35v kjdc1dyq kmwttqpk gh25dzvf jikcssrz n3t5jt4f\">\n<div dir=\"auto\">Lograr as\u00ed que la Salud P\u00fablica salga de este letargo.<\/div>\n<div dir=\"auto\">De tanta Postergaci\u00f3n.<\/div>\n<\/div>\n<div class=\"l7ghb35v kjdc1dyq kmwttqpk gh25dzvf jikcssrz n3t5jt4f\">\n<div dir=\"auto\">Por todo lo dicho es una obligaci\u00f3n buscar una soluci\u00f3n a este conflicto.<\/div>\n<div dir=\"auto\">\u00a0<\/div>\n<\/div>\n<div class=\"l7ghb35v kjdc1dyq kmwttqpk gh25dzvf jikcssrz n3t5jt4f\">\n<div dir=\"auto\"><strong>CONSEJO DIRECTIVO<\/strong><\/div>\n<div dir=\"auto\"><strong>COLEGIO DE M\u00c9DICOS DE CATAMARCA<\/strong><\/div>\n<\/div>\n<\/div>\n<\/div>\n<\/div>\n<\/div>\n<div id=\"jsc_c_26t\" class=\"om3e55n1\">\n<div class=\"om3e55n1\">\n<div>\n<div class=\"i85zmo3j k0kqjr44 alzwoclg cqf1kptm lq84ybu9 hf30pyar om3e55n1 mfclru0v\">\n<div>\n<div class=\"nuz1ool1 lq84ybu9 hf30pyar om3e55n1\">\n<div class=\"s8sjc6am ekq1a7f9\"><img fetchpriority=\"high\" decoding=\"async\" class=\"z6erz7xo on4d8346 pytsy3co s8sjc6am myo4itp8 ekq1a7f9 mfclru0v p9wrh9lq aligncenter\" src=\"https:\/\/scontent.faep6-1.fna.fbcdn.net\/v\/t39.30808-6\/298825651_495848909207335_3082185574639426227_n.jpg?stp=dst-jpg_p526x296&amp;_nc_cat=111&amp;ccb=1-7&amp;_nc_sid=8bfeb9&amp;_nc_eui2=AeFqvJyxjww9g0m4eDZ0dT5s4VzeHnw-A-3hXN4efD4D7Q27GHlZ1XyIqs7fHJLFV5U&amp;_nc_ohc=h15B_G-jzTwAX-Ltszn&amp;_nc_zt=23&amp;_nc_ht=scontent.faep6-1.fna&amp;oh=00_AT8d8jspPppzZaNs2ktHWG9BJsJP9hmGlDxER-dQZcpqqw&amp;oe=630550B6\" alt=\"No hay ninguna descripci\u00f3n de la foto disponible.\" width=\"410\" height=\"410\" \/><\/div>\n<\/div>\n<\/div>\n<\/div>\n<div class=\"a05blw6y r8vnayig z6erz7xo on4d8346 l10tt5db s8sjc6am myo4itp8 ekq1a7f9\">\u00a0<\/div>\n<div class=\"o9erhkwx dzqi5evh hupbnkgi hvb2xoa8 z6erz7xo on4d8346 jkp44r48 l10tt5db s8sjc6am myo4itp8 ekq1a7f9 pym4i58u ldembo95 mwa1sm0y\" data-visualcompletion=\"ignore\">\u00a0<\/div>\n<\/div>\n<\/div>\n<\/div>\n<\/div>\n<div>\n<div class=\"hf30pyar lq84ybu9 ta68dy8c kpwa50dg lk0hwhjd cmg2g80i\" data-visualcompletion=\"ignore-dynamic\">\n<div>\n<div>\n<div>\n<div class=\"tpvapw4o j0k7ypqs\">\n<div class=\"bdao358l om3e55n1 g4tp4svg alzwoclg jez8cy9q sl27f92c o9w3sbdw sr926ui1 jl2a5g8c fzd7ma4j lcfup58g o9wcebwi d2hqwtrz h42m8szp mz2m4c71 ktovzxj4 g1smwn4j\">\n<div class=\"bdao358l om3e55n1 g4tp4svg alzwoclg cqf1kptm jez8cy9q gvxzyvdx aeinzg81 pdnn8mpk f1iqohp5 bmgto6uh f9xcifuu\">\n<div>\u00a0<\/div>\n<\/div>\n<\/div>\n<\/div>\n<\/div>\n<\/div>\n<\/div>\n<\/div>\n<\/div>\n<p>\u00a0<\/p>\n","protected":false},"excerpt":{"rendered":"<p>POSTURA COLEGIO DE MEDICOS DE CATAMARCA CRISIS SANITARIA \u00a0 Pasaron casi 30 d\u00edas desde el an\u00e1lisis que hicimos respecto a la Crisis estructural de la Salud en nuestra provincia, en particular en el sector p\u00fablico y especialmente con su Recurso Humano. Claramente fue planteada hacia toda la sociedad y autoridades, con la esperanza de tomar [&hellip;]<\/p>\n","protected":false},"author":2,"featured_media":4410,"comment_status":"closed","ping_status":"closed","sticky":false,"template":"","format":"standard","meta":{"_joinchat":[],"footnotes":""},"categories":[9,1],"tags":[],"class_list":["post-4421","post","type-post","status-publish","format-standard","has-post-thumbnail","hentry","category-diapositivas","category-noticias"],"_links":{"self":[{"href":"https:\/\/colegiomedicocat.com.ar\/med\/wp-json\/wp\/v2\/posts\/4421","targetHints":{"allow":["GET"]}}],"collection":[{"href":"https:\/\/colegiomedicocat.com.ar\/med\/wp-json\/wp\/v2\/posts"}],"about":[{"href":"https:\/\/colegiomedicocat.com.ar\/med\/wp-json\/wp\/v2\/types\/post"}],"author":[{"embeddable":true,"href":"https:\/\/colegiomedicocat.com.ar\/med\/wp-json\/wp\/v2\/users\/2"}],"replies":[{"embeddable":true,"href":"https:\/\/colegiomedicocat.com.ar\/med\/wp-json\/wp\/v2\/comments?post=4421"}],"version-history":[{"count":1,"href":"https:\/\/colegiomedicocat.com.ar\/med\/wp-json\/wp\/v2\/posts\/4421\/revisions"}],"predecessor-version":[{"id":4422,"href":"https:\/\/colegiomedicocat.com.ar\/med\/wp-json\/wp\/v2\/posts\/4421\/revisions\/4422"}],"wp:featuredmedia":[{"embeddable":true,"href":"https:\/\/colegiomedicocat.com.ar\/med\/wp-json\/wp\/v2\/media\/4410"}],"wp:attachment":[{"href":"https:\/\/colegiomedicocat.com.ar\/med\/wp-json\/wp\/v2\/media?parent=4421"}],"wp:term":[{"taxonomy":"category","embeddable":true,"href":"https:\/\/colegiomedicocat.com.ar\/med\/wp-json\/wp\/v2\/categories?post=4421"},{"taxonomy":"post_tag","embeddable":true,"href":"https:\/\/colegiomedicocat.com.ar\/med\/wp-json\/wp\/v2\/tags?post=4421"}],"curies":[{"name":"wp","href":"https:\/\/api.w.org\/{rel}","templated":true}]}}