{"id":4425,"date":"2022-08-22T14:00:00","date_gmt":"2022-08-22T14:00:00","guid":{"rendered":"https:\/\/colegiomedicocat.com.ar\/med\/?p=4425"},"modified":"2022-08-24T14:03:15","modified_gmt":"2022-08-24T14:03:15","slug":"confemeco-en-catamarca","status":"publish","type":"post","link":"https:\/\/colegiomedicocat.com.ar\/med\/confemeco-en-catamarca\/","title":{"rendered":"CONFEMECO EN CATAMARCA"},"content":{"rendered":"\n<div class=\"m8h3af8h l7ghb35v kjdc1dyq kmwttqpk gh25dzvf n3t5jt4f\">\n<div dir=\"auto\">\u00a0<\/div>\n<\/div>\n<div class=\"l7ghb35v kjdc1dyq kmwttqpk gh25dzvf jikcssrz n3t5jt4f\">\n<div dir=\"auto\">El pr\u00f3ximo 26 de Agosto se realizar\u00e1 la reuni\u00f3n del Consejo Federal de Entidades M\u00e9dicas Colegiadas (CONFEMECO).<\/div>\n<\/div>\n<div class=\"l7ghb35v kjdc1dyq kmwttqpk gh25dzvf jikcssrz n3t5jt4f\">\n<div dir=\"auto\">Esta vez y nuevamente luego de la Pandemia nos toca a nuestra provincia y a nuestra Comunidad M\u00e9dica acojerlos en nuestra tierra.<\/div>\n<div dir=\"auto\">\u00a0<\/div>\n<\/div>\n<div class=\"l7ghb35v kjdc1dyq kmwttqpk gh25dzvf jikcssrz n3t5jt4f\">\n<div dir=\"auto\">Comenzaremos la jornada con una REUNI\u00d3N IMPORTANTE.<\/div>\n<div dir=\"auto\">\u00a0<\/div>\n<\/div>\n<div class=\"l7ghb35v kjdc1dyq kmwttqpk gh25dzvf jikcssrz n3t5jt4f\">\n<div dir=\"auto\">Es un HITO en nuestra provincia el hecho de ser elegidos por el Dr. Carlos Daniel Alico ex Presidente y actual Secretario General del Colegio de M\u00e9dicos de Santa F\u00e9 1 circunscripci\u00f3n para esta conferencia.<\/div>\n<div dir=\"auto\">\u00a0<\/div>\n<div dir=\"auto\">Desde a\u00f1os el Dr Alico estuvo estudiando la forma en las que realizamos nuestras Historias Cl\u00ednicas, los Consentimientos Informados y TODOS nuestros ACTOS M\u00c9DICOS.<\/div>\n<div dir=\"auto\">\u00a0<\/div>\n<div dir=\"auto\">La implicancia legal y consecuencias de los mismos.<\/div>\n<\/div>\n<div class=\"l7ghb35v kjdc1dyq kmwttqpk gh25dzvf jikcssrz n3t5jt4f\">\n<div dir=\"auto\">Esta charla es ABIERTA y deber\u00eda ser aprovechada por todos, con mayor necesidad en M\u00e9dicos J\u00f3venes y nuestros Residentes.<\/div>\n<div dir=\"auto\">\u00a0<\/div>\n<\/div>\n<div class=\"l7ghb35v kjdc1dyq kmwttqpk gh25dzvf jikcssrz n3t5jt4f\">\n<div dir=\"auto\">La misma se realizar\u00e1 en el Hotel Amerian Planta Alta desde las 11 horas.<\/div>\n<\/div>\n<div class=\"l7ghb35v kjdc1dyq kmwttqpk gh25dzvf jikcssrz n3t5jt4f\">\n<div dir=\"auto\">Por la tarde se realizar\u00e1 la Reuni\u00f3n de Confemeco con una conexi\u00f3n con el Congreso Nacional para participar en una exposici\u00f3n de diputados sobre una ley de responsabilidad m\u00e9dica y otros temas cruciales en la actividad y actualidad de nuestra profesi\u00f3n a nivel local y nacional.<\/div>\n<\/div>\n<div dir=\"auto\">\u00a0<\/div>\n<div dir=\"auto\"><a href=\"http:\/\/colegiomedicocat.com.ar\/med\/wp-content\/uploads\/2022\/08\/300071161_499706748821551_2160176164506862219_n.jpg\"><img fetchpriority=\"high\" decoding=\"async\" class=\" wp-image-4426 aligncenter\" src=\"http:\/\/colegiomedicocat.com.ar\/med\/wp-content\/uploads\/2022\/08\/300071161_499706748821551_2160176164506862219_n-300x227.jpg\" alt=\"\" width=\"459\" height=\"347\" srcset=\"https:\/\/colegiomedicocat.com.ar\/med\/wp-content\/uploads\/2022\/08\/300071161_499706748821551_2160176164506862219_n-300x227.jpg 300w, https:\/\/colegiomedicocat.com.ar\/med\/wp-content\/uploads\/2022\/08\/300071161_499706748821551_2160176164506862219_n-768x580.jpg 768w, https:\/\/colegiomedicocat.com.ar\/med\/wp-content\/uploads\/2022\/08\/300071161_499706748821551_2160176164506862219_n-750x566.jpg 750w, https:\/\/colegiomedicocat.com.ar\/med\/wp-content\/uploads\/2022\/08\/300071161_499706748821551_2160176164506862219_n.jpg 960w\" sizes=\"(max-width: 459px) 100vw, 459px\" \/><\/a><\/div>\n<div class=\"l7ghb35v kjdc1dyq kmwttqpk gh25dzvf jikcssrz n3t5jt4f\">\n<div dir=\"auto\">\u00a0<\/div>\n<\/div>\n<div class=\"l7ghb35v kjdc1dyq kmwttqpk gh25dzvf jikcssrz n3t5jt4f\">\n<div dir=\"auto\">Est\u00e1n TODOS INVITADOS a la exposici\u00f3n del Dr Alico en Hotel Amerian 11 horas.<\/div>\n<\/div>\n<div class=\"l7ghb35v kjdc1dyq kmwttqpk gh25dzvf jikcssrz n3t5jt4f\">\n<div dir=\"auto\">CONSEJO DIRECTIVO<\/div>\n<div dir=\"auto\">COLEGIO DE M\u00c9DICOS DE CATAMARCA<\/div>\n<\/div>\n","protected":false},"excerpt":{"rendered":"<p>\u00a0 El pr\u00f3ximo 26 de Agosto se realizar\u00e1 la reuni\u00f3n del Consejo Federal de Entidades M\u00e9dicas Colegiadas (CONFEMECO). Esta vez y nuevamente luego de la Pandemia nos toca a nuestra provincia y a nuestra Comunidad M\u00e9dica acojerlos en nuestra tierra. \u00a0 Comenzaremos la jornada con una REUNI\u00d3N IMPORTANTE. \u00a0 Es un HITO en nuestra provincia [&hellip;]<\/p>\n","protected":false},"author":2,"featured_media":4426,"comment_status":"closed","ping_status":"closed","sticky":false,"template":"","format":"standard","meta":{"_joinchat":[],"footnotes":""},"categories":[9,1],"tags":[],"class_list":["post-4425","post","type-post","status-publish","format-standard","has-post-thumbnail","hentry","category-diapositivas","category-noticias"],"_links":{"self":[{"href":"https:\/\/colegiomedicocat.com.ar\/med\/wp-json\/wp\/v2\/posts\/4425","targetHints":{"allow":["GET"]}}],"collection":[{"href":"https:\/\/colegiomedicocat.com.ar\/med\/wp-json\/wp\/v2\/posts"}],"about":[{"href":"https:\/\/colegiomedicocat.com.ar\/med\/wp-json\/wp\/v2\/types\/post"}],"author":[{"embeddable":true,"href":"https:\/\/colegiomedicocat.com.ar\/med\/wp-json\/wp\/v2\/users\/2"}],"replies":[{"embeddable":true,"href":"https:\/\/colegiomedicocat.com.ar\/med\/wp-json\/wp\/v2\/comments?post=4425"}],"version-history":[{"count":1,"href":"https:\/\/colegiomedicocat.com.ar\/med\/wp-json\/wp\/v2\/posts\/4425\/revisions"}],"predecessor-version":[{"id":4427,"href":"https:\/\/colegiomedicocat.com.ar\/med\/wp-json\/wp\/v2\/posts\/4425\/revisions\/4427"}],"wp:featuredmedia":[{"embeddable":true,"href":"https:\/\/colegiomedicocat.com.ar\/med\/wp-json\/wp\/v2\/media\/4426"}],"wp:attachment":[{"href":"https:\/\/colegiomedicocat.com.ar\/med\/wp-json\/wp\/v2\/media?parent=4425"}],"wp:term":[{"taxonomy":"category","embeddable":true,"href":"https:\/\/colegiomedicocat.com.ar\/med\/wp-json\/wp\/v2\/categories?post=4425"},{"taxonomy":"post_tag","embeddable":true,"href":"https:\/\/colegiomedicocat.com.ar\/med\/wp-json\/wp\/v2\/tags?post=4425"}],"curies":[{"name":"wp","href":"https:\/\/api.w.org\/{rel}","templated":true}]}}