{"id":4434,"date":"2022-09-01T12:49:02","date_gmt":"2022-09-01T12:49:02","guid":{"rendered":"https:\/\/colegiomedicocat.com.ar\/med\/?p=4434"},"modified":"2022-09-01T13:02:33","modified_gmt":"2022-09-01T13:02:33","slug":"el-colegio-medico-repudia-la-medida-tomada-por-el-gobierno-provincial","status":"publish","type":"post","link":"https:\/\/colegiomedicocat.com.ar\/med\/el-colegio-medico-repudia-la-medida-tomada-por-el-gobierno-provincial\/","title":{"rendered":"El Colegio M\u00e9dico repudia la medida tomada por el Gobierno Provincial"},"content":{"rendered":"\n<div class=\"m8h3af8h l7ghb35v kjdc1dyq kmwttqpk gh25dzvf n3t5jt4f\">\n<div dir=\"auto\">El Colegio M\u00e9dico repudia la medida tomada por el Gobierno provincial de rescindir el contrato a un Profesional M\u00e9dico matriculado que se desempe\u00f1a en el Sector P\u00fablico de Salud.<\/div>\n<div dir=\"auto\">\u00a0<\/div>\n<\/div>\n<div class=\"l7ghb35v kjdc1dyq kmwttqpk gh25dzvf jikcssrz n3t5jt4f\">\n<div dir=\"auto\">En el contexto de un reclamo ya extendido y postergado en el tiempo, no solo por atrasos insostenibles en la remuneraci\u00f3n, sin entender que se trata del salario alimentario de la familia de los trabajadores de Salud, nos llega hoy la desafortunada noticia de que se desafecta un m\u00e9dico, adem\u00e1s de a otros integrantes del equipo de salud.<\/div>\n<div dir=\"auto\">\u00a0<\/div>\n<\/div>\n<div class=\"l7ghb35v kjdc1dyq kmwttqpk gh25dzvf jikcssrz n3t5jt4f\">\n<div dir=\"auto\">Esta conducta equivocada de comienzo a fin, no hace otra cosa que entorpecer el verdadero camino de sortear los problemas alentar el dialogo, el consenso, el respeto, b\u00e1sicamente escucharnos.<\/div>\n<\/div>\n<div class=\"l7ghb35v kjdc1dyq kmwttqpk gh25dzvf jikcssrz n3t5jt4f\">\n<div dir=\"auto\">Nada de eso ocurre por esta \u00e9poca.<\/div>\n<\/div>\n<div class=\"l7ghb35v kjdc1dyq kmwttqpk gh25dzvf jikcssrz n3t5jt4f\">\n<div dir=\"auto\">Hace m\u00e1s profunda a\u00fan la herida y lo sentimos as\u00ed no solo los trabajadores de la Salud, sino tambi\u00e9n la sociedad entera, pacientes y familiares.<\/div>\n<div dir=\"auto\">\u00a0<\/div>\n<\/div>\n<div class=\"l7ghb35v kjdc1dyq kmwttqpk gh25dzvf jikcssrz n3t5jt4f\">\n<div dir=\"auto\">Se est\u00e1 prescindiendo de un profesional que, adem\u00e1s est\u00e1 radicado en el INTERIOR PROVINCIAL, a cargo de una guardia activa todos los domingos en el Hospital de Bel\u00e9n, realiza adem\u00e1s atenci\u00f3n medica itinerante durante la semana en centros sanitarios de localidades peque\u00f1as, alejadas e inh\u00f3spitas, lo sabemos; es el INTERIOR DE NUESTRO INTERIOR.<\/div>\n<\/div>\n<div class=\"l7ghb35v kjdc1dyq kmwttqpk gh25dzvf jikcssrz n3t5jt4f\">\n<div dir=\"auto\">En pandemia ese m\u00e9dico fue el encargado del sector de Aislamiento de Covid 19, se capacit\u00f3 en est\u00e9 Colegio a distancia.<\/div>\n<\/div>\n<div class=\"l7ghb35v kjdc1dyq kmwttqpk gh25dzvf jikcssrz n3t5jt4f\">\n<div dir=\"auto\">Ning\u00fan esfuerzo vali\u00f3 !.<\/div>\n<div dir=\"auto\">\u00a0<\/div>\n<\/div>\n<div class=\"l7ghb35v kjdc1dyq kmwttqpk gh25dzvf jikcssrz n3t5jt4f\">\n<div dir=\"auto\">Desde el 3 de Septiembre est\u00e1 despedido arbitrariamente.<\/div>\n<div dir=\"auto\">\u00a0<\/div>\n<\/div>\n<div class=\"l7ghb35v kjdc1dyq kmwttqpk gh25dzvf jikcssrz n3t5jt4f\">\n<div dir=\"auto\"><strong>No se entiende.<\/strong><\/div>\n<div dir=\"auto\">\u00a0<\/div>\n<\/div>\n<div class=\"l7ghb35v kjdc1dyq kmwttqpk gh25dzvf jikcssrz n3t5jt4f\">\n<div dir=\"auto\">Menos se justifica, para nada.<\/div>\n<\/div>\n<div class=\"l7ghb35v kjdc1dyq kmwttqpk gh25dzvf jikcssrz n3t5jt4f\">\n<div dir=\"auto\">Como si fuesen medidas a prop\u00f3sito, intencionadas en lastimar, en resentir al fin la atenci\u00f3n de nuestros pacientes, que jam\u00e1s deber\u00edan ser rehenes de este conflicto.<\/div>\n<div dir=\"auto\">\u00a0<\/div>\n<\/div>\n<div class=\"l7ghb35v kjdc1dyq kmwttqpk gh25dzvf jikcssrz n3t5jt4f\">\n<div dir=\"auto\">Los sacrificios sin claudicaciones de m\u00e9dicos y todo el Equipo Sanitario fueron y son una constante, el Covid a\u00fan no termino, se sigue atendiendo urgencias e internados.<\/div>\n<\/div>\n<div class=\"l7ghb35v kjdc1dyq kmwttqpk gh25dzvf jikcssrz n3t5jt4f\">\n<div dir=\"auto\">Los aplausos y la demagogia de bonos irrisorios de 5000 pesos no alcanz\u00f3.<\/div>\n<\/div>\n<div class=\"l7ghb35v kjdc1dyq kmwttqpk gh25dzvf jikcssrz n3t5jt4f\">\n<div dir=\"auto\">No alcanza.<\/div>\n<div dir=\"auto\">\u00a0<\/div>\n<\/div>\n<div class=\"l7ghb35v kjdc1dyq kmwttqpk gh25dzvf jikcssrz n3t5jt4f\">\n<div dir=\"auto\">Repudiamos las presiones, las medidas unilaterales, inconsultas, tomadas con torpeza.<\/div>\n<div dir=\"auto\">Ellas solo profundizan las diferencias, distancian posibles soluciones, maltratan a las personas y resienten el acceso a la salud.<\/div>\n<div dir=\"auto\">\u00a0<\/div>\n<\/div>\n<div class=\"l7ghb35v kjdc1dyq kmwttqpk gh25dzvf jikcssrz n3t5jt4f\">\n<div dir=\"auto\">Apelamos a la cordura, a corregir posibles errores, a ser escuchados.<\/div>\n<\/div>\n<div class=\"l7ghb35v kjdc1dyq kmwttqpk gh25dzvf jikcssrz n3t5jt4f\">\n<div dir=\"auto\">La Salud Publica hoy exige con Urgencia una soluci\u00f3n.<\/div>\n<div dir=\"auto\">\u00a0<\/div>\n<\/div>\n<div class=\"l7ghb35v kjdc1dyq kmwttqpk gh25dzvf jikcssrz n3t5jt4f\">\n<div dir=\"auto\"><strong>CONSEJO DIRECTIVO<\/strong><\/div>\n<div dir=\"auto\"><strong>COLEGIO DE M\u00c9DICOS DE CATAMARCA<\/strong><\/div>\n<\/div>\n","protected":false},"excerpt":{"rendered":"<p>El Colegio M\u00e9dico repudia la medida tomada por el Gobierno provincial de rescindir el contrato a un Profesional M\u00e9dico matriculado que se desempe\u00f1a en el Sector P\u00fablico de Salud. \u00a0 En el contexto de un reclamo ya extendido y postergado en el tiempo, no solo por atrasos insostenibles en la remuneraci\u00f3n, sin entender que se [&hellip;]<\/p>\n","protected":false},"author":2,"featured_media":0,"comment_status":"closed","ping_status":"closed","sticky":false,"template":"","format":"standard","meta":{"_joinchat":[],"footnotes":""},"categories":[1],"tags":[],"class_list":["post-4434","post","type-post","status-publish","format-standard","hentry","category-noticias"],"_links":{"self":[{"href":"https:\/\/colegiomedicocat.com.ar\/med\/wp-json\/wp\/v2\/posts\/4434","targetHints":{"allow":["GET"]}}],"collection":[{"href":"https:\/\/colegiomedicocat.com.ar\/med\/wp-json\/wp\/v2\/posts"}],"about":[{"href":"https:\/\/colegiomedicocat.com.ar\/med\/wp-json\/wp\/v2\/types\/post"}],"author":[{"embeddable":true,"href":"https:\/\/colegiomedicocat.com.ar\/med\/wp-json\/wp\/v2\/users\/2"}],"replies":[{"embeddable":true,"href":"https:\/\/colegiomedicocat.com.ar\/med\/wp-json\/wp\/v2\/comments?post=4434"}],"version-history":[{"count":1,"href":"https:\/\/colegiomedicocat.com.ar\/med\/wp-json\/wp\/v2\/posts\/4434\/revisions"}],"predecessor-version":[{"id":4435,"href":"https:\/\/colegiomedicocat.com.ar\/med\/wp-json\/wp\/v2\/posts\/4434\/revisions\/4435"}],"wp:attachment":[{"href":"https:\/\/colegiomedicocat.com.ar\/med\/wp-json\/wp\/v2\/media?parent=4434"}],"wp:term":[{"taxonomy":"category","embeddable":true,"href":"https:\/\/colegiomedicocat.com.ar\/med\/wp-json\/wp\/v2\/categories?post=4434"},{"taxonomy":"post_tag","embeddable":true,"href":"https:\/\/colegiomedicocat.com.ar\/med\/wp-json\/wp\/v2\/tags?post=4434"}],"curies":[{"name":"wp","href":"https:\/\/api.w.org\/{rel}","templated":true}]}}