{"id":4443,"date":"2022-09-02T14:01:00","date_gmt":"2022-09-02T14:01:00","guid":{"rendered":"https:\/\/colegiomedicocat.com.ar\/med\/?p=4443"},"modified":"2022-09-05T14:03:04","modified_gmt":"2022-09-05T14:03:04","slug":"invitacion-3","status":"publish","type":"post","link":"https:\/\/colegiomedicocat.com.ar\/med\/invitacion-3\/","title":{"rendered":"INVITACI\u00d3N"},"content":{"rendered":"\n<div class=\"m8h3af8h l7ghb35v kjdc1dyq kmwttqpk gh25dzvf n3t5jt4f\">\n<div dir=\"auto\">\u00a0<\/div>\n<\/div>\n<div class=\"l7ghb35v kjdc1dyq kmwttqpk gh25dzvf jikcssrz n3t5jt4f\">\n<div dir=\"auto\">Invitamos a los colegiados a participar de un Seminario Web:<\/div>\n<div dir=\"auto\">\u00a0<\/div>\n<\/div>\n<div class=\"l7ghb35v kjdc1dyq kmwttqpk gh25dzvf jikcssrz n3t5jt4f\">\n<div dir=\"auto\">VIRUELA S\u00cdMICA<\/div>\n<div dir=\"auto\">SITUACI\u00d3N EN ARGENTINA<\/div>\n<div dir=\"auto\">\u00a0<\/div>\n<div dir=\"auto\">\u00bfCu\u00e1ndo Sospecharla? \u00bfC\u00f3mo Actuar?<\/div>\n<\/div>\n<div class=\"l7ghb35v kjdc1dyq kmwttqpk gh25dzvf jikcssrz n3t5jt4f\">\n<div dir=\"auto\">Destinados a profesionales del sistema de salud p\u00fablica y privada de toda la provincia.<\/div>\n<\/div>\n<div class=\"l7ghb35v kjdc1dyq kmwttqpk gh25dzvf jikcssrz n3t5jt4f\">\n<div dir=\"auto\">Disertantes<\/div>\n<div dir=\"auto\">* Comit\u00e9 Cient\u00edfico del Colegio de M\u00e9dicos.<\/div>\n<div dir=\"auto\">\u00a0<\/div>\n<div dir=\"auto\">\u25cf Bioq. Claudia Espeche Directora Provincial de Epidemiolog\u00eda.<\/div>\n<div dir=\"auto\">\u25cf Dra. Carolina Oyola Jefa de Servicio de Infectolog\u00eda HSJB.<\/div>\n<div dir=\"auto\">\u25cf Dr. Mario Bulacios Infect\u00f3logo HSJB<\/div>\n<div dir=\"auto\">\u25cf Dra Ver\u00f3nica Di Giovanni Referente Provincial de Vigilancia Epidemiol\u00f3gica.<\/div>\n<div dir=\"auto\">\u25cf Bioq. Ver\u00f3nica Campi Directora Laboratorio Central Ministerio de Salud.<\/div>\n<\/div>\n<div class=\"l7ghb35v kjdc1dyq kmwttqpk gh25dzvf jikcssrz n3t5jt4f\">\n<div dir=\"auto\">En vivo en las Plataformas virtuales del Colegio de M\u00e9dicos de Catamarca, Facebook y You tube.<\/div>\n<\/div>\n<div class=\"l7ghb35v kjdc1dyq kmwttqpk gh25dzvf jikcssrz n3t5jt4f\">\n<div dir=\"auto\">Sin inscripci\u00f3n.<\/div>\n<div dir=\"auto\">\u00a0<\/div>\n<\/div>\n<div class=\"l7ghb35v kjdc1dyq kmwttqpk gh25dzvf jikcssrz n3t5jt4f\">\n<div dir=\"auto\">MIERCOLES 7 DE SEPTIEMBRE 15 HORAS<\/div>\n<\/div>\n<div class=\"l7ghb35v kjdc1dyq kmwttqpk gh25dzvf jikcssrz n3t5jt4f\">\n<div dir=\"auto\">ORGANIZA<\/div>\n<div dir=\"auto\">\u00a0<\/div>\n<div dir=\"auto\">\u25cf Ministerio de Salud de la Provincia de Catamarca.<\/div>\n<div dir=\"auto\">\u25cf Secretaria de Medicina Preventiva y Promoci\u00f3n de Salud.<\/div>\n<div dir=\"auto\">\u25cf Direcci\u00f3n Provincial de Epidemiologia.<\/div>\n<div dir=\"auto\">\u25cf Colegio de M\u00e9dicos de Catamarca.<\/div>\n<div dir=\"auto\"><a href=\"http:\/\/colegiomedicocat.com.ar\/med\/wp-content\/uploads\/2022\/09\/302571044_510708467721379_7559474300116113521_n.jpg\"><img fetchpriority=\"high\" decoding=\"async\" class=\"wp-image-4444 aligncenter\" src=\"http:\/\/colegiomedicocat.com.ar\/med\/wp-content\/uploads\/2022\/09\/302571044_510708467721379_7559474300116113521_n-169x300.jpg\" alt=\"\" width=\"233\" height=\"414\" srcset=\"https:\/\/colegiomedicocat.com.ar\/med\/wp-content\/uploads\/2022\/09\/302571044_510708467721379_7559474300116113521_n-169x300.jpg 169w, https:\/\/colegiomedicocat.com.ar\/med\/wp-content\/uploads\/2022\/09\/302571044_510708467721379_7559474300116113521_n.jpg 526w\" sizes=\"(max-width: 233px) 100vw, 233px\" \/><\/a><\/div>\n<\/div>\n<div class=\"l7ghb35v kjdc1dyq kmwttqpk gh25dzvf jikcssrz n3t5jt4f\">\n<div dir=\"auto\">CONSEJO DIRECTIVO<\/div>\n<div dir=\"auto\">COLEGIO DE MEDICOS DE CATAMARCA<\/div>\n<\/div>\n","protected":false},"excerpt":{"rendered":"<p>\u00a0 Invitamos a los colegiados a participar de un Seminario Web: \u00a0 VIRUELA S\u00cdMICA SITUACI\u00d3N EN ARGENTINA \u00a0 \u00bfCu\u00e1ndo Sospecharla? \u00bfC\u00f3mo Actuar? Destinados a profesionales del sistema de salud p\u00fablica y privada de toda la provincia. Disertantes * Comit\u00e9 Cient\u00edfico del Colegio de M\u00e9dicos. \u00a0 \u25cf Bioq. Claudia Espeche Directora Provincial de Epidemiolog\u00eda. \u25cf Dra. [&hellip;]<\/p>\n","protected":false},"author":2,"featured_media":0,"comment_status":"closed","ping_status":"closed","sticky":false,"template":"","format":"standard","meta":{"_joinchat":[],"footnotes":""},"categories":[1],"tags":[],"class_list":["post-4443","post","type-post","status-publish","format-standard","hentry","category-noticias"],"_links":{"self":[{"href":"https:\/\/colegiomedicocat.com.ar\/med\/wp-json\/wp\/v2\/posts\/4443","targetHints":{"allow":["GET"]}}],"collection":[{"href":"https:\/\/colegiomedicocat.com.ar\/med\/wp-json\/wp\/v2\/posts"}],"about":[{"href":"https:\/\/colegiomedicocat.com.ar\/med\/wp-json\/wp\/v2\/types\/post"}],"author":[{"embeddable":true,"href":"https:\/\/colegiomedicocat.com.ar\/med\/wp-json\/wp\/v2\/users\/2"}],"replies":[{"embeddable":true,"href":"https:\/\/colegiomedicocat.com.ar\/med\/wp-json\/wp\/v2\/comments?post=4443"}],"version-history":[{"count":1,"href":"https:\/\/colegiomedicocat.com.ar\/med\/wp-json\/wp\/v2\/posts\/4443\/revisions"}],"predecessor-version":[{"id":4445,"href":"https:\/\/colegiomedicocat.com.ar\/med\/wp-json\/wp\/v2\/posts\/4443\/revisions\/4445"}],"wp:attachment":[{"href":"https:\/\/colegiomedicocat.com.ar\/med\/wp-json\/wp\/v2\/media?parent=4443"}],"wp:term":[{"taxonomy":"category","embeddable":true,"href":"https:\/\/colegiomedicocat.com.ar\/med\/wp-json\/wp\/v2\/categories?post=4443"},{"taxonomy":"post_tag","embeddable":true,"href":"https:\/\/colegiomedicocat.com.ar\/med\/wp-json\/wp\/v2\/tags?post=4443"}],"curies":[{"name":"wp","href":"https:\/\/api.w.org\/{rel}","templated":true}]}}