{"id":4446,"date":"2022-09-03T14:04:00","date_gmt":"2022-09-03T14:04:00","guid":{"rendered":"https:\/\/colegiomedicocat.com.ar\/med\/?p=4446"},"modified":"2022-09-05T14:07:00","modified_gmt":"2022-09-05T14:07:00","slug":"confemeco-catamarca-2022","status":"publish","type":"post","link":"https:\/\/colegiomedicocat.com.ar\/med\/confemeco-catamarca-2022\/","title":{"rendered":"CONFEMECO CATAMARCA 2022"},"content":{"rendered":"\n<div class=\"m8h3af8h l7ghb35v kjdc1dyq kmwttqpk gh25dzvf n3t5jt4f\">\n<div dir=\"auto\">\u00a0<\/div>\n<\/div>\n<div class=\"l7ghb35v kjdc1dyq kmwttqpk gh25dzvf jikcssrz n3t5jt4f\">\n<div dir=\"auto\">El pasado 26 de Agosto se realiz\u00f3 la Reuni\u00f3n Nacional de CONFEMECO en Catamarca.<\/div>\n<div dir=\"auto\">\u00a0<\/div>\n<div dir=\"auto\">Se vuelve a la buena costumbre que por la Pandemia se interrumpi\u00f3 de que desembarque en nuestra tierra los representantes de todos los Colegios de M\u00e9dicos asociados a la Confederaci\u00f3n.<\/div>\n<div dir=\"auto\">\u00a0<\/div>\n<\/div>\n<div class=\"l7ghb35v kjdc1dyq kmwttqpk gh25dzvf jikcssrz n3t5jt4f\">\n<div dir=\"auto\">En una reuni\u00f3n marcada por la camarader\u00eda y la preocupaci\u00f3n por la realidad nacional se discutieron temas de actualidad.<\/div>\n<\/div>\n<div class=\"l7ghb35v kjdc1dyq kmwttqpk gh25dzvf jikcssrz n3t5jt4f\">\n<div dir=\"auto\">Se realiz\u00f3 un Zoom con el Diputado Nacional Dr. Fabio Quetglas quien explic\u00f3 el proyecto de ley de Seguridad del Paciente, en el que trabaja y respondiendo las preguntas realizadas por los representantes nacionales.<\/div>\n<div dir=\"auto\">\u00a0<\/div>\n<\/div>\n<div class=\"l7ghb35v kjdc1dyq kmwttqpk gh25dzvf jikcssrz n3t5jt4f\">\n<div dir=\"auto\">Se escuch\u00f3 la realidad sanitaria de todas las jurisdicciones, donde el com\u00fan denominador fue la falta de empat\u00eda del estado hacia los profesionales m\u00e9dicos, en esta post pandemia, tanto en reconocimientos de salarios, que requiere urgente reinvindicaciones, los atrasos insostenibles en todo el pa\u00eds de los salarios en salud, el poli trabajo y a\u00fan as\u00ed se sigue dando respuesta a un sistema de salud que colapsa d\u00eda a d\u00eda.<\/div>\n<div dir=\"auto\">\u00a0<\/div>\n<\/div>\n<div class=\"l7ghb35v kjdc1dyq kmwttqpk gh25dzvf jikcssrz n3t5jt4f\">\n<div dir=\"auto\">Adem\u00e1s se abord\u00f3 la preparaci\u00f3n para el Congreso sobre especialidades que se realizar\u00e1 en C\u00f3rdoba en este mes de Septiembre, el mismo marcar\u00e1 un nuevo cambio en el otorgamiento de las especialidades m\u00e9dicas.<\/div>\n<div dir=\"auto\">\u00a0<\/div>\n<\/div>\n<div class=\"l7ghb35v kjdc1dyq kmwttqpk gh25dzvf jikcssrz n3t5jt4f\">\n<div dir=\"auto\">Se complet\u00f3 la reuni\u00f3n con una descripci\u00f3n detallada de la Crisis Sanitaria local por nuestro Colegiado Med. Alfredo Zuliani visibilizando nuestra realidada nivel nacional.<\/div>\n<div dir=\"auto\">\u00a0<\/div>\n<\/div>\n<div class=\"l7ghb35v kjdc1dyq kmwttqpk gh25dzvf jikcssrz n3t5jt4f\">\n<div dir=\"auto\">Esperando que volvamos a recibir anualmente a los representantes de los Colegios hermanos se concluy\u00f3 con un agradecimiento de todos al color catamarque\u00f1o para recibir a Colegas.<\/div>\n<\/div>\n<div dir=\"auto\">\u00a0<\/div>\n<div dir=\"auto\"><a href=\"http:\/\/colegiomedicocat.com.ar\/med\/wp-content\/uploads\/2022\/09\/301633093_509183991207160_4666224893830553388_n.jpg\"><img fetchpriority=\"high\" decoding=\"async\" class=\"alignnone size-medium wp-image-4447\" src=\"http:\/\/colegiomedicocat.com.ar\/med\/wp-content\/uploads\/2022\/09\/301633093_509183991207160_4666224893830553388_n-300x208.jpg\" alt=\"\" width=\"300\" height=\"208\" srcset=\"https:\/\/colegiomedicocat.com.ar\/med\/wp-content\/uploads\/2022\/09\/301633093_509183991207160_4666224893830553388_n-300x208.jpg 300w, https:\/\/colegiomedicocat.com.ar\/med\/wp-content\/uploads\/2022\/09\/301633093_509183991207160_4666224893830553388_n-768x532.jpg 768w, https:\/\/colegiomedicocat.com.ar\/med\/wp-content\/uploads\/2022\/09\/301633093_509183991207160_4666224893830553388_n-750x520.jpg 750w, https:\/\/colegiomedicocat.com.ar\/med\/wp-content\/uploads\/2022\/09\/301633093_509183991207160_4666224893830553388_n.jpg 960w\" sizes=\"(max-width: 300px) 100vw, 300px\" \/><\/a> <a href=\"http:\/\/colegiomedicocat.com.ar\/med\/wp-content\/uploads\/2022\/09\/304543867_509183947873831_5390002048184119666_n.jpg\"><img decoding=\"async\" class=\"alignnone size-medium wp-image-4448\" src=\"http:\/\/colegiomedicocat.com.ar\/med\/wp-content\/uploads\/2022\/09\/304543867_509183947873831_5390002048184119666_n-300x201.jpg\" alt=\"\" width=\"300\" height=\"201\" srcset=\"https:\/\/colegiomedicocat.com.ar\/med\/wp-content\/uploads\/2022\/09\/304543867_509183947873831_5390002048184119666_n-300x201.jpg 300w, https:\/\/colegiomedicocat.com.ar\/med\/wp-content\/uploads\/2022\/09\/304543867_509183947873831_5390002048184119666_n-768x514.jpg 768w, https:\/\/colegiomedicocat.com.ar\/med\/wp-content\/uploads\/2022\/09\/304543867_509183947873831_5390002048184119666_n-750x502.jpg 750w, https:\/\/colegiomedicocat.com.ar\/med\/wp-content\/uploads\/2022\/09\/304543867_509183947873831_5390002048184119666_n.jpg 960w\" sizes=\"(max-width: 300px) 100vw, 300px\" \/><\/a> <a href=\"http:\/\/colegiomedicocat.com.ar\/med\/wp-content\/uploads\/2022\/09\/301229357_509183897873836_2540990401307641677_n.jpg\"><img decoding=\"async\" class=\"alignnone size-medium wp-image-4449\" src=\"http:\/\/colegiomedicocat.com.ar\/med\/wp-content\/uploads\/2022\/09\/301229357_509183897873836_2540990401307641677_n-300x181.jpg\" alt=\"\" width=\"300\" height=\"181\" srcset=\"https:\/\/colegiomedicocat.com.ar\/med\/wp-content\/uploads\/2022\/09\/301229357_509183897873836_2540990401307641677_n-300x181.jpg 300w, https:\/\/colegiomedicocat.com.ar\/med\/wp-content\/uploads\/2022\/09\/301229357_509183897873836_2540990401307641677_n-768x464.jpg 768w, https:\/\/colegiomedicocat.com.ar\/med\/wp-content\/uploads\/2022\/09\/301229357_509183897873836_2540990401307641677_n-750x453.jpg 750w, https:\/\/colegiomedicocat.com.ar\/med\/wp-content\/uploads\/2022\/09\/301229357_509183897873836_2540990401307641677_n.jpg 960w\" sizes=\"(max-width: 300px) 100vw, 300px\" \/><\/a> <a href=\"http:\/\/colegiomedicocat.com.ar\/med\/wp-content\/uploads\/2022\/09\/302133739_509183871207172_658117699712462315_n.jpg\"><img loading=\"lazy\" decoding=\"async\" class=\"alignnone size-medium wp-image-4450\" src=\"http:\/\/colegiomedicocat.com.ar\/med\/wp-content\/uploads\/2022\/09\/302133739_509183871207172_658117699712462315_n-300x155.jpg\" alt=\"\" width=\"300\" height=\"155\" srcset=\"https:\/\/colegiomedicocat.com.ar\/med\/wp-content\/uploads\/2022\/09\/302133739_509183871207172_658117699712462315_n-300x155.jpg 300w, https:\/\/colegiomedicocat.com.ar\/med\/wp-content\/uploads\/2022\/09\/302133739_509183871207172_658117699712462315_n-768x398.jpg 768w, https:\/\/colegiomedicocat.com.ar\/med\/wp-content\/uploads\/2022\/09\/302133739_509183871207172_658117699712462315_n-750x388.jpg 750w, https:\/\/colegiomedicocat.com.ar\/med\/wp-content\/uploads\/2022\/09\/302133739_509183871207172_658117699712462315_n.jpg 960w\" sizes=\"(max-width: 300px) 100vw, 300px\" \/><\/a><\/div>\n<div class=\"l7ghb35v kjdc1dyq kmwttqpk gh25dzvf jikcssrz n3t5jt4f\">\n<div dir=\"auto\">\u00a0<\/div>\n<\/div>\n<div class=\"l7ghb35v kjdc1dyq kmwttqpk gh25dzvf jikcssrz n3t5jt4f\">\n<div dir=\"auto\">CONSEJO DIRECTIVO<\/div>\n<div dir=\"auto\">COLEGIO DE M\u00c9DICOS DE CATAMARCA<\/div>\n<\/div>\n","protected":false},"excerpt":{"rendered":"<p>\u00a0 El pasado 26 de Agosto se realiz\u00f3 la Reuni\u00f3n Nacional de CONFEMECO en Catamarca. \u00a0 Se vuelve a la buena costumbre que por la Pandemia se interrumpi\u00f3 de que desembarque en nuestra tierra los representantes de todos los Colegios de M\u00e9dicos asociados a la Confederaci\u00f3n. \u00a0 En una reuni\u00f3n marcada por la camarader\u00eda y [&hellip;]<\/p>\n","protected":false},"author":2,"featured_media":4451,"comment_status":"closed","ping_status":"closed","sticky":false,"template":"","format":"standard","meta":{"_joinchat":[],"footnotes":""},"categories":[9,1],"tags":[],"class_list":["post-4446","post","type-post","status-publish","format-standard","has-post-thumbnail","hentry","category-diapositivas","category-noticias"],"_links":{"self":[{"href":"https:\/\/colegiomedicocat.com.ar\/med\/wp-json\/wp\/v2\/posts\/4446","targetHints":{"allow":["GET"]}}],"collection":[{"href":"https:\/\/colegiomedicocat.com.ar\/med\/wp-json\/wp\/v2\/posts"}],"about":[{"href":"https:\/\/colegiomedicocat.com.ar\/med\/wp-json\/wp\/v2\/types\/post"}],"author":[{"embeddable":true,"href":"https:\/\/colegiomedicocat.com.ar\/med\/wp-json\/wp\/v2\/users\/2"}],"replies":[{"embeddable":true,"href":"https:\/\/colegiomedicocat.com.ar\/med\/wp-json\/wp\/v2\/comments?post=4446"}],"version-history":[{"count":1,"href":"https:\/\/colegiomedicocat.com.ar\/med\/wp-json\/wp\/v2\/posts\/4446\/revisions"}],"predecessor-version":[{"id":4452,"href":"https:\/\/colegiomedicocat.com.ar\/med\/wp-json\/wp\/v2\/posts\/4446\/revisions\/4452"}],"wp:featuredmedia":[{"embeddable":true,"href":"https:\/\/colegiomedicocat.com.ar\/med\/wp-json\/wp\/v2\/media\/4451"}],"wp:attachment":[{"href":"https:\/\/colegiomedicocat.com.ar\/med\/wp-json\/wp\/v2\/media?parent=4446"}],"wp:term":[{"taxonomy":"category","embeddable":true,"href":"https:\/\/colegiomedicocat.com.ar\/med\/wp-json\/wp\/v2\/categories?post=4446"},{"taxonomy":"post_tag","embeddable":true,"href":"https:\/\/colegiomedicocat.com.ar\/med\/wp-json\/wp\/v2\/tags?post=4446"}],"curies":[{"name":"wp","href":"https:\/\/api.w.org\/{rel}","templated":true}]}}