{"id":4471,"date":"2022-09-17T16:33:34","date_gmt":"2022-09-17T16:33:34","guid":{"rendered":"https:\/\/colegiomedicocat.com.ar\/med\/?p=4471"},"modified":"2022-09-17T16:33:35","modified_gmt":"2022-09-17T16:33:35","slug":"dia-muy-triste","status":"publish","type":"post","link":"https:\/\/colegiomedicocat.com.ar\/med\/dia-muy-triste\/","title":{"rendered":"D\u00cdA MUY TRISTE"},"content":{"rendered":"\n\n\n<div class=\"m8h3af8h l7ghb35v kjdc1dyq kmwttqpk gh25dzvf n3t5jt4f\">\n<div dir=\"auto\">\u00a0<\/div>\n<\/div>\n<div class=\"l7ghb35v kjdc1dyq kmwttqpk gh25dzvf jikcssrz n3t5jt4f\">\n<div dir=\"auto\">En el d\u00eda de la fecha a las 6:20 horas falleci\u00f3 nuestro querido Colegiado el Dr. Ricardo Ram\u00f3n Herrera M.P. 1054 M.E. 227.<\/div>\n<\/div>\n<div class=\"l7ghb35v kjdc1dyq kmwttqpk gh25dzvf jikcssrz n3t5jt4f\">\n<div dir=\"auto\">Pionero de la Neurocirug\u00eda catamarque\u00f1a.<\/div>\n<div dir=\"auto\">\u00a0<\/div>\n<\/div>\n<div class=\"l7ghb35v kjdc1dyq kmwttqpk gh25dzvf jikcssrz n3t5jt4f\">\n<div dir=\"auto\"><strong>UNO DE LOS IRREMPLAZABLES.<\/strong><\/div>\n<div dir=\"auto\">\u00a0<\/div>\n<\/div>\n<div class=\"l7ghb35v kjdc1dyq kmwttqpk gh25dzvf jikcssrz n3t5jt4f\">\n<div dir=\"auto\">Ricardo naci\u00f3 en Catamarca hizo su escuela primaria y secundaria en la &#8220;Fray&#8221; antes Escuela Normal de Maestros.<\/div>\n<\/div>\n<div class=\"l7ghb35v kjdc1dyq kmwttqpk gh25dzvf jikcssrz n3t5jt4f\">\n<div dir=\"auto\">Estudio medicina en la Universidad Nacional de C\u00f3rdoba y fue residente del Hospital Italiano de C\u00f3rdoba, en el m\u00edtico Servicio del Prof. Guido Gabriel Gioino.<\/div>\n<div dir=\"auto\">\u00a0<\/div>\n<\/div>\n<div class=\"l7ghb35v kjdc1dyq kmwttqpk gh25dzvf jikcssrz n3t5jt4f\">\n<div dir=\"auto\">Luego se fue a San Luis pero estuvo poco tiempo y volvi\u00f3 a su querida Catamarca.<\/div>\n<\/div>\n<div class=\"l7ghb35v kjdc1dyq kmwttqpk gh25dzvf jikcssrz n3t5jt4f\">\n<div dir=\"auto\">Fundador del Servicio de Neurolog\u00eda y Neurocirug\u00eda del Hospital San Juan Bautista.<\/div>\n<div dir=\"auto\">\u00a0<\/div>\n<\/div>\n<div class=\"l7ghb35v kjdc1dyq kmwttqpk gh25dzvf jikcssrz n3t5jt4f\">\n<div dir=\"auto\">Fue el mentor absoluto y Socio Fundador de la Asociaci\u00f3n de Neurolog\u00eda y Neurocirug\u00eda de Catamarca. Miembro Adherente de la Asociaci\u00f3n Argentina de Neurocirugia.<\/div>\n<div dir=\"auto\">\u00a0<\/div>\n<\/div>\n<div class=\"l7ghb35v kjdc1dyq kmwttqpk gh25dzvf jikcssrz n3t5jt4f\">\n<div dir=\"auto\">Lleg\u00f3 orgullosamente a su jubilaci\u00f3n dejando un Servicio vigoroso que continuar\u00e1 su legado. Demostr\u00f3 que nunca existi\u00f3 impedimento f\u00edsico alguno, para entregar una vida en la Salud P\u00fablica.<\/div>\n<div dir=\"auto\">\u00a0<\/div>\n<\/div>\n<div class=\"l7ghb35v kjdc1dyq kmwttqpk gh25dzvf jikcssrz n3t5jt4f\">\n<div dir=\"auto\">Dedic\u00f3 y entreg\u00f3 su VIDA M\u00c9DICA al Hospital San Juan Bautista.<\/div>\n<div dir=\"auto\">Cada pasillo, sala o quir\u00f3fano extra\u00f1ar\u00e1 su presencia, quedando en el coraz\u00f3n de cada ser humano que transit\u00f3 su tiempo.<\/div>\n<\/div>\n<div class=\"l7ghb35v kjdc1dyq kmwttqpk gh25dzvf jikcssrz n3t5jt4f\">\n<div dir=\"auto\">La Comunidad M\u00e9dica est\u00e1 de luto.<\/div>\n<div dir=\"auto\">\u00a0<\/div>\n<\/div>\n<div class=\"l7ghb35v kjdc1dyq kmwttqpk gh25dzvf jikcssrz n3t5jt4f\">\n<div dir=\"auto\">Abrazamos fuertemente a su familia y sus colegas del Servicio sabiendo que mantendr\u00e1n la llama del sacrificio diario bien encendida.<\/div>\n<\/div>\n<div dir=\"auto\"><a href=\"http:\/\/colegiomedicocat.com.ar\/med\/wp-content\/uploads\/2022\/09\/307374396_520470810078478_1691553622389116916_n.jpg\"><img fetchpriority=\"high\" decoding=\"async\" class=\"size-medium wp-image-4472 aligncenter\" src=\"http:\/\/colegiomedicocat.com.ar\/med\/wp-content\/uploads\/2022\/09\/307374396_520470810078478_1691553622389116916_n-300x214.jpg\" alt=\"\" width=\"300\" height=\"214\" srcset=\"https:\/\/colegiomedicocat.com.ar\/med\/wp-content\/uploads\/2022\/09\/307374396_520470810078478_1691553622389116916_n-300x214.jpg 300w, https:\/\/colegiomedicocat.com.ar\/med\/wp-content\/uploads\/2022\/09\/307374396_520470810078478_1691553622389116916_n-768x548.jpg 768w, https:\/\/colegiomedicocat.com.ar\/med\/wp-content\/uploads\/2022\/09\/307374396_520470810078478_1691553622389116916_n-750x535.jpg 750w, https:\/\/colegiomedicocat.com.ar\/med\/wp-content\/uploads\/2022\/09\/307374396_520470810078478_1691553622389116916_n.jpg 1024w\" sizes=\"(max-width: 300px) 100vw, 300px\" \/><\/a> <a href=\"http:\/\/colegiomedicocat.com.ar\/med\/wp-content\/uploads\/2022\/09\/306348861_520470543411838_6369113745110543128_n.jpg\"><img decoding=\"async\" class=\"size-medium wp-image-4473 aligncenter\" src=\"http:\/\/colegiomedicocat.com.ar\/med\/wp-content\/uploads\/2022\/09\/306348861_520470543411838_6369113745110543128_n-225x300.jpg\" alt=\"\" width=\"225\" height=\"300\" srcset=\"https:\/\/colegiomedicocat.com.ar\/med\/wp-content\/uploads\/2022\/09\/306348861_520470543411838_6369113745110543128_n-225x300.jpg 225w, https:\/\/colegiomedicocat.com.ar\/med\/wp-content\/uploads\/2022\/09\/306348861_520470543411838_6369113745110543128_n-768x1024.jpg 768w, https:\/\/colegiomedicocat.com.ar\/med\/wp-content\/uploads\/2022\/09\/306348861_520470543411838_6369113745110543128_n-750x1001.jpg 750w, https:\/\/colegiomedicocat.com.ar\/med\/wp-content\/uploads\/2022\/09\/306348861_520470543411838_6369113745110543128_n.jpg 769w\" sizes=\"(max-width: 225px) 100vw, 225px\" \/><\/a><\/div>\n<div class=\"l7ghb35v kjdc1dyq kmwttqpk gh25dzvf jikcssrz n3t5jt4f\">\n<div dir=\"auto\" style=\"text-align: center;\"><strong>Termin\u00f3 la GUARDIA DOCTOR !<\/strong><\/div>\n<\/div>\n<div class=\"l7ghb35v kjdc1dyq kmwttqpk gh25dzvf jikcssrz n3t5jt4f\">\n<div dir=\"auto\" style=\"text-align: center;\"><strong>DESCANSE<\/strong><\/div>\n<\/div>\n<div dir=\"auto\">\u00a0<\/div>\n<div dir=\"auto\">\u00a0<\/div>\n<div class=\"l7ghb35v kjdc1dyq kmwttqpk gh25dzvf jikcssrz n3t5jt4f\">\n<div dir=\"auto\"><strong>CONSEJO DIRECTIVO<\/strong><\/div>\n<div dir=\"auto\"><strong>TRIBUNAL DEONTOL\u00d3GICO<\/strong><\/div>\n<div dir=\"auto\"><strong>SECRETARIA ADMINISTRATIVA<\/strong><\/div>\n<\/div>\n<div class=\"l7ghb35v kjdc1dyq kmwttqpk gh25dzvf jikcssrz n3t5jt4f\">\n<div dir=\"auto\"><strong>COLEGIO DE M\u00c9DICOS DE CATAMARCA<\/strong><\/div>\n<\/div>\n","protected":false},"excerpt":{"rendered":"<p>\u00a0 En el d\u00eda de la fecha a las 6:20 horas falleci\u00f3 nuestro querido Colegiado el Dr. Ricardo Ram\u00f3n Herrera M.P. 1054 M.E. 227. Pionero de la Neurocirug\u00eda catamarque\u00f1a. \u00a0 UNO DE LOS IRREMPLAZABLES. \u00a0 Ricardo naci\u00f3 en Catamarca hizo su escuela primaria y secundaria en la &#8220;Fray&#8221; antes Escuela Normal de Maestros. Estudio medicina [&hellip;]<\/p>\n","protected":false},"author":2,"featured_media":0,"comment_status":"closed","ping_status":"closed","sticky":false,"template":"","format":"standard","meta":{"_joinchat":[],"footnotes":""},"categories":[1],"tags":[],"class_list":["post-4471","post","type-post","status-publish","format-standard","hentry","category-noticias"],"_links":{"self":[{"href":"https:\/\/colegiomedicocat.com.ar\/med\/wp-json\/wp\/v2\/posts\/4471","targetHints":{"allow":["GET"]}}],"collection":[{"href":"https:\/\/colegiomedicocat.com.ar\/med\/wp-json\/wp\/v2\/posts"}],"about":[{"href":"https:\/\/colegiomedicocat.com.ar\/med\/wp-json\/wp\/v2\/types\/post"}],"author":[{"embeddable":true,"href":"https:\/\/colegiomedicocat.com.ar\/med\/wp-json\/wp\/v2\/users\/2"}],"replies":[{"embeddable":true,"href":"https:\/\/colegiomedicocat.com.ar\/med\/wp-json\/wp\/v2\/comments?post=4471"}],"version-history":[{"count":1,"href":"https:\/\/colegiomedicocat.com.ar\/med\/wp-json\/wp\/v2\/posts\/4471\/revisions"}],"predecessor-version":[{"id":4474,"href":"https:\/\/colegiomedicocat.com.ar\/med\/wp-json\/wp\/v2\/posts\/4471\/revisions\/4474"}],"wp:attachment":[{"href":"https:\/\/colegiomedicocat.com.ar\/med\/wp-json\/wp\/v2\/media?parent=4471"}],"wp:term":[{"taxonomy":"category","embeddable":true,"href":"https:\/\/colegiomedicocat.com.ar\/med\/wp-json\/wp\/v2\/categories?post=4471"},{"taxonomy":"post_tag","embeddable":true,"href":"https:\/\/colegiomedicocat.com.ar\/med\/wp-json\/wp\/v2\/tags?post=4471"}],"curies":[{"name":"wp","href":"https:\/\/api.w.org\/{rel}","templated":true}]}}