{"id":4536,"date":"2022-10-22T12:16:00","date_gmt":"2022-10-22T12:16:00","guid":{"rendered":"https:\/\/colegiomedicocat.com.ar\/med\/?p=4536"},"modified":"2022-10-23T12:29:44","modified_gmt":"2022-10-23T12:29:44","slug":"a-la-opinion-publica","status":"publish","type":"post","link":"https:\/\/colegiomedicocat.com.ar\/med\/a-la-opinion-publica\/","title":{"rendered":"A LA OPINI\u00d3N P\u00daBLICA"},"content":{"rendered":"\n\n\n<div class=\"xdj266r x11i5rnm xat24cr x1mh8g0r x1vvkbs x126k92a\">\n<div dir=\"auto\">\u00a0<\/div>\n<\/div>\n<div class=\"x11i5rnm xat24cr x1mh8g0r x1vvkbs xtlvy1s x126k92a\">\n<div dir=\"auto\">Las dos Entidades que nuclean a la totalidad de los m\u00e9dicos de la provincia, ven con mucha preocupaci\u00f3n y sorpresa los desconsiderados conceptos vertidos sobre los profesionales m\u00e9dicos, como el caso de opiniones an\u00f3nimas desde una editorial period\u00edstica el pasado 21 de Octubre del corriente.<\/div>\n<\/div>\n<div class=\"x11i5rnm xat24cr x1mh8g0r x1vvkbs xtlvy1s x126k92a\">\n<div dir=\"auto\">No es nuestro \u00e1nimo responder a la misma, pues entendemos los claros intereses de la cr\u00edtica por la cr\u00edtica misma, sin buscar construir nada.<\/div>\n<div dir=\"auto\">\u00a0<\/div>\n<\/div>\n<div class=\"x11i5rnm xat24cr x1mh8g0r x1vvkbs xtlvy1s x126k92a\">\n<div dir=\"auto\">Queremos expresar que estamos hablando del <strong>TRABAJO MEDICO, del ACTO MEDICO.<\/strong><\/div>\n<\/div>\n<div class=\"x11i5rnm xat24cr x1mh8g0r x1vvkbs xtlvy1s x126k92a\">\n<div dir=\"auto\">Es aqu\u00ed el punto que, como sociedad debemos comprender: Nuestros m\u00e9dicos viven de su profesi\u00f3n, de lo que estudiaron y se prepararon.<\/div>\n<div dir=\"auto\">\u00a0<\/div>\n<\/div>\n<div class=\"x11i5rnm xat24cr x1mh8g0r x1vvkbs xtlvy1s x126k92a\">\n<div dir=\"auto\">Detr\u00e1s de ellos hay una familia que sostener, que vive, estudia, se alimenta, \u00a1Y paga sus impuestos!.<\/div>\n<\/div>\n<div class=\"x11i5rnm xat24cr x1mh8g0r x1vvkbs xtlvy1s x126k92a\">\n<div dir=\"auto\">Tenemos el honor, el privilegio y la enorme responsabilidad de cuidar la salud de la poblaci\u00f3n.<\/div>\n<\/div>\n<div class=\"x11i5rnm xat24cr x1mh8g0r x1vvkbs xtlvy1s x126k92a\">\n<div dir=\"auto\">No queremos hablar de remuneraciones justas solamente, solo queremos resaltar y defender el TRABAJO MEDICO, digno y sacrificado. Lo especial que significa estar al lado de una persona enferma.<\/div>\n<\/div>\n<div class=\"x11i5rnm xat24cr x1mh8g0r x1vvkbs xtlvy1s x126k92a\">\n<div dir=\"auto\">La Medicina requiere como ya se dijo de actualizaci\u00f3n continua, de estudio permanente, y peri\u00f3dicamente demostrar su idoneidad en recertificaciones de pr\u00e1cticas y especialidades, no solo con el trabajo diario, sino con cursos y capacitaciones onerosas.<\/div>\n<div dir=\"auto\">\u00a0<\/div>\n<\/div>\n<div class=\"x11i5rnm xat24cr x1mh8g0r x1vvkbs xtlvy1s x126k92a\">\n<div dir=\"auto\">Si bien todos los efectores sanitarios son art\u00edfices y medios indispensables para la salud de la poblaci\u00f3n, es el m\u00e9dico\/a el agente de m\u00e1xima responsabilidad ante los resultados obtenidos, respondiendo con sus propios bienes y certificaci\u00f3n, ante las demandas surgidas.<\/div>\n<div dir=\"auto\">\u00a0<\/div>\n<div dir=\"auto\">Por lo tanto, un efector que merece un justo y debido respeto.<\/div>\n<\/div>\n<div class=\"x11i5rnm xat24cr x1mh8g0r x1vvkbs xtlvy1s x126k92a\">\n<div dir=\"auto\">El m\u00e9dico se ve en la necesidad de adquirir y administrar medios materiales de muy alto costo, adem\u00e1s de a\u00f1os de inversi\u00f3n personal en capacitaciones.<\/div>\n<div dir=\"auto\">\u00a0<\/div>\n<\/div>\n<div class=\"x11i5rnm xat24cr x1mh8g0r x1vvkbs xtlvy1s x126k92a\">\n<div dir=\"auto\">Y los resultados dependen exclusivamente de ello.<\/div>\n<\/div>\n<div class=\"x11i5rnm xat24cr x1mh8g0r x1vvkbs xtlvy1s x126k92a\">\n<div dir=\"auto\">Hemos vivido esta <strong>PANDEMIA<\/strong> con un sistema sanitario al l\u00edmite, m\u00e9dicos exhaustos y fallecimientos de varios colegas en todo el pa\u00eds, cumpliendo su deber. Ya <em><strong>NO<\/strong><\/em> se quiere m\u00e1s aplausos ni migajas, ni bonos oportunistas; SI soluciones de fondo y sinceras.<\/div>\n<div dir=\"auto\">\u00a0<\/div>\n<\/div>\n<div class=\"x11i5rnm xat24cr x1mh8g0r x1vvkbs xtlvy1s x126k92a\">\n<div dir=\"auto\">Hoy somos testigos del acompa\u00f1amiento y participaci\u00f3n activa de los m\u00e9dicos en las manifestaciones de la salud p\u00fablica, a trav\u00e9s de innumerables marchas y petitorios, p\u00fablicamente conocidos.<\/div>\n<div dir=\"auto\">\u00a0<\/div>\n<\/div>\n<div class=\"x11i5rnm xat24cr x1mh8g0r x1vvkbs xtlvy1s x126k92a\">\n<div dir=\"auto\">La Salud nunca pudo realizar cese total de actividades, como otros gremios, por cuestiones l\u00f3gicas. Sin embargo, hay l\u00edmites que los profesionales ya no pueden sostener.<\/div>\n<div dir=\"auto\">\u00a0<\/div>\n<\/div>\n<div class=\"x11i5rnm xat24cr x1mh8g0r x1vvkbs xtlvy1s x126k92a\">\n<div dir=\"auto\">El Interior Provincial vive esta realidad, tal vez m\u00e1s profunda, con falta de pol\u00edticas de inserci\u00f3n de profesionales como ya se dijo, con falta de nombramientos, con edificios o equipos m\u00e9dicos sin personal, promesas incumplidas en cuanto al Recurso Humano.<\/div>\n<div dir=\"auto\">\u00a0<\/div>\n<div dir=\"auto\">El Interior hoy sostiene lo m\u00e1s duro de la Salud p\u00fablica. Parece que cuesta ver que hay localidades con un solo m\u00e9dico o dos, que desarrollan su trabajo, critico por donde se lo vea. Con guardias que no tienen fin.<\/div>\n<div dir=\"auto\">\u00a0<\/div>\n<\/div>\n<div class=\"x11i5rnm xat24cr x1mh8g0r x1vvkbs xtlvy1s x126k92a\">\n<div dir=\"auto\">Este es el <strong>CORAZON DEL RECLAMO.<a href=\"http:\/\/colegiomedicocat.com.ar\/med\/wp-content\/uploads\/2022\/10\/colegiotitulo.jpg\"><img fetchpriority=\"high\" decoding=\"async\" class=\" wp-image-4537 alignright\" src=\"http:\/\/colegiomedicocat.com.ar\/med\/wp-content\/uploads\/2022\/10\/colegiotitulo-300x210.jpg\" alt=\"\" width=\"424\" height=\"297\" srcset=\"https:\/\/colegiomedicocat.com.ar\/med\/wp-content\/uploads\/2022\/10\/colegiotitulo-300x210.jpg 300w, https:\/\/colegiomedicocat.com.ar\/med\/wp-content\/uploads\/2022\/10\/colegiotitulo-1024x716.jpg 1024w, https:\/\/colegiomedicocat.com.ar\/med\/wp-content\/uploads\/2022\/10\/colegiotitulo-768x537.jpg 768w, https:\/\/colegiomedicocat.com.ar\/med\/wp-content\/uploads\/2022\/10\/colegiotitulo-1536x1074.jpg 1536w, https:\/\/colegiomedicocat.com.ar\/med\/wp-content\/uploads\/2022\/10\/colegiotitulo-750x525.jpg 750w, https:\/\/colegiomedicocat.com.ar\/med\/wp-content\/uploads\/2022\/10\/colegiotitulo.jpg 1754w\" sizes=\"(max-width: 424px) 100vw, 424px\" \/><\/a><\/strong><\/div>\n<div dir=\"auto\">\u00a0<\/div>\n<\/div>\n<div class=\"x11i5rnm xat24cr x1mh8g0r x1vvkbs xtlvy1s x126k92a\">\n<div dir=\"auto\">Hoy se\u00f1alamos en particular a una parte del periodismo malintencionado, que deber\u00eda reflejar la verdad, entendiendo su responsabilidad social y que deber\u00eda estudiar a fondo el conflicto, pues no se trata solamente de lo salarial, ni de atacar al \u201cbombero en medio de un incendio\u201d GRAN ERROR.<\/div>\n<\/div>\n<div class=\"x11i5rnm xat24cr x1mh8g0r x1vvkbs xtlvy1s x126k92a\">\n<div dir=\"auto\">Los m\u00e9dicos y medicas somos trabajadores como cualquier otro, lo hacemos en el \u00e1mbito p\u00fablico y privado. Es una realidad que reina el politrabajo y tal vez ah\u00ed se deba buscar parte del problema, las preguntas, el porqu\u00e9, y tal vez, parte de las soluciones.<\/div>\n<\/div>\n<div class=\"x11i5rnm xat24cr x1mh8g0r x1vvkbs xtlvy1s x126k92a\">\n<div dir=\"auto\">Como tambi\u00e9n preguntarnos por qu\u00e9 no se radican profesionales generales y especialistas en el interior de la Provincia.<\/div>\n<\/div>\n<div class=\"x11i5rnm xat24cr x1mh8g0r x1vvkbs xtlvy1s x126k92a\">\n<div dir=\"auto\">Debemos sincerarnos todos. Pero con salarios y condiciones dignas.<\/div>\n<div dir=\"auto\">Es un reclamo justo y genuino, y es URGENTE EL CAMBIO EN EL SISTEMA DE SALUD.<\/div>\n<\/div>\n<div class=\"x11i5rnm xat24cr x1mh8g0r x1vvkbs xtlvy1s x126k92a\">\n<div dir=\"auto\">Por ello nos resulta muy cuestionable el liviano destrato hacia personas que se formaron, y se actualizan constantemente, nada m\u00e1s y nada menos, que para asistir al pr\u00f3jimo.<\/div>\n<\/div>\n<div class=\"x11i5rnm xat24cr x1mh8g0r x1vvkbs xtlvy1s x126k92a\">\n<div dir=\"auto\">Seguiremos en el camino a pesar de las dificultades, porque nuestro compromiso con la sociedad y los pacientes es permanente e irrenunciable.<\/div>\n<\/div>\n<div class=\"x11i5rnm xat24cr x1mh8g0r x1vvkbs xtlvy1s x126k92a\">\n<div dir=\"auto\">S\u00f3lo pedimos principio de justicia.<\/div>\n<div dir=\"auto\">No existen intereses subalternos y cabr\u00eda preguntarse si desde el anonimato alguien puede juzgar la conductas de otras personas, eso es, como m\u00ednimo,repudiable.<\/div>\n<\/div>\n<div class=\"x11i5rnm xat24cr x1mh8g0r x1vvkbs xtlvy1s x126k92a\">\n<div dir=\"auto\">Reiteramos, que el reclamo no es pol\u00edtico. Consideramos muy irresponsable afirmar que el 70% de los profesionales est\u00e1n alineados en contra de un gobierno, esto no es as\u00ed, es <strong>FALSO Y MALINTENCIONADO.<\/strong><\/div>\n<\/div>\n<div class=\"x11i5rnm xat24cr x1mh8g0r x1vvkbs xtlvy1s x126k92a\">\n<div dir=\"auto\">La Salud debe ser apol\u00edtica, es el bien m\u00e1s preciado de una persona.<\/div>\n<div dir=\"auto\">\u00a0<\/div>\n<\/div>\n<div class=\"x11i5rnm xat24cr x1mh8g0r x1vvkbs xtlvy1s x126k92a\">\n<div dir=\"auto\">Asi como tampoco es de gremios, ni solamente un conflicto remunerativo.<\/div>\n<div dir=\"auto\">Tambi\u00e9n es falso que faltan los m\u00e9dicos en el reclamo o en las marchas, ser\u00e1 en todo caso que no estudiamos para reclamar, y s\u00ed para dar un Servicio. O ser\u00e1 que el Recurso Humano es poco y a pesar de todo siempre garantizamos la atenci\u00f3n de las Urgencias y la Emergencias.<\/div>\n<div dir=\"auto\">\u00a0<\/div>\n<\/div>\n<div class=\"x11i5rnm xat24cr x1mh8g0r x1vvkbs xtlvy1s x126k92a\">\n<div dir=\"auto\">Nadie act\u00faa desde las sombras alentando protestas, son reclamos justos. Es de mal intencionada ignorancia creer que se terminan favoreciendo los<strong> MEDICOS.<\/strong> Tan lejos est\u00e1n de entender esta Grave Crisis de la Salud Publica.<\/div>\n<\/div>\n<div class=\"x11i5rnm xat24cr x1mh8g0r x1vvkbs xtlvy1s x126k92a\">\n<div dir=\"auto\">Esto es en favor de la <strong>SALUD DE TODA LA POBLACION,<\/strong> que son los potenciales pacientes, es \u201cla Salud de SU poblaci\u00f3n\u201d, de SU familia al fin, de ellos mismos alg\u00fan d\u00eda.<\/div>\n<div dir=\"auto\">\u00a0<\/div>\n<\/div>\n<div class=\"x11i5rnm xat24cr x1mh8g0r x1vvkbs xtlvy1s x126k92a\">\n<div dir=\"auto\">Siempre estaremos al lado de cada colega, compartiendo y defendiendo un reclamo genuino.<\/div>\n<\/div>\n<div dir=\"auto\">\u00a0<\/div>\n<div class=\"x11i5rnm xat24cr x1mh8g0r x1vvkbs xtlvy1s x126k92a\">\n<div dir=\"auto\"><strong>COMISI\u00d3N DIRECTIVA<\/strong><\/div>\n<div dir=\"auto\"><strong>C\u00cdRCULO M\u00c9DICO DE CATAMARCA<\/strong><\/div>\n<\/div>\n<div class=\"x11i5rnm xat24cr x1mh8g0r x1vvkbs xtlvy1s x126k92a\">\n<div dir=\"auto\"><strong>CONSEJO DIRECTIVO<\/strong><\/div>\n<div dir=\"auto\"><strong>COLEGIO DE M\u00c9DICOS DE CATAMARCA<\/strong><\/div>\n<\/div>\n","protected":false},"excerpt":{"rendered":"<p>\u00a0 Las dos Entidades que nuclean a la totalidad de los m\u00e9dicos de la provincia, ven con mucha preocupaci\u00f3n y sorpresa los desconsiderados conceptos vertidos sobre los profesionales m\u00e9dicos, como el caso de opiniones an\u00f3nimas desde una editorial period\u00edstica el pasado 21 de Octubre del corriente. No es nuestro \u00e1nimo responder a la misma, pues [&hellip;]<\/p>\n","protected":false},"author":2,"featured_media":0,"comment_status":"closed","ping_status":"closed","sticky":false,"template":"","format":"standard","meta":{"_joinchat":[],"footnotes":""},"categories":[9,1],"tags":[],"class_list":["post-4536","post","type-post","status-publish","format-standard","hentry","category-diapositivas","category-noticias"],"_links":{"self":[{"href":"https:\/\/colegiomedicocat.com.ar\/med\/wp-json\/wp\/v2\/posts\/4536","targetHints":{"allow":["GET"]}}],"collection":[{"href":"https:\/\/colegiomedicocat.com.ar\/med\/wp-json\/wp\/v2\/posts"}],"about":[{"href":"https:\/\/colegiomedicocat.com.ar\/med\/wp-json\/wp\/v2\/types\/post"}],"author":[{"embeddable":true,"href":"https:\/\/colegiomedicocat.com.ar\/med\/wp-json\/wp\/v2\/users\/2"}],"replies":[{"embeddable":true,"href":"https:\/\/colegiomedicocat.com.ar\/med\/wp-json\/wp\/v2\/comments?post=4536"}],"version-history":[{"count":1,"href":"https:\/\/colegiomedicocat.com.ar\/med\/wp-json\/wp\/v2\/posts\/4536\/revisions"}],"predecessor-version":[{"id":4538,"href":"https:\/\/colegiomedicocat.com.ar\/med\/wp-json\/wp\/v2\/posts\/4536\/revisions\/4538"}],"wp:attachment":[{"href":"https:\/\/colegiomedicocat.com.ar\/med\/wp-json\/wp\/v2\/media?parent=4536"}],"wp:term":[{"taxonomy":"category","embeddable":true,"href":"https:\/\/colegiomedicocat.com.ar\/med\/wp-json\/wp\/v2\/categories?post=4536"},{"taxonomy":"post_tag","embeddable":true,"href":"https:\/\/colegiomedicocat.com.ar\/med\/wp-json\/wp\/v2\/tags?post=4536"}],"curies":[{"name":"wp","href":"https:\/\/api.w.org\/{rel}","templated":true}]}}