{"id":4555,"date":"2022-10-29T20:48:00","date_gmt":"2022-10-29T20:48:00","guid":{"rendered":"https:\/\/colegiomedicocat.com.ar\/med\/?p=4555"},"modified":"2022-11-04T22:04:52","modified_gmt":"2022-11-04T22:04:52","slug":"dia-mundial-de-la-concientizacion-del-acv","status":"publish","type":"post","link":"https:\/\/colegiomedicocat.com.ar\/med\/dia-mundial-de-la-concientizacion-del-acv\/","title":{"rendered":"D\u00cdA MUNDIAL DE LA CONCIENTIZACI\u00d3N DEL ACV"},"content":{"rendered":"\n<div>\n<div class=\"\" dir=\"auto\">\n<div id=\"jsc_c_16h\" class=\"x1iorvi4 x1pi30zi x1l90r2v x1swvt13\" data-ad-comet-preview=\"message\" data-ad-preview=\"message\">\n<div class=\"x78zum5 xdt5ytf xz62fqu x16ldp7u\">\n<div class=\"xu06os2 x1ok221b\">\n<div class=\"xdj266r x11i5rnm xat24cr x1mh8g0r x1vvkbs x126k92a\">\n<div dir=\"auto\">\u00a0<\/div>\n<\/div>\n<div class=\"x11i5rnm xat24cr x1mh8g0r x1vvkbs xtlvy1s x126k92a\">\n<div dir=\"auto\">El 29 de octubre se conmemora el D\u00eda Mundial del Ataque Cerebrovascular, una patolog\u00eda que seg\u00fan la Organizaci\u00f3n Mundial de la Salud representa la segunda causa de muerte y la primera de discapacidad entre los adultos a nivel global.<\/div>\n<\/div>\n<div class=\"x11i5rnm xat24cr x1mh8g0r x1vvkbs xtlvy1s x126k92a\">\n<div dir=\"auto\">Debemos tomar conciencia en el control de la Hipertensi\u00f3n Arterial, de las Arritmias Card\u00edacas y los distintos factores de riesgo prevenibles de la enfermedad Arterial.<\/div>\n<div dir=\"auto\">\u00a0<\/div>\n<\/div>\n<div class=\"x11i5rnm xat24cr x1mh8g0r x1vvkbs xtlvy1s x126k92a\">\n<div dir=\"auto\">Los m\u00e9dicos somos los vectores del cambio para la prevenci\u00f3n de este flagelo.<\/div>\n<div dir=\"auto\">\u00a0<\/div>\n<\/div>\n<div class=\"x11i5rnm xat24cr x1mh8g0r x1vvkbs xtlvy1s x126k92a\">\n<div dir=\"auto\"><strong>CONSEJO DIRECTIVO<\/strong><\/div>\n<div dir=\"auto\"><strong>COLEGIO DE M\u00c9DICOS DE CATAMARCA<\/strong><\/div>\n<\/div>\n<\/div>\n<\/div>\n<\/div>\n<\/div>\n<div id=\"jsc_c_16i\" class=\"x1n2onr6\">\n<div class=\"x1n2onr6\">\n<div>\n<div class=\"x6s0dn4 x1jx94hy x78zum5 xdt5ytf x6ikm8r x10wlt62 x1n2onr6 xh8yej3\">\n<div>\n<div class=\"xqtp20y x6ikm8r x10wlt62 x1n2onr6\">\n<div class=\"x10l6tqk x13vifvy\"><img fetchpriority=\"high\" decoding=\"async\" class=\"x1ey2m1c xds687c x5yr21d x10l6tqk x17qophe x13vifvy xh8yej3 xl1xv1r aligncenter\" src=\"https:\/\/scontent.faep6-2.fna.fbcdn.net\/v\/t39.30808-6\/312347181_559788522813373_2590635486797261612_n.jpg?_nc_cat=110&amp;ccb=1-7&amp;_nc_sid=8bfeb9&amp;_nc_eui2=AeE2-JT5h0IYJCKsQffVQ_hTjVxvCwBWllqNXG8LAFaWWslPolNjGtsvBK_B2Vttuvs&amp;_nc_ohc=PessBc8mH8UAX_eLv3_&amp;_nc_ht=scontent.faep6-2.fna&amp;oh=00_AfC0JMmTADDlbs7xtNArWnBQ9sRMaGrT1GVst3VJV-5Yew&amp;oe=636A1726\" alt=\"No hay ninguna descripci\u00f3n de la foto disponible.\" width=\"531\" height=\"534\" \/><\/div>\n<\/div>\n<\/div>\n<\/div>\n<div class=\"xua58t2 xzg4506 x1ey2m1c xds687c x47corl x10l6tqk x17qophe x13vifvy\">\u00a0<\/div>\n<div class=\"x1o1ewxj x3x9cwd x1e5q0jg x13rtm0m x1ey2m1c xds687c xg01cxk x47corl x10l6tqk x17qophe x13vifvy x1ebt8du x19991ni x1dhq9h\" data-visualcompletion=\"ignore\">\u00a0<\/div>\n<\/div>\n<\/div>\n<div class=\"x10wlt62 x6ikm8r\" aria-hidden=\"false\">\u00a0<\/div>\n<\/div>\n<\/div>\n<div>\n<div class=\"x10wlt62 x6ikm8r x9jhf4c x30kzoy x13lgxp2 x168nmei\" data-visualcompletion=\"ignore-dynamic\">\n<div class=\"x1n2onr6\">\n<div class=\"x6s0dn4 xi81zsa x78zum5 x6prxxf x13a6bvl xvq8zen xdj266r xktsk01 xat24cr x1d52u69 x889kno x4uap5 x1a8lsjc xkhd6sd xdppsyt\">\n<div class=\"x6s0dn4 x78zum5 x1iyjqo2 x6ikm8r x10wlt62\">\n<div class=\"x1i10hfl x1qjc9v5 xjbqb8w xjqpnuy xa49m3k xqeqjp1 x2hbi6w x13fuv20 xu3j5b3 x1q0q8m5 x26u7qi x972fbf xcfux6l x1qhh985 xm0m39n x9f619 x1ypdohk xdl72j9 x2lah0s xe8uvvx xdj266r x11i5rnm xat24cr x1mh8g0r x2lwn1j xeuugli xexx8yu x4uap5 x18d9i69 xkhd6sd x1n2onr6 x16tdsg8 x1hl2dhg xggy1nq x1ja2u2z x1t137rt x1o1ewxj x3x9cwd x1e5q0jg x13rtm0m x3nfvp2 x1q0g3np x87ps6o x1lku1pv x1a2a7pz\" tabindex=\"0\" role=\"button\" aria-label=\"Me gusta: 15 personas\">\u00a0<\/div>\n<\/div>\n<\/div>\n<\/div>\n<\/div>\n<\/div>\n","protected":false},"excerpt":{"rendered":"<p>\u00a0 El 29 de octubre se conmemora el D\u00eda Mundial del Ataque Cerebrovascular, una patolog\u00eda que seg\u00fan la Organizaci\u00f3n Mundial de la Salud representa la segunda causa de muerte y la primera de discapacidad entre los adultos a nivel global. Debemos tomar conciencia en el control de la Hipertensi\u00f3n Arterial, de las Arritmias Card\u00edacas y [&hellip;]<\/p>\n","protected":false},"author":2,"featured_media":0,"comment_status":"closed","ping_status":"closed","sticky":false,"template":"","format":"standard","meta":{"_joinchat":[],"footnotes":""},"categories":[1],"tags":[],"class_list":["post-4555","post","type-post","status-publish","format-standard","hentry","category-noticias"],"_links":{"self":[{"href":"https:\/\/colegiomedicocat.com.ar\/med\/wp-json\/wp\/v2\/posts\/4555","targetHints":{"allow":["GET"]}}],"collection":[{"href":"https:\/\/colegiomedicocat.com.ar\/med\/wp-json\/wp\/v2\/posts"}],"about":[{"href":"https:\/\/colegiomedicocat.com.ar\/med\/wp-json\/wp\/v2\/types\/post"}],"author":[{"embeddable":true,"href":"https:\/\/colegiomedicocat.com.ar\/med\/wp-json\/wp\/v2\/users\/2"}],"replies":[{"embeddable":true,"href":"https:\/\/colegiomedicocat.com.ar\/med\/wp-json\/wp\/v2\/comments?post=4555"}],"version-history":[{"count":1,"href":"https:\/\/colegiomedicocat.com.ar\/med\/wp-json\/wp\/v2\/posts\/4555\/revisions"}],"predecessor-version":[{"id":4556,"href":"https:\/\/colegiomedicocat.com.ar\/med\/wp-json\/wp\/v2\/posts\/4555\/revisions\/4556"}],"wp:attachment":[{"href":"https:\/\/colegiomedicocat.com.ar\/med\/wp-json\/wp\/v2\/media?parent=4555"}],"wp:term":[{"taxonomy":"category","embeddable":true,"href":"https:\/\/colegiomedicocat.com.ar\/med\/wp-json\/wp\/v2\/categories?post=4555"},{"taxonomy":"post_tag","embeddable":true,"href":"https:\/\/colegiomedicocat.com.ar\/med\/wp-json\/wp\/v2\/tags?post=4555"}],"curies":[{"name":"wp","href":"https:\/\/api.w.org\/{rel}","templated":true}]}}