{"id":4635,"date":"2022-12-05T12:22:17","date_gmt":"2022-12-05T12:22:17","guid":{"rendered":"https:\/\/colegiomedicocat.com.ar\/med\/?p=4635"},"modified":"2022-12-05T12:22:27","modified_gmt":"2022-12-05T12:22:27","slug":"premio","status":"publish","type":"post","link":"https:\/\/colegiomedicocat.com.ar\/med\/premio\/","title":{"rendered":"PREMIO"},"content":{"rendered":"\n<div class=\"x11i5rnm xat24cr x1mh8g0r x1vvkbs xdj266r x126k92a\">\n<div dir=\"auto\">\u00a0<\/div>\n<\/div>\n<div class=\"x11i5rnm xat24cr x1mh8g0r x1vvkbs xtlvy1s x126k92a\">\n<div dir=\"auto\">En el d\u00eda de ayer, en el acto programado por el Colegio de M\u00e9dicos en el aula magna de la Universidad Nacional de<a href=\"http:\/\/colegiomedicocat.com.ar\/med\/wp-content\/uploads\/2022\/12\/317897180_1718158411891066_5325250813268337128_n.jpg\"><img fetchpriority=\"high\" decoding=\"async\" class=\" wp-image-4636 alignright\" src=\"http:\/\/colegiomedicocat.com.ar\/med\/wp-content\/uploads\/2022\/12\/317897180_1718158411891066_5325250813268337128_n-300x268.jpg\" alt=\"\" width=\"484\" height=\"432\" srcset=\"https:\/\/colegiomedicocat.com.ar\/med\/wp-content\/uploads\/2022\/12\/317897180_1718158411891066_5325250813268337128_n-300x268.jpg 300w, https:\/\/colegiomedicocat.com.ar\/med\/wp-content\/uploads\/2022\/12\/317897180_1718158411891066_5325250813268337128_n.jpg 600w\" sizes=\"(max-width: 484px) 100vw, 484px\" \/><\/a> Catamarca, fui distinguido con el<\/div>\n<div dir=\"auto\">PREMIO SALOM\u00d3N LEVI A LA TRAYECTORIA EN MEDICINA, y deseo compartirlo con ustedes, mis amigos.<\/div>\n<div dir=\"auto\">\u00a0<\/div>\n<\/div>\n<div class=\"x11i5rnm xat24cr x1mh8g0r x1vvkbs xtlvy1s x126k92a\">\n<div dir=\"auto\">En primer lugar quiero destacar la actitud de las autoridades del Colegio de M\u00e9dicos, que adem\u00e1s de modernizar, dando una nueva din\u00e1mica al organismo, instituye para los colegiados, en conmemoraci\u00f3n del D\u00eda del M\u00e9dico, una serie de reconocimientos y premios al esfuerzo, al estudio y perfeccionamiento, a la dedicaci\u00f3n profesional, la permanencia, la excelencia, los logros acad\u00e9micos, las realizaciones comunitarias, etc., cuyos beneficiarios finales son los pacientes, o, m\u00e1s propiamente, padecientes.<\/div>\n<div dir=\"auto\">\u00a0<\/div>\n<div dir=\"auto\">En estos tiempos casi apocal\u00edpticos que estamos transitando, donde las virtudes y los valores son considerados meros abalorios, y quienes los cultivan, muchas veces motivo y blanco de sornas. En que se desprestigia al m\u00e9rito y se bastardea la excelencia, dando raz\u00f3n y dolorosa actualidad a ese tratado de filosof\u00eda popular de Disc\u00e9polo, cuando el poeta dice &#8220;&#8230;lo mismo un burro que un gran profesor\u2026&#8221;, haber tomado esta posta de destacar y gratificar, en una justa anagn\u00f3risis, a sus asociados, es digna de elogios y admiraci\u00f3n. Adem\u00e1s, la premiaci\u00f3n honor\u00edfica a la dedicaci\u00f3n y los logros profesionales, am\u00e9n de un reconocimiento a los destacados, sirve como est\u00edmulo para la superaci\u00f3n de las generaciones que vienen por detr\u00e1s.<\/div>\n<div dir=\"auto\">\u00a0<\/div>\n<div dir=\"auto\">Siempre, en la historia de la civilizaci\u00f3n, se han resaltado el valor y el m\u00e9rito. Los egipcios, la cultura m\u00e1s avanzada de la antig\u00fcedad premiaba a sus militares destacados con &#8220;El oro del valor&#8221; y un reconocimiento conocido como &#8220;El mejor de diez mil&#8221;. Sus m\u00e9dicos, arquitectos y escribas, que llegaban a serlo despu\u00e9s de largos a\u00f1os de exigentes estudios, incre\u00edblemente avanzados para su tiempo, gozaban de un lugar destacado en la organizaci\u00f3n social y mejores condiciones de vida.<\/div>\n<div dir=\"auto\">\u00a0<\/div>\n<div dir=\"auto\">Los premios y castigos existen desde el origen de los tiempos y se replican en innumerables cap\u00edtulos y vers\u00edculos de las Sagradas Escrituras, y en todas las religiones y culturas.<\/div>\n<div dir=\"auto\">As\u00ed que haber retomado la sana costumbre de destacar las conductas profesionales que se creen meritorias, merece todos los aplausos.<\/div>\n<div dir=\"auto\">\u00a0<\/div>\n<\/div>\n<div class=\"x11i5rnm xat24cr x1mh8g0r x1vvkbs xtlvy1s x126k92a\">\n<div dir=\"auto\">En segundo lugar, quiero agradecerles la generosidad de haberme considerado uno de los merecedores del PREMIO SALOM\u00d3N LEVI A LA TRAYECTORIA EN MEDICINA, al que acepto con humildad, pero orgulloso de haber sido uno de los elegidos, a d\u00edas de cumplir 50 a\u00f1os de ejercicio profesional ininterrumpido.<\/div>\n<div dir=\"auto\">He tenido la suerte de recibir otros premios importantes en mi vida, pero creo que \u00e9ste es muy trascendente, porque lleva el nombre de mi distinguido amigo y colega quien dedic\u00f3 su existencia, hasta sus \u00faltimos d\u00edas, a la Ciencia M\u00e9dica, que desempe\u00f1\u00f3 con sapiencia, y solvencia profesional, moral y \u00e9tica.<\/div>\n<div dir=\"auto\">\u00a0<\/div>\n<div dir=\"auto\">Y por haber sido elegido por mis propios colegas, quienes evaluaron mi extensa trayectoria profesional de medio siglo, habiendo realizado este a\u00f1o la \u00faltima recertificaci\u00f3n de mis t\u00edtulos de Especialista en Cardiolog\u00eda y Medicina Legal, y continuando en actividad, por gracia de Dios, luchando por la vida. Muchas gracias a todos por su nobleza y benevolencia!!<\/div>\n<div dir=\"auto\">\u00a0<\/div>\n<div dir=\"auto\">Parafraseando al exquisito poeta Amado Nervo &#8220;&#8230;Cuando plant\u00e9 rosales cosech\u00e9 siempre rosas\u2026&#8221;<\/div>\n<div dir=\"auto\">Y nunca olvidemos lo que dijo el gran Gabo en su discurso al recibir el Premio Nobel de Literatura:<\/div>\n<div dir=\"auto\">&#8220;Ni los diluvios ni las pestes, ni las hambrunas ni los cataclismos, ni siquiera las guerras eternas a trav\u00e9s de los siglos y los siglos han conseguido reducir la ventaja tenaz de la vida sobre la muerte&#8221;.<\/div>\n<\/div>\n<div class=\"x11i5rnm xat24cr x1mh8g0r x1vvkbs xtlvy1s x126k92a\">\n<div dir=\"auto\">\u00a0<\/div>\n<div dir=\"auto\"><strong>Catamarca, 3 de diciembre de 2022, en mi 50tvo. <\/strong><\/div>\n<div dir=\"auto\"><strong>D\u00eda del M\u00e9dico.<\/strong><\/div>\n<div dir=\"auto\"><strong>Dr. Jorge F. Chayep<\/strong><\/div>\n<\/div>\n\n\n","protected":false},"excerpt":{"rendered":"<p>\u00a0 En el d\u00eda de ayer, en el acto programado por el Colegio de M\u00e9dicos en el aula magna de la Universidad Nacional de Catamarca, fui distinguido con el PREMIO SALOM\u00d3N LEVI A LA TRAYECTORIA EN MEDICINA, y deseo compartirlo con ustedes, mis amigos. \u00a0 En primer lugar quiero destacar la actitud de las autoridades [&hellip;]<\/p>\n","protected":false},"author":2,"featured_media":0,"comment_status":"closed","ping_status":"closed","sticky":false,"template":"","format":"standard","meta":{"_joinchat":[],"footnotes":""},"categories":[1],"tags":[],"class_list":["post-4635","post","type-post","status-publish","format-standard","hentry","category-noticias"],"_links":{"self":[{"href":"https:\/\/colegiomedicocat.com.ar\/med\/wp-json\/wp\/v2\/posts\/4635","targetHints":{"allow":["GET"]}}],"collection":[{"href":"https:\/\/colegiomedicocat.com.ar\/med\/wp-json\/wp\/v2\/posts"}],"about":[{"href":"https:\/\/colegiomedicocat.com.ar\/med\/wp-json\/wp\/v2\/types\/post"}],"author":[{"embeddable":true,"href":"https:\/\/colegiomedicocat.com.ar\/med\/wp-json\/wp\/v2\/users\/2"}],"replies":[{"embeddable":true,"href":"https:\/\/colegiomedicocat.com.ar\/med\/wp-json\/wp\/v2\/comments?post=4635"}],"version-history":[{"count":2,"href":"https:\/\/colegiomedicocat.com.ar\/med\/wp-json\/wp\/v2\/posts\/4635\/revisions"}],"predecessor-version":[{"id":4639,"href":"https:\/\/colegiomedicocat.com.ar\/med\/wp-json\/wp\/v2\/posts\/4635\/revisions\/4639"}],"wp:attachment":[{"href":"https:\/\/colegiomedicocat.com.ar\/med\/wp-json\/wp\/v2\/media?parent=4635"}],"wp:term":[{"taxonomy":"category","embeddable":true,"href":"https:\/\/colegiomedicocat.com.ar\/med\/wp-json\/wp\/v2\/categories?post=4635"},{"taxonomy":"post_tag","embeddable":true,"href":"https:\/\/colegiomedicocat.com.ar\/med\/wp-json\/wp\/v2\/tags?post=4635"}],"curies":[{"name":"wp","href":"https:\/\/api.w.org\/{rel}","templated":true}]}}