{"id":4741,"date":"2022-12-05T22:29:32","date_gmt":"2022-12-05T22:29:32","guid":{"rendered":"https:\/\/colegiomedicocat.com.ar\/med\/?p=4741"},"modified":"2022-12-05T22:29:33","modified_gmt":"2022-12-05T22:29:33","slug":"otra-perdida-mas","status":"publish","type":"post","link":"https:\/\/colegiomedicocat.com.ar\/med\/otra-perdida-mas\/","title":{"rendered":"OTRA P\u00c9RDIDA MAS"},"content":{"rendered":"\n<div class=\"x11i5rnm xat24cr x1mh8g0r x1vvkbs xdj266r x126k92a\">\n<div dir=\"auto\">\u00a0<\/div>\n<\/div>\n<div class=\"x11i5rnm xat24cr x1mh8g0r x1vvkbs xtlvy1s x126k92a\">\n<div dir=\"auto\">Tenemos que comunicar la desaparici\u00f3n f\u00edsica de nuestro Colegiado Dr. Gustavo Perea Pereyra m.p. 296 m.e. 190 especialista en Gastroenterolog\u00eda y 210 en Radiolog\u00eda.<\/div>\n<div dir=\"auto\">\u00a0<\/div>\n<\/div>\n<div class=\"x11i5rnm xat24cr x1mh8g0r x1vvkbs xtlvy1s x126k92a\">\n<div dir=\"auto\">Se recibi\u00f3 en la Universidad Nacional de C\u00f3rdoba en diciembre del a\u00f1o 1968.<\/div>\n<\/div>\n<div class=\"x11i5rnm xat24cr x1mh8g0r x1vvkbs xtlvy1s x126k92a\">\n<div dir=\"auto\">Se especializ\u00f3 en Gastroenterolog\u00eda en el Hospital Argerich, volviendo a Catamarca en el a\u00f1o 1971.<\/div>\n<div dir=\"auto\">\u00a0<\/div>\n<\/div>\n<div class=\"x11i5rnm xat24cr x1mh8g0r x1vvkbs xtlvy1s x126k92a\">\n<div dir=\"auto\">Trabaj\u00f3 en Sanidad Municipal, en el IGOM y sobre todo en el Hospital San Juan Bautista en el Servicio de Radiolog\u00eda hasta su retiro.<\/div>\n<div dir=\"auto\">\u00a0<\/div>\n<\/div>\n<div class=\"x11i5rnm xat24cr x1mh8g0r x1vvkbs xtlvy1s x126k92a\">\n<div dir=\"auto\">Particip\u00f3 activamente en los reclamos gremiales m\u00e9dicos desde siempre, siendo uno de los fundadores de APROSCA, en esta Cr\u00edsis de Salud participaba y apoyaba en las marchas.<\/div>\n<div dir=\"auto\">\u00a0<\/div>\n<\/div>\n<div class=\"x11i5rnm xat24cr x1mh8g0r x1vvkbs xtlvy1s x126k92a\">\n<div dir=\"auto\">Saludamos afectuosamente a su familia y en particular a su hijo y colegiado Med. Alexis Perea Ansinelli.<\/div>\n<\/div>\n<div dir=\"auto\"><a href=\"http:\/\/colegiomedicocat.com.ar\/med\/wp-content\/uploads\/2022\/12\/317967278_591800216278870_3020108414824454134_n.jpg\"><img decoding=\"async\" class=\"alignnone size-medium wp-image-4742\" src=\"http:\/\/colegiomedicocat.com.ar\/med\/wp-content\/uploads\/2022\/12\/317967278_591800216278870_3020108414824454134_n-148x300.jpg\" alt=\"\" width=\"148\" height=\"300\" srcset=\"https:\/\/colegiomedicocat.com.ar\/med\/wp-content\/uploads\/2022\/12\/317967278_591800216278870_3020108414824454134_n-148x300.jpg 148w, https:\/\/colegiomedicocat.com.ar\/med\/wp-content\/uploads\/2022\/12\/317967278_591800216278870_3020108414824454134_n.jpg 431w\" sizes=\"(max-width: 148px) 100vw, 148px\" \/><\/a> <a href=\"http:\/\/colegiomedicocat.com.ar\/med\/wp-content\/uploads\/2022\/12\/318179763_591800156278876_259165865364779327_n.jpg\"><img fetchpriority=\"high\" decoding=\"async\" class=\"alignnone size-medium wp-image-4743\" src=\"http:\/\/colegiomedicocat.com.ar\/med\/wp-content\/uploads\/2022\/12\/318179763_591800156278876_259165865364779327_n-300x277.jpg\" alt=\"\" width=\"300\" height=\"277\" srcset=\"https:\/\/colegiomedicocat.com.ar\/med\/wp-content\/uploads\/2022\/12\/318179763_591800156278876_259165865364779327_n-300x277.jpg 300w, https:\/\/colegiomedicocat.com.ar\/med\/wp-content\/uploads\/2022\/12\/318179763_591800156278876_259165865364779327_n.jpg 371w\" sizes=\"(max-width: 300px) 100vw, 300px\" \/><\/a> <a href=\"http:\/\/colegiomedicocat.com.ar\/med\/wp-content\/uploads\/2022\/12\/318321852_591800276278864_5683038121318311808_n.jpg\"><img decoding=\"async\" class=\"alignnone size-medium wp-image-4744\" src=\"http:\/\/colegiomedicocat.com.ar\/med\/wp-content\/uploads\/2022\/12\/318321852_591800276278864_5683038121318311808_n-213x300.jpg\" alt=\"\" width=\"213\" height=\"300\" srcset=\"https:\/\/colegiomedicocat.com.ar\/med\/wp-content\/uploads\/2022\/12\/318321852_591800276278864_5683038121318311808_n-213x300.jpg 213w, https:\/\/colegiomedicocat.com.ar\/med\/wp-content\/uploads\/2022\/12\/318321852_591800276278864_5683038121318311808_n-726x1024.jpg 726w, https:\/\/colegiomedicocat.com.ar\/med\/wp-content\/uploads\/2022\/12\/318321852_591800276278864_5683038121318311808_n-768x1083.jpg 768w, https:\/\/colegiomedicocat.com.ar\/med\/wp-content\/uploads\/2022\/12\/318321852_591800276278864_5683038121318311808_n-1090x1536.jpg 1090w, https:\/\/colegiomedicocat.com.ar\/med\/wp-content\/uploads\/2022\/12\/318321852_591800276278864_5683038121318311808_n-750x1057.jpg 750w, https:\/\/colegiomedicocat.com.ar\/med\/wp-content\/uploads\/2022\/12\/318321852_591800276278864_5683038121318311808_n.jpg 1135w\" sizes=\"(max-width: 213px) 100vw, 213px\" \/><\/a><\/div>\n<div class=\"x11i5rnm xat24cr x1mh8g0r x1vvkbs xtlvy1s x126k92a\">\n<div dir=\"auto\">\u00a0<\/div>\n<\/div>\n<div class=\"x11i5rnm xat24cr x1mh8g0r x1vvkbs xtlvy1s x126k92a\">\n<div dir=\"auto\">CONSEJO DIRECTIVO<\/div>\n<div dir=\"auto\">TRIBUNAL DEONTOL\u00d3GICO<\/div>\n<div dir=\"auto\">SECRETARIA ADMINISTRATIVA<\/div>\n<div dir=\"auto\">COLEGIO DE M\u00c9DICOS DE CATAMARCA<\/div>\n<\/div>\n\n\n","protected":false},"excerpt":{"rendered":"<p>\u00a0 Tenemos que comunicar la desaparici\u00f3n f\u00edsica de nuestro Colegiado Dr. Gustavo Perea Pereyra m.p. 296 m.e. 190 especialista en Gastroenterolog\u00eda y 210 en Radiolog\u00eda. \u00a0 Se recibi\u00f3 en la Universidad Nacional de C\u00f3rdoba en diciembre del a\u00f1o 1968. Se especializ\u00f3 en Gastroenterolog\u00eda en el Hospital Argerich, volviendo a Catamarca en el a\u00f1o 1971. \u00a0 [&hellip;]<\/p>\n","protected":false},"author":2,"featured_media":4745,"comment_status":"closed","ping_status":"closed","sticky":false,"template":"","format":"standard","meta":{"_joinchat":[],"footnotes":""},"categories":[1],"tags":[],"class_list":["post-4741","post","type-post","status-publish","format-standard","has-post-thumbnail","hentry","category-noticias"],"_links":{"self":[{"href":"https:\/\/colegiomedicocat.com.ar\/med\/wp-json\/wp\/v2\/posts\/4741","targetHints":{"allow":["GET"]}}],"collection":[{"href":"https:\/\/colegiomedicocat.com.ar\/med\/wp-json\/wp\/v2\/posts"}],"about":[{"href":"https:\/\/colegiomedicocat.com.ar\/med\/wp-json\/wp\/v2\/types\/post"}],"author":[{"embeddable":true,"href":"https:\/\/colegiomedicocat.com.ar\/med\/wp-json\/wp\/v2\/users\/2"}],"replies":[{"embeddable":true,"href":"https:\/\/colegiomedicocat.com.ar\/med\/wp-json\/wp\/v2\/comments?post=4741"}],"version-history":[{"count":1,"href":"https:\/\/colegiomedicocat.com.ar\/med\/wp-json\/wp\/v2\/posts\/4741\/revisions"}],"predecessor-version":[{"id":4746,"href":"https:\/\/colegiomedicocat.com.ar\/med\/wp-json\/wp\/v2\/posts\/4741\/revisions\/4746"}],"wp:featuredmedia":[{"embeddable":true,"href":"https:\/\/colegiomedicocat.com.ar\/med\/wp-json\/wp\/v2\/media\/4745"}],"wp:attachment":[{"href":"https:\/\/colegiomedicocat.com.ar\/med\/wp-json\/wp\/v2\/media?parent=4741"}],"wp:term":[{"taxonomy":"category","embeddable":true,"href":"https:\/\/colegiomedicocat.com.ar\/med\/wp-json\/wp\/v2\/categories?post=4741"},{"taxonomy":"post_tag","embeddable":true,"href":"https:\/\/colegiomedicocat.com.ar\/med\/wp-json\/wp\/v2\/tags?post=4741"}],"curies":[{"name":"wp","href":"https:\/\/api.w.org\/{rel}","templated":true}]}}