{"id":4839,"date":"2023-03-03T12:48:38","date_gmt":"2023-03-03T12:48:38","guid":{"rendered":"https:\/\/colegiomedicocat.com.ar\/med\/?p=4839"},"modified":"2023-03-03T12:48:38","modified_gmt":"2023-03-03T12:48:38","slug":"seguimos-perdiendo-a-nuestros-colegiados-mas-queridos","status":"publish","type":"post","link":"https:\/\/colegiomedicocat.com.ar\/med\/seguimos-perdiendo-a-nuestros-colegiados-mas-queridos\/","title":{"rendered":"SEGUIMOS PERDIENDO A NUESTROS COLEGIADOS MAS QUERIDOS"},"content":{"rendered":"\n<figure class=\"wp-block-image size-full\"><a href=\"https:\/\/colegiomedicocat.com.ar\/med\/wp-content\/uploads\/2023\/03\/image.png\"><img fetchpriority=\"high\" decoding=\"async\" width=\"254\" height=\"318\" src=\"https:\/\/colegiomedicocat.com.ar\/med\/wp-content\/uploads\/2023\/03\/image.png\" alt=\"\" class=\"wp-image-4840\" srcset=\"https:\/\/colegiomedicocat.com.ar\/med\/wp-content\/uploads\/2023\/03\/image.png 254w, https:\/\/colegiomedicocat.com.ar\/med\/wp-content\/uploads\/2023\/03\/image-240x300.png 240w\" sizes=\"(max-width: 254px) 100vw, 254px\" \/><\/a><\/figure>\n\n\n\n<p>En el d\u00eda de ayer 01 de Marzo del 2023 perdimos a nuestro Colegiado Dr. Eduardo Jorge Arga\u00f1araz Ponessa MP 297 <\/p>\n\n\n\n<p>Recibido de M\u00e9dico por la Universidad Nacional de C\u00f3rdoba en el a\u00f1o 1970, se colegi\u00f3 en nuestra instituci\u00f3n desde el a\u00f1o 1971.<\/p>\n\n\n\n<p>Especialista en Medicina Legal por la Universidad Nacional de Tucum\u00e1n desde 1983, fue miembro fundador de la Asociaci\u00f3n de Medicina Legal y Ciencias Forenses de Catamarca.<\/p>\n\n\n\n<p>Especialista en Medicina del Trabajo por la Universidad Nacional de Tucum\u00e1n y la Universidad Nacional de C\u00f3rdoba desde 1987.<\/p>\n\n\n\n<p>Tuvo una vasta y extensa carrera dentro de sus especialidades, siendo un pionero en las mismas.<\/p>\n\n\n\n<p>Saludamos afectuosamente a su familia y en particular a nuestro Colegiado y Amigo Dr. Rodrigo Arga\u00f1araz.<\/p>\n\n\n\n<p>CONSEJO DIRECTIVO<br>TRIBUNAL DEONTOL\u00d3GICO<br>SECRETARIA ADMINISTRATIVA<\/p>\n\n\n\n<p>COLEGIO DE M\u00c9DICOS DE CATAMARCA<\/p>\n\n\n","protected":false},"excerpt":{"rendered":"<p>En el d\u00eda de ayer 01 de Marzo del 2023 perdimos a nuestro Colegiado Dr. Eduardo Jorge Arga\u00f1araz Ponessa MP 297 Recibido de M\u00e9dico por la Universidad Nacional de C\u00f3rdoba en el a\u00f1o 1970, se colegi\u00f3 en nuestra instituci\u00f3n desde el a\u00f1o 1971. Especialista en Medicina Legal por la Universidad Nacional de Tucum\u00e1n desde 1983, [&hellip;]<\/p>\n","protected":false},"author":2,"featured_media":0,"comment_status":"closed","ping_status":"closed","sticky":false,"template":"","format":"standard","meta":{"_joinchat":[],"footnotes":""},"categories":[1],"tags":[],"class_list":["post-4839","post","type-post","status-publish","format-standard","hentry","category-noticias"],"_links":{"self":[{"href":"https:\/\/colegiomedicocat.com.ar\/med\/wp-json\/wp\/v2\/posts\/4839","targetHints":{"allow":["GET"]}}],"collection":[{"href":"https:\/\/colegiomedicocat.com.ar\/med\/wp-json\/wp\/v2\/posts"}],"about":[{"href":"https:\/\/colegiomedicocat.com.ar\/med\/wp-json\/wp\/v2\/types\/post"}],"author":[{"embeddable":true,"href":"https:\/\/colegiomedicocat.com.ar\/med\/wp-json\/wp\/v2\/users\/2"}],"replies":[{"embeddable":true,"href":"https:\/\/colegiomedicocat.com.ar\/med\/wp-json\/wp\/v2\/comments?post=4839"}],"version-history":[{"count":1,"href":"https:\/\/colegiomedicocat.com.ar\/med\/wp-json\/wp\/v2\/posts\/4839\/revisions"}],"predecessor-version":[{"id":4841,"href":"https:\/\/colegiomedicocat.com.ar\/med\/wp-json\/wp\/v2\/posts\/4839\/revisions\/4841"}],"wp:attachment":[{"href":"https:\/\/colegiomedicocat.com.ar\/med\/wp-json\/wp\/v2\/media?parent=4839"}],"wp:term":[{"taxonomy":"category","embeddable":true,"href":"https:\/\/colegiomedicocat.com.ar\/med\/wp-json\/wp\/v2\/categories?post=4839"},{"taxonomy":"post_tag","embeddable":true,"href":"https:\/\/colegiomedicocat.com.ar\/med\/wp-json\/wp\/v2\/tags?post=4839"}],"curies":[{"name":"wp","href":"https:\/\/api.w.org\/{rel}","templated":true}]}}