{"id":4947,"date":"2023-03-14T20:12:33","date_gmt":"2023-03-14T20:12:33","guid":{"rendered":"https:\/\/colegiomedicocat.com.ar\/med\/?p=4947"},"modified":"2023-03-14T20:12:33","modified_gmt":"2023-03-14T20:12:33","slug":"alerta","status":"publish","type":"post","link":"https:\/\/colegiomedicocat.com.ar\/med\/alerta\/","title":{"rendered":"ALERTA !!!"},"content":{"rendered":"\n<p>\u00a0<\/p>\n<p>En el d\u00eda de ma\u00f1ana y en nuestra ciudad, se presentar\u00e1 el sr. Roberto Vilches quien se n\u00f3mina m\u00e9dico especialista en obesidad etc etc, quien NO ACREDITO NING\u00daN DIPLOMA, T\u00cdTULO ni FORMACI\u00d3N M\u00c9DICA ante la instituci\u00f3n que vela por el cumplimiento de la LEY.<\/p>\n<p>\u00a0<\/p>\n<p>El COLEGIO DE M\u00c9DICOS DE CATAMARCA.<\/p>\n<p>\u00a0<\/p>\n<p>Ante una atenci\u00f3n el pasado fue DENUNCIADO PENALMENTE ante la Fiscal\u00eda de Estado.<\/p>\n<p>\u00a0<\/p>\n<p>El Poder de Polic\u00eda delegado al Colegio de M\u00e9dicos, se basa en VELAR el Ejercicio LEGAL de la Medicina, pero el poder represivo lo tiene el Estado desde la Justicia hasta la fuerza p\u00fablica.<\/p>\n<p>\u00a0<\/p>\n<p>A ellas convocamos a defender la Salud P\u00fablica LEGAL.<\/p>\n<p>\u00a0<\/p>\n<p>Ni se DEJE ENGA\u00d1AR.<\/p>\n<p><a href=\"http:\/\/colegiomedicocat.com.ar\/med\/wp-content\/uploads\/2023\/03\/FB_IMG_1678824660501.jpg\"><img fetchpriority=\"high\" decoding=\"async\" class=\"size-medium wp-image-4948 aligncenter\" src=\"http:\/\/colegiomedicocat.com.ar\/med\/wp-content\/uploads\/2023\/03\/FB_IMG_1678824660501-202x300.jpg\" alt=\"\" width=\"202\" height=\"300\" srcset=\"https:\/\/colegiomedicocat.com.ar\/med\/wp-content\/uploads\/2023\/03\/FB_IMG_1678824660501-202x300.jpg 202w, https:\/\/colegiomedicocat.com.ar\/med\/wp-content\/uploads\/2023\/03\/FB_IMG_1678824660501.jpg 573w\" sizes=\"(max-width: 202px) 100vw, 202px\" \/><\/a><\/p>\n<p>CUIDE SU SALUD\u00a0<\/p>\n<p>CONSEJO DIRECTIVO\u00a0<\/p>\n<p>COLEGIO DE M\u00c9DICOS DE CATAMARCA<\/p>\n","protected":false},"excerpt":{"rendered":"<p>\u00a0 En el d\u00eda de ma\u00f1ana y en nuestra ciudad, se presentar\u00e1 el sr. Roberto Vilches quien se n\u00f3mina m\u00e9dico especialista en obesidad etc etc, quien NO ACREDITO NING\u00daN DIPLOMA, T\u00cdTULO ni FORMACI\u00d3N M\u00c9DICA ante la instituci\u00f3n que vela por el cumplimiento de la LEY. \u00a0 El COLEGIO DE M\u00c9DICOS DE CATAMARCA. \u00a0 Ante una [&hellip;]<\/p>\n","protected":false},"author":2,"featured_media":4949,"comment_status":"closed","ping_status":"closed","sticky":false,"template":"","format":"standard","meta":{"_joinchat":[],"footnotes":""},"categories":[9,1],"tags":[],"class_list":["post-4947","post","type-post","status-publish","format-standard","has-post-thumbnail","hentry","category-diapositivas","category-noticias"],"_links":{"self":[{"href":"https:\/\/colegiomedicocat.com.ar\/med\/wp-json\/wp\/v2\/posts\/4947","targetHints":{"allow":["GET"]}}],"collection":[{"href":"https:\/\/colegiomedicocat.com.ar\/med\/wp-json\/wp\/v2\/posts"}],"about":[{"href":"https:\/\/colegiomedicocat.com.ar\/med\/wp-json\/wp\/v2\/types\/post"}],"author":[{"embeddable":true,"href":"https:\/\/colegiomedicocat.com.ar\/med\/wp-json\/wp\/v2\/users\/2"}],"replies":[{"embeddable":true,"href":"https:\/\/colegiomedicocat.com.ar\/med\/wp-json\/wp\/v2\/comments?post=4947"}],"version-history":[{"count":1,"href":"https:\/\/colegiomedicocat.com.ar\/med\/wp-json\/wp\/v2\/posts\/4947\/revisions"}],"predecessor-version":[{"id":4950,"href":"https:\/\/colegiomedicocat.com.ar\/med\/wp-json\/wp\/v2\/posts\/4947\/revisions\/4950"}],"wp:featuredmedia":[{"embeddable":true,"href":"https:\/\/colegiomedicocat.com.ar\/med\/wp-json\/wp\/v2\/media\/4949"}],"wp:attachment":[{"href":"https:\/\/colegiomedicocat.com.ar\/med\/wp-json\/wp\/v2\/media?parent=4947"}],"wp:term":[{"taxonomy":"category","embeddable":true,"href":"https:\/\/colegiomedicocat.com.ar\/med\/wp-json\/wp\/v2\/categories?post=4947"},{"taxonomy":"post_tag","embeddable":true,"href":"https:\/\/colegiomedicocat.com.ar\/med\/wp-json\/wp\/v2\/tags?post=4947"}],"curies":[{"name":"wp","href":"https:\/\/api.w.org\/{rel}","templated":true}]}}