{"id":5065,"date":"2023-05-01T20:25:02","date_gmt":"2023-05-01T20:25:02","guid":{"rendered":"https:\/\/colegiomedicocat.com.ar\/med\/?p=5065"},"modified":"2023-05-01T20:25:02","modified_gmt":"2023-05-01T20:25:02","slug":"1-de-mayo-2","status":"publish","type":"post","link":"https:\/\/colegiomedicocat.com.ar\/med\/1-de-mayo-2\/","title":{"rendered":"1\u00b0 de Mayo"},"content":{"rendered":"\n<p>D\u00cdA DEL TRABAJADOR<\/p>\n\n\n\n<p>El D\u00eda del Trabajador se celebra el 1\u00b0 de Mayo de cada a\u00f1o.<\/p>\n\n\n\n<p>Este <a><\/a>d\u00eda se reconoce el trabajo, y nosotros en particular el incansable de los m\u00e9dicos, junto a otros profesionales de la salud que dedican su vida a salvar y mejorar la salud de los dem\u00e1s.<\/p>\n\n\n\n<p>Es cierto que la pandemia del COVID-19 puso a prueba a los trabajadores m\u00e9dicos de todo el mundo, incluyendo a los de Argentina.<\/p>\n\n\n\n<p>Han enfrentado grandes desaf\u00edos, como la falta de recursos y de personal, el riesgo de contagio y la fatiga emocional.<\/p>\n\n\n\n<p>Sin embargo, han demostrado una gran resistencia y compromiso en la lucha contra esta enfermedad.<\/p>\n\n\n\n<p>A pesar de las dificultades, los trabajadores m\u00e9dicos en Argentina est\u00e1n apostando por el futuro con esperanza.<\/p>\n\n\n\n<p>Han estado trabajando incansablemente para intentar salvar a la poblaci\u00f3n y reducir el impacto de la pandemia en el pa\u00eds.<\/p>\n\n\n\n<p>Adem\u00e1s, en post pandemia est\u00e1n comprometidos en mejorar el sistema de salud en general, para que puedan responder mejor a futuras crisis y garantizar la atenci\u00f3n m\u00e9dica de calidad a todos los argentinos.<\/p>\n\n\n\n<p>En este D\u00eda del Trabajador, es importante reconocer y agradecer la dedicaci\u00f3n y sacrificio de estos profesionales de la salud.<\/p>\n\n\n\n<p>Ellos fueron SIEMPRE los verdaderos h\u00e9roes y hero\u00ednas que quedaron en evidencia de su importancia luego de todo lo vivido, y hoy mas que nunca merecen nuestro respeto y admiraci\u00f3n, mejorando sus condiciones de trabajo y sobre todo retribuyendo su labor con una retribuci\u00f3n salarial acorde a su entrega social.<\/p>\n\n\n\n<p>CONSEJO DIRECTIVO<\/p>\n\n\n\n<p>COLEGIO DE M\u00c9DICOS DE CATAMARCA<\/p>\n\n\n\n<p><a href=\"https:\/\/www.facebook.com\/photo\/?fbid=706146401510917&amp;set=a.476834931108733&amp;__cft__[0]=AZU3ttfQIV6ECGWqJiivpuu9jwxu18B3vQ_ffTTwhg0qNQ1-RkfxJOEMWvanfOSoJ4yfIEtghqu7_8_M7zWTjC0nAFRpGgUt2BOz1e8aJq5eibf8lRmCWHy90FfyUu5nj0O3YVbmyiDq3Ix_VHWHoShIu0Zec21HgEbSm5sEM4SPLDL054INZpWrOeTHsHCEmwU&amp;__tn__=EH-R\"><\/a><\/p>\n\n\n\n<figure class=\"wp-block-image\"><a href=\"https:\/\/www.facebook.com\/photo\/?fbid=706146401510917&amp;set=a.476834931108733&amp;__cft__[0]=AZU3ttfQIV6ECGWqJiivpuu9jwxu18B3vQ_ffTTwhg0qNQ1-RkfxJOEMWvanfOSoJ4yfIEtghqu7_8_M7zWTjC0nAFRpGgUt2BOz1e8aJq5eibf8lRmCWHy90FfyUu5nj0O3YVbmyiDq3Ix_VHWHoShIu0Zec21HgEbSm5sEM4SPLDL054INZpWrOeTHsHCEmwU&amp;__tn__=EH-R\"><img decoding=\"async\" src=\"https:\/\/scontent.firj1-1.fna.fbcdn.net\/v\/t39.30808-6\/343107221_171322555864704_6138690208044381401_n.jpg?stp=dst-jpg_p526x296&amp;_nc_cat=110&amp;ccb=1-7&amp;_nc_sid=8bfeb9&amp;_nc_ohc=mtS3KCKIfZMAX92cCJ2&amp;_nc_ht=scontent.firj1-1.fna&amp;oh=00_AfB1ZPSn4R-kla6c40f3kHd96VrZJgajgvDUiRhxorrj1A&amp;oe=6455A38D\" alt=\"Puede ser una imagen de una persona y texto\"\/><\/a><\/figure>\n\n\n\n\n\n\n\n<p>Todas las reacciones:<\/p>\n\n\n\n<p>1111<\/p>\n","protected":false},"excerpt":{"rendered":"<p>D\u00cdA DEL TRABAJADOR El D\u00eda del Trabajador se celebra el 1\u00b0 de Mayo de cada a\u00f1o. Este d\u00eda se reconoce el trabajo, y nosotros en particular el incansable de los m\u00e9dicos, junto a otros profesionales de la salud que dedican su vida a salvar y mejorar la salud de los dem\u00e1s. Es cierto que la [&hellip;]<\/p>\n","protected":false},"author":2,"featured_media":5067,"comment_status":"closed","ping_status":"closed","sticky":false,"template":"","format":"standard","meta":{"_joinchat":[],"footnotes":""},"categories":[1],"tags":[],"class_list":["post-5065","post","type-post","status-publish","format-standard","has-post-thumbnail","hentry","category-noticias"],"_links":{"self":[{"href":"https:\/\/colegiomedicocat.com.ar\/med\/wp-json\/wp\/v2\/posts\/5065","targetHints":{"allow":["GET"]}}],"collection":[{"href":"https:\/\/colegiomedicocat.com.ar\/med\/wp-json\/wp\/v2\/posts"}],"about":[{"href":"https:\/\/colegiomedicocat.com.ar\/med\/wp-json\/wp\/v2\/types\/post"}],"author":[{"embeddable":true,"href":"https:\/\/colegiomedicocat.com.ar\/med\/wp-json\/wp\/v2\/users\/2"}],"replies":[{"embeddable":true,"href":"https:\/\/colegiomedicocat.com.ar\/med\/wp-json\/wp\/v2\/comments?post=5065"}],"version-history":[{"count":1,"href":"https:\/\/colegiomedicocat.com.ar\/med\/wp-json\/wp\/v2\/posts\/5065\/revisions"}],"predecessor-version":[{"id":5068,"href":"https:\/\/colegiomedicocat.com.ar\/med\/wp-json\/wp\/v2\/posts\/5065\/revisions\/5068"}],"wp:featuredmedia":[{"embeddable":true,"href":"https:\/\/colegiomedicocat.com.ar\/med\/wp-json\/wp\/v2\/media\/5067"}],"wp:attachment":[{"href":"https:\/\/colegiomedicocat.com.ar\/med\/wp-json\/wp\/v2\/media?parent=5065"}],"wp:term":[{"taxonomy":"category","embeddable":true,"href":"https:\/\/colegiomedicocat.com.ar\/med\/wp-json\/wp\/v2\/categories?post=5065"},{"taxonomy":"post_tag","embeddable":true,"href":"https:\/\/colegiomedicocat.com.ar\/med\/wp-json\/wp\/v2\/tags?post=5065"}],"curies":[{"name":"wp","href":"https:\/\/api.w.org\/{rel}","templated":true}]}}