{"id":5282,"date":"2023-07-18T13:44:00","date_gmt":"2023-07-18T13:44:00","guid":{"rendered":"https:\/\/colegiomedicocat.com.ar\/med\/?p=5282"},"modified":"2023-07-21T13:46:06","modified_gmt":"2023-07-21T13:46:06","slug":"invitacion-especial-2","status":"publish","type":"post","link":"https:\/\/colegiomedicocat.com.ar\/med\/invitacion-especial-2\/","title":{"rendered":"INVITACI\u00d3N ESPECIAL"},"content":{"rendered":"\n<p>CHARLA &#8211; DEBATE ABIERTA<\/p>\n\n\n\n<p>\u25cfRELACI\u00d3N M\u00c9DICO-PACIENTE\u25cf NUEVOS PARADIGMAS<\/p>\n\n\n\n<p>En <a><\/a>el marco de la Reuni\u00f3n de CONFEMECO en Catamarca se realizar\u00e1 la Charla-Debate ABIERTA a cargo del Dr. Carlos Alico &#8211; Colegio de M\u00e9dicos de 1ra circunscripci\u00f3n Santa F\u00e9.<\/p>\n\n\n\n<p>Sede: HOTEL AMERIAN<\/p>\n\n\n\n<p>Hora: 11 horas<\/p>\n\n\n\n<p>Se invita a participar en el debate que ser\u00e1 enriquecido con la opini\u00f3n de los presentes.<\/p>\n\n\n\n<p>CONSEJO DIRECTIVO<\/p>\n\n\n\n<p>COLEGIO DE M\u00c9DICOS DE CATAMARCA<\/p>\n\n\n\n<p><a href=\"https:\/\/www.facebook.com\/photo\/?fbid=763439489114941&amp;set=a.476834931108733&amp;__cft__[0]=AZXZpMwVOsZcSEktLBRItcNf_2hBC1NN11A7QNsDpZR5vXAoiuP618N8TFEde-H81XrrqNEnBuEKzPzk9eYbKbiD5bcgQ5D83lysYaR8Vb0g5uFRQ5d8WkJHswCmNFACAIjX1zOzF0xqlrGGqrRxCBwqkOqsu7FJRTaMTmHPZ3cPqbmq2t-6HG-co-vSJdKVK4U&amp;__tn__=EH-R\"><\/a><\/p>\n\n\n\n<figure class=\"wp-block-image\"><a href=\"https:\/\/www.facebook.com\/photo\/?fbid=763439489114941&amp;set=a.476834931108733&amp;__cft__[0]=AZXZpMwVOsZcSEktLBRItcNf_2hBC1NN11A7QNsDpZR5vXAoiuP618N8TFEde-H81XrrqNEnBuEKzPzk9eYbKbiD5bcgQ5D83lysYaR8Vb0g5uFRQ5d8WkJHswCmNFACAIjX1zOzF0xqlrGGqrRxCBwqkOqsu7FJRTaMTmHPZ3cPqbmq2t-6HG-co-vSJdKVK4U&amp;__tn__=EH-R\"><img decoding=\"async\" src=\"https:\/\/scontent.firj1-1.fna.fbcdn.net\/v\/t39.30808-6\/359828745_763439555781601_8203961314152212793_n.jpg?stp=dst-jpg_s720x720&amp;_nc_cat=106&amp;ccb=1-7&amp;_nc_sid=8bfeb9&amp;_nc_ohc=31OPcuT25HcAX_4P_Og&amp;_nc_ht=scontent.firj1-1.fna&amp;oh=00_AfCSKDTFORkyc2NjPAXlfmnP6X22Xi6r_iWX3P_62VeVuA&amp;oe=64BF1A50\" alt=\"Puede ser una imagen de texto que dice &quot;Invita, EL COLEGIO DE M\u00c9DICOS DE CATAMARCA 28 de julio 2023 nOLEeIO MEBIGUS CONFEMECO CATAMARCA BECATANARCA CHARLA- DEBATE: &quot;Relaci\u00f3n Medico-Paciente, Nuevos Paradigmas&quot;. Disertante: Dr. Carlos Alico (Colegio de M\u00e9dicos 1ra Circ. Santa Fe). 11 hs -Hotel Amerian Calle Rep\u00fablica 347 S.F.V. de Catamarca Reuni\u00f3n de Plenario Nacional de Colegios M\u00e9dicos 18:15 hs Hoster\u00eda &quot;El Rodeo&quot; El Rodeo Dpto. Ambato e-m@il: colmecat@hotmail.com Cel: 383 464-2402&quot;\"\/><\/a><\/figure>\n","protected":false},"excerpt":{"rendered":"<p>CHARLA &#8211; DEBATE ABIERTA \u25cfRELACI\u00d3N M\u00c9DICO-PACIENTE\u25cf NUEVOS PARADIGMAS En el marco de la Reuni\u00f3n de CONFEMECO en Catamarca se realizar\u00e1 la Charla-Debate ABIERTA a cargo del Dr. Carlos Alico &#8211; Colegio de M\u00e9dicos de 1ra circunscripci\u00f3n Santa F\u00e9. Sede: HOTEL AMERIAN Hora: 11 horas Se invita a participar en el debate que ser\u00e1 enriquecido con [&hellip;]<\/p>\n","protected":false},"author":2,"featured_media":5284,"comment_status":"closed","ping_status":"closed","sticky":false,"template":"","format":"standard","meta":{"_joinchat":[],"footnotes":""},"categories":[1],"tags":[],"class_list":["post-5282","post","type-post","status-publish","format-standard","has-post-thumbnail","hentry","category-noticias"],"_links":{"self":[{"href":"https:\/\/colegiomedicocat.com.ar\/med\/wp-json\/wp\/v2\/posts\/5282","targetHints":{"allow":["GET"]}}],"collection":[{"href":"https:\/\/colegiomedicocat.com.ar\/med\/wp-json\/wp\/v2\/posts"}],"about":[{"href":"https:\/\/colegiomedicocat.com.ar\/med\/wp-json\/wp\/v2\/types\/post"}],"author":[{"embeddable":true,"href":"https:\/\/colegiomedicocat.com.ar\/med\/wp-json\/wp\/v2\/users\/2"}],"replies":[{"embeddable":true,"href":"https:\/\/colegiomedicocat.com.ar\/med\/wp-json\/wp\/v2\/comments?post=5282"}],"version-history":[{"count":1,"href":"https:\/\/colegiomedicocat.com.ar\/med\/wp-json\/wp\/v2\/posts\/5282\/revisions"}],"predecessor-version":[{"id":5285,"href":"https:\/\/colegiomedicocat.com.ar\/med\/wp-json\/wp\/v2\/posts\/5282\/revisions\/5285"}],"wp:featuredmedia":[{"embeddable":true,"href":"https:\/\/colegiomedicocat.com.ar\/med\/wp-json\/wp\/v2\/media\/5284"}],"wp:attachment":[{"href":"https:\/\/colegiomedicocat.com.ar\/med\/wp-json\/wp\/v2\/media?parent=5282"}],"wp:term":[{"taxonomy":"category","embeddable":true,"href":"https:\/\/colegiomedicocat.com.ar\/med\/wp-json\/wp\/v2\/categories?post=5282"},{"taxonomy":"post_tag","embeddable":true,"href":"https:\/\/colegiomedicocat.com.ar\/med\/wp-json\/wp\/v2\/tags?post=5282"}],"curies":[{"name":"wp","href":"https:\/\/api.w.org\/{rel}","templated":true}]}}