{"id":5291,"date":"2023-07-23T14:31:00","date_gmt":"2023-07-23T14:31:00","guid":{"rendered":"https:\/\/colegiomedicocat.com.ar\/med\/?p=5291"},"modified":"2023-07-24T14:32:40","modified_gmt":"2023-07-24T14:32:40","slug":"examen-de-pediatria-por-s-a-p","status":"publish","type":"post","link":"https:\/\/colegiomedicocat.com.ar\/med\/examen-de-pediatria-por-s-a-p\/","title":{"rendered":"EX\u00c1MEN DE PEDIATRIA POR S.A.P."},"content":{"rendered":"\n<p>Recordamos que est\u00e1n abiertas las inscripciones para los ex\u00e1menes de Pediatr\u00eda y Especialidades por SAP y su convenio con el Colegio de M\u00e9dicos de Catamarca.<\/p>\n\n\n\n<p>Se debe acceder a la inscripci\u00f3n mediante el siguiente link<\/p>\n\n\n\n<figure class=\"wp-block-embed\"><div class=\"wp-block-embed__wrapper\">\nhttps:\/\/www.sap3.org.ar\/i2\/clientes.php\n<\/div><\/figure>\n\n\n\n<p>Recordamos que se deben inscribir al mismo tiempo en la Sede del Colegio de M\u00e9dicos de Catamarca.<\/p>\n\n\n\n<p>CONSEJO DIRECTIVO<\/p>\n\n\n\n<p>COLEGIO DE M\u00c9DICOS DE CATAMARCA<\/p>\n\n\n\n<p><\/p>\n\n\n\n<figure class=\"wp-block-image size-large\"><a href=\"https:\/\/colegiomedicocat.com.ar\/med\/wp-content\/uploads\/2023\/07\/360172630_766732962118927_2329450316585686381_n.jpg\"><img fetchpriority=\"high\" decoding=\"async\" width=\"1024\" height=\"1020\" src=\"https:\/\/colegiomedicocat.com.ar\/med\/wp-content\/uploads\/2023\/07\/360172630_766732962118927_2329450316585686381_n-1024x1020.jpg\" alt=\"\" class=\"wp-image-5293\" srcset=\"https:\/\/colegiomedicocat.com.ar\/med\/wp-content\/uploads\/2023\/07\/360172630_766732962118927_2329450316585686381_n-1024x1020.jpg 1024w, https:\/\/colegiomedicocat.com.ar\/med\/wp-content\/uploads\/2023\/07\/360172630_766732962118927_2329450316585686381_n-300x300.jpg 300w, https:\/\/colegiomedicocat.com.ar\/med\/wp-content\/uploads\/2023\/07\/360172630_766732962118927_2329450316585686381_n-150x150.jpg 150w, https:\/\/colegiomedicocat.com.ar\/med\/wp-content\/uploads\/2023\/07\/360172630_766732962118927_2329450316585686381_n-768x765.jpg 768w, https:\/\/colegiomedicocat.com.ar\/med\/wp-content\/uploads\/2023\/07\/360172630_766732962118927_2329450316585686381_n.jpg 1438w\" sizes=\"(max-width: 1024px) 100vw, 1024px\" \/><\/a><\/figure>\n","protected":false},"excerpt":{"rendered":"<p>Recordamos que est\u00e1n abiertas las inscripciones para los ex\u00e1menes de Pediatr\u00eda y Especialidades por SAP y su convenio con el Colegio de M\u00e9dicos de Catamarca. Se debe acceder a la inscripci\u00f3n mediante el siguiente link Recordamos que se deben inscribir al mismo tiempo en la Sede del Colegio de M\u00e9dicos de Catamarca. CONSEJO DIRECTIVO COLEGIO [&hellip;]<\/p>\n","protected":false},"author":2,"featured_media":5293,"comment_status":"closed","ping_status":"closed","sticky":false,"template":"","format":"standard","meta":{"_joinchat":[],"footnotes":""},"categories":[1],"tags":[],"class_list":["post-5291","post","type-post","status-publish","format-standard","has-post-thumbnail","hentry","category-noticias"],"_links":{"self":[{"href":"https:\/\/colegiomedicocat.com.ar\/med\/wp-json\/wp\/v2\/posts\/5291","targetHints":{"allow":["GET"]}}],"collection":[{"href":"https:\/\/colegiomedicocat.com.ar\/med\/wp-json\/wp\/v2\/posts"}],"about":[{"href":"https:\/\/colegiomedicocat.com.ar\/med\/wp-json\/wp\/v2\/types\/post"}],"author":[{"embeddable":true,"href":"https:\/\/colegiomedicocat.com.ar\/med\/wp-json\/wp\/v2\/users\/2"}],"replies":[{"embeddable":true,"href":"https:\/\/colegiomedicocat.com.ar\/med\/wp-json\/wp\/v2\/comments?post=5291"}],"version-history":[{"count":2,"href":"https:\/\/colegiomedicocat.com.ar\/med\/wp-json\/wp\/v2\/posts\/5291\/revisions"}],"predecessor-version":[{"id":5295,"href":"https:\/\/colegiomedicocat.com.ar\/med\/wp-json\/wp\/v2\/posts\/5291\/revisions\/5295"}],"wp:featuredmedia":[{"embeddable":true,"href":"https:\/\/colegiomedicocat.com.ar\/med\/wp-json\/wp\/v2\/media\/5293"}],"wp:attachment":[{"href":"https:\/\/colegiomedicocat.com.ar\/med\/wp-json\/wp\/v2\/media?parent=5291"}],"wp:term":[{"taxonomy":"category","embeddable":true,"href":"https:\/\/colegiomedicocat.com.ar\/med\/wp-json\/wp\/v2\/categories?post=5291"},{"taxonomy":"post_tag","embeddable":true,"href":"https:\/\/colegiomedicocat.com.ar\/med\/wp-json\/wp\/v2\/tags?post=5291"}],"curies":[{"name":"wp","href":"https:\/\/api.w.org\/{rel}","templated":true}]}}