{"id":5303,"date":"2023-07-22T14:50:00","date_gmt":"2023-07-22T14:50:00","guid":{"rendered":"https:\/\/colegiomedicocat.com.ar\/med\/?p=5303"},"modified":"2023-07-24T15:25:09","modified_gmt":"2023-07-24T15:25:09","slug":"recordatorio-importante","status":"publish","type":"post","link":"https:\/\/colegiomedicocat.com.ar\/med\/recordatorio-importante\/","title":{"rendered":"Recordatorio IMPORTANTE!!!"},"content":{"rendered":"\n\n\n<div class=\"xdj266r x11i5rnm xat24cr x1mh8g0r x1vvkbs x126k92a\">\n<div dir=\"auto\">\u00a0<\/div>\n<\/div>\n<div class=\"x11i5rnm xat24cr x1mh8g0r x1vvkbs xtlvy1s x126k92a\">\n<div dir=\"auto\">\u00daltimos d\u00edas de inscripci\u00f3n el 28 de Julio es el comienzo del 3er m\u00f3dulo.<\/div>\n<div dir=\"auto\">\u00a0<\/div>\n<\/div>\n<div class=\"x11i5rnm xat24cr x1mh8g0r x1vvkbs xtlvy1s x126k92a\">\n<div dir=\"auto\"><strong>GRAN ANUNCIO<\/strong><\/div>\n<div dir=\"auto\">\u00a0<\/div>\n<h2 dir=\"auto\" style=\"text-align: center;\"><strong>CURSO BI ANUAL DE ESPECIALIZACION EN <\/strong><\/h2>\n<h2 dir=\"auto\" style=\"text-align: center;\"><strong>DOCENCIA UNIVERSITARIA<\/strong><\/h2>\n<div dir=\"auto\">\u00a0<\/div>\n<\/div>\n<div class=\"x11i5rnm xat24cr x1mh8g0r x1vvkbs xtlvy1s x126k92a\">\n<div dir=\"auto\">Gracias al Convenio entre el Colegio de M\u00e9dicos de Catamarca y la UNCA podemos realizar este proyecto tan ansiado por la Comunidad M\u00e9dica.<\/div>\n<div dir=\"auto\">\u00a0<\/div>\n<\/div>\n<div class=\"x11i5rnm xat24cr x1mh8g0r x1vvkbs xtlvy1s x126k92a\">\n<div dir=\"auto\">A prop\u00f3sito del inminente comienzo de la Carrera de Medicina dentro de la Facultad de Salud dependiente de la UNCA, el Colegio de M\u00e9dicos de Catamarca apoya fuertemente la Formaci\u00f3n Docente de nuestros Colegiados para que puedan oficiar de DOCENTES en esta casa de altos estudios.<\/div>\n<\/div>\n<div class=\"x11i5rnm xat24cr x1mh8g0r x1vvkbs xtlvy1s x126k92a\">\n<div dir=\"auto\">La Cohorte 2023 ya comenz\u00f3 su Curso Bi anual, pero por excepci\u00f3n se acord\u00f3 incluir a los aspirantes a docentes Colegiados de nuestro Colegio a partir del Tercer M\u00f3dulo que se dictar\u00e1 desde el 28 de Julio pr\u00f3ximo.<\/div>\n<div dir=\"auto\">\u00a0<\/div>\n<\/div>\n<div class=\"x11i5rnm xat24cr x1mh8g0r x1vvkbs xtlvy1s x126k92a\">\n<div dir=\"auto\">Los 2 m\u00f3dulos que ya han sido dictados ser\u00e1n recuperados oportunamente, de manera excepcional, para los alumnos Colegiados M\u00e9dicos, as\u00ed se igualan al resto de la cohorte.<\/div>\n<div dir=\"auto\">\u00a0<\/div>\n<\/div>\n<div class=\"x11i5rnm xat24cr x1mh8g0r x1vvkbs xtlvy1s x126k92a\">\n<div dir=\"auto\">Desde ya los interesados tienen m\u00e1s de un mes para hacer los tramites de inscripci\u00f3n al Curso, este depende de la Facultad de Ciencias Agrarias y tiene validaci\u00f3n por CONEAU.<\/div>\n<div dir=\"auto\">\u00a0<\/div>\n<\/div>\n<div class=\"x11i5rnm xat24cr x1mh8g0r x1vvkbs xtlvy1s x126k92a\">\n<div dir=\"auto\">La Formaci\u00f3n Docente es un requisito fundamental para todo aquel que desea tener una curricula docente universitaria, y dona al que tenga aprobado el mismo con la tesis final aprobada, de las armas para concursar en un futuro a un puesto titular universitario<\/div>\n<div dir=\"auto\">.<\/div>\n<\/div>\n<div class=\"x11i5rnm xat24cr x1mh8g0r x1vvkbs xtlvy1s x126k92a\">\n<div dir=\"auto\">Incentivamos a los aspirantes a inscribirse y cumplir con los requisitos del curso.<\/div>\n<\/div>\n<div class=\"x11i5rnm xat24cr x1mh8g0r x1vvkbs xtlvy1s x126k92a\">\n<div dir=\"auto\">Link de Inscripci\u00f3n: <a class=\"x1i10hfl xjbqb8w x6umtig x1b1mbwd xaqea5y xav7gou x9f619 x1ypdohk xt0psk2 xe8uvvx xdj266r x11i5rnm xat24cr x1mh8g0r xexx8yu x4uap5 x18d9i69 xkhd6sd x16tdsg8 x1hl2dhg xggy1nq x1a2a7pz xt0b8zv x1fey0fg\" tabindex=\"0\" role=\"link\" href=\"https:\/\/forms.gle\/zm52HxgQxNMAAuTF6?fbclid=IwAR1_WpKdE-SFIbq-HlmLAAi55Kz9zWE_GNh0i6dKXjnVWuQc1tbYNWeVZnU\" target=\"_blank\" rel=\"nofollow noopener noreferrer\">https:\/\/forms.gle\/zm52HxgQxNMAAuTF6<\/a><\/div>\n<div dir=\"auto\">\u00a0<\/div>\n<\/div>\n<div class=\"x11i5rnm xat24cr x1mh8g0r x1vvkbs xtlvy1s x126k92a\">\n<div dir=\"auto\"><strong>Costos.<\/strong><\/div>\n<div dir=\"auto\"><strong>Matricula: $15.000<\/strong><\/div>\n<div dir=\"auto\"><strong>M\u00f3dulos:$12.000<\/strong><\/div>\n<div dir=\"auto\"><strong>Talleres:$ 8.000<\/strong><\/div>\n<div dir=\"auto\">\u00a0<\/div>\n<\/div>\n<div class=\"x11i5rnm xat24cr x1mh8g0r x1vvkbs xtlvy1s x126k92a\">\n<div dir=\"auto\"><strong>Datos de transferencia: &#8211;<\/strong><\/div>\n<div dir=\"auto\"><strong>N\u00ba CUENTA CORRIENTE: 46611744\/01<\/strong><\/div>\n<div dir=\"auto\"><strong>-CBU: 0110466420046611744012<\/strong><\/div>\n<div dir=\"auto\">\u00a0<\/div>\n<\/div>\n<div class=\"x11i5rnm xat24cr x1mh8g0r x1vvkbs xtlvy1s x126k92a\">\n<div dir=\"auto\"><a href=\"http:\/\/colegiomedicocat.com.ar\/med\/wp-content\/uploads\/2023\/07\/362661532_766062052186018_4383396726696592875_n.jpg\"><img fetchpriority=\"high\" decoding=\"async\" class=\" wp-image-5305 aligncenter\" src=\"http:\/\/colegiomedicocat.com.ar\/med\/wp-content\/uploads\/2023\/07\/362661532_766062052186018_4383396726696592875_n-212x300.jpg\" alt=\"\" width=\"376\" height=\"532\" srcset=\"https:\/\/colegiomedicocat.com.ar\/med\/wp-content\/uploads\/2023\/07\/362661532_766062052186018_4383396726696592875_n-212x300.jpg 212w, https:\/\/colegiomedicocat.com.ar\/med\/wp-content\/uploads\/2023\/07\/362661532_766062052186018_4383396726696592875_n.jpg 679w\" sizes=\"(max-width: 376px) 100vw, 376px\" \/><\/a><a href=\"http:\/\/colegiomedicocat.com.ar\/med\/wp-content\/uploads\/2023\/07\/362639667_766062098852680_4650431975708276454_n.jpg\"><img decoding=\"async\" class=\"wp-image-5307 aligncenter\" src=\"http:\/\/colegiomedicocat.com.ar\/med\/wp-content\/uploads\/2023\/07\/362639667_766062098852680_4650431975708276454_n-300x276.jpg\" alt=\"\" width=\"435\" height=\"401\" srcset=\"https:\/\/colegiomedicocat.com.ar\/med\/wp-content\/uploads\/2023\/07\/362639667_766062098852680_4650431975708276454_n-300x276.jpg 300w, https:\/\/colegiomedicocat.com.ar\/med\/wp-content\/uploads\/2023\/07\/362639667_766062098852680_4650431975708276454_n-768x706.jpg 768w, https:\/\/colegiomedicocat.com.ar\/med\/wp-content\/uploads\/2023\/07\/362639667_766062098852680_4650431975708276454_n.jpg 960w\" sizes=\"(max-width: 435px) 100vw, 435px\" \/><\/a><\/div>\n<div dir=\"auto\"><a href=\"http:\/\/colegiomedicocat.com.ar\/med\/wp-content\/uploads\/2023\/07\/362659836_766062148852675_1098107179768459454_n.jpg\"><img decoding=\"async\" class=\" wp-image-5306 aligncenter\" src=\"http:\/\/colegiomedicocat.com.ar\/med\/wp-content\/uploads\/2023\/07\/362659836_766062148852675_1098107179768459454_n-300x118.jpg\" alt=\"\" width=\"397\" height=\"156\" srcset=\"https:\/\/colegiomedicocat.com.ar\/med\/wp-content\/uploads\/2023\/07\/362659836_766062148852675_1098107179768459454_n-300x118.jpg 300w, https:\/\/colegiomedicocat.com.ar\/med\/wp-content\/uploads\/2023\/07\/362659836_766062148852675_1098107179768459454_n-1024x402.jpg 1024w, https:\/\/colegiomedicocat.com.ar\/med\/wp-content\/uploads\/2023\/07\/362659836_766062148852675_1098107179768459454_n-768x301.jpg 768w, https:\/\/colegiomedicocat.com.ar\/med\/wp-content\/uploads\/2023\/07\/362659836_766062148852675_1098107179768459454_n.jpg 1152w\" sizes=\"(max-width: 397px) 100vw, 397px\" \/><\/a><\/div>\n<\/div>\n<div dir=\"auto\">\u00a0<\/div>\n","protected":false},"excerpt":{"rendered":"<p>\u00a0 \u00daltimos d\u00edas de inscripci\u00f3n el 28 de Julio es el comienzo del 3er m\u00f3dulo. \u00a0 GRAN ANUNCIO \u00a0 CURSO BI ANUAL DE ESPECIALIZACION EN DOCENCIA UNIVERSITARIA \u00a0 Gracias al Convenio entre el Colegio de M\u00e9dicos de Catamarca y la UNCA podemos realizar este proyecto tan ansiado por la Comunidad M\u00e9dica. \u00a0 A prop\u00f3sito del [&hellip;]<\/p>\n","protected":false},"author":2,"featured_media":5305,"comment_status":"closed","ping_status":"closed","sticky":false,"template":"","format":"standard","meta":{"_joinchat":[],"footnotes":""},"categories":[1],"tags":[],"class_list":["post-5303","post","type-post","status-publish","format-standard","has-post-thumbnail","hentry","category-noticias"],"_links":{"self":[{"href":"https:\/\/colegiomedicocat.com.ar\/med\/wp-json\/wp\/v2\/posts\/5303","targetHints":{"allow":["GET"]}}],"collection":[{"href":"https:\/\/colegiomedicocat.com.ar\/med\/wp-json\/wp\/v2\/posts"}],"about":[{"href":"https:\/\/colegiomedicocat.com.ar\/med\/wp-json\/wp\/v2\/types\/post"}],"author":[{"embeddable":true,"href":"https:\/\/colegiomedicocat.com.ar\/med\/wp-json\/wp\/v2\/users\/2"}],"replies":[{"embeddable":true,"href":"https:\/\/colegiomedicocat.com.ar\/med\/wp-json\/wp\/v2\/comments?post=5303"}],"version-history":[{"count":2,"href":"https:\/\/colegiomedicocat.com.ar\/med\/wp-json\/wp\/v2\/posts\/5303\/revisions"}],"predecessor-version":[{"id":5309,"href":"https:\/\/colegiomedicocat.com.ar\/med\/wp-json\/wp\/v2\/posts\/5303\/revisions\/5309"}],"wp:featuredmedia":[{"embeddable":true,"href":"https:\/\/colegiomedicocat.com.ar\/med\/wp-json\/wp\/v2\/media\/5305"}],"wp:attachment":[{"href":"https:\/\/colegiomedicocat.com.ar\/med\/wp-json\/wp\/v2\/media?parent=5303"}],"wp:term":[{"taxonomy":"category","embeddable":true,"href":"https:\/\/colegiomedicocat.com.ar\/med\/wp-json\/wp\/v2\/categories?post=5303"},{"taxonomy":"post_tag","embeddable":true,"href":"https:\/\/colegiomedicocat.com.ar\/med\/wp-json\/wp\/v2\/tags?post=5303"}],"curies":[{"name":"wp","href":"https:\/\/api.w.org\/{rel}","templated":true}]}}