{"id":5323,"date":"2023-08-17T18:08:49","date_gmt":"2023-08-17T18:08:49","guid":{"rendered":"https:\/\/colegiomedicocat.com.ar\/med\/?p=5323"},"modified":"2023-08-17T18:08:49","modified_gmt":"2023-08-17T18:08:49","slug":"cambios-en-el-cobro-de-matriculas-profesionales-a-traves-de-debito-automatico-hacia-la-optimizacion-financiera-y-legal","status":"publish","type":"post","link":"https:\/\/colegiomedicocat.com.ar\/med\/cambios-en-el-cobro-de-matriculas-profesionales-a-traves-de-debito-automatico-hacia-la-optimizacion-financiera-y-legal\/","title":{"rendered":"CAMBIOS EN EL COBRO DE MATR\u00cdCULAS PROFESIONALES a trav\u00e9s de D\u00e9bito Autom\u00e1tico: Hacia la Optimizaci\u00f3n Financiera y Legal."},"content":{"rendered":"\n<p>Estimados Colegiados del Colegio de M\u00e9dicos de Catamarca:<\/p>\n\n\n\n<p>Queremos informarles que, a partir de Junio de 2023, se inici\u00f3 la implementaci\u00f3n del cobro de Matr\u00edculas Profesionales a trav\u00e9s del sistema de D\u00e9bito Autom\u00e1tico.<\/p>\n\n\n\n<p>Esta <a><\/a>medida se enfoc\u00f3 principalmente en los colegiados socios del C\u00edrculo M\u00e9dico, cuyo convenio ha concluido en mutuo acuerdo entre ambas Instituciones.<\/p>\n\n\n\n<p>Pero que es extensivo a la totalidad de los m\u00e9dicos colegiados.<\/p>\n\n\n\n<p>Ya funciona a la perfecci\u00f3n el Debito por Planilla de Recibos de Sueldo para aquellos que desarrollan labores en el Estado Provincial.<\/p>\n\n\n\n<p>La iniciativa de homogeneizar los cobros, a trav\u00e9s de una v\u00eda segura, transparente y bancalizada, tiene como objetivo asegurar la estabilidad financiera presente y futura, y con el prop\u00f3sito de abordar la hist\u00f3rica problem\u00e1tica de deudas y retrasos en el pago de la matr\u00edcula profesional.<\/p>\n\n\n\n<p>Es crucial se\u00f1alar que los atrasos en el abono de la matr\u00edcula han sido un asunto cr\u00f3nico, de dif\u00edcil soluci\u00f3n, que afecta la integridad de nuestra profesi\u00f3n y el patrimonio financiero del Colegio.<\/p>\n\n\n\n<p>La falta de vigencia de una matr\u00edcula deteriora la protecci\u00f3n legal en los actos m\u00e9dicos. Por lo tanto, consideramos imperativo subsanar esta situaci\u00f3n mediante esta nueva modalidad de cobro.<\/p>\n\n\n\n<p>En relaci\u00f3n a los inconvenientes ocurridos durante los meses de Junio, Julio y Agosto de 2023 en cuanto al cobro de matr\u00edcula profesional a trav\u00e9s de D\u00e9bito Autom\u00e1tico, queremos brindarles detalles para su comprensi\u00f3n:<\/p>\n\n\n\n<p>1. La dificultad principal radic\u00f3 en aspectos program\u00e1ticos e inform\u00e1ticos del archivo de colegiados que se tuvo que migrar a la modalidad de D\u00e9bitos, relacionados con la configuraci\u00f3n de fechas y la adaptaci\u00f3n al dise\u00f1o de la plataforma.<\/p>\n\n\n\n<p>Estos problemas t\u00e9cnicos son comunes en procesos de adhesi\u00f3n a d\u00e9bitos autom\u00e1ticos, especialmente cuando la carga es m\u00faltiple.<\/p>\n\n\n\n<p>Cabe destacar que si bien afect\u00f3 en su mayor\u00eda a colegiados con cuentas en bancos distintos al Banco Galicia, entidad contratada por el colegio, los retrasos en el cobro incluyo a una minor\u00eda del Padr\u00f3n de Colegiados.<\/p>\n\n\n\n<p>2. Queremos dejar en claro que este error no estuvo dentro de nuestra voluntad, y no fue previsto por la entidad bancaria al iniciar el cobro.<\/p>\n\n\n\n<p>Lamentamos profundamente las molestias causadas a los afectados.<\/p>\n\n\n\n<p>3- A partir del presente mes de Agosto, estamos trabajando para resolver este inconveniente y evitar su repetici\u00f3n.<\/p>\n\n\n\n<p>El proceso de adaptaci\u00f3n y procesamiento del archivo no es simple y requiere tiempo para asegurar su correcto funcionamiento de manera independiente y segura.<\/p>\n\n\n\n<p>Reforzamos el concepto de buscar para el Colegiado y para la Instituci\u00f3n tranquilidad, seguridad, prolijidad y comodidad en el mantenimiento de la matricula Profesional, deber que todo profesional tiene y est\u00e1 estipulado por Reglamentaci\u00f3n vigente.<\/p>\n\n\n\n<p>Para finalizar, deseamos aclarar que una vez solventados los problemas con la entidad bancaria, se emitir\u00e1n las Facturas y enviadas por correo electr\u00f3nico personal.<\/p>\n\n\n\n<p>Pedimos disculpas por los inconvenientes ocasionados y les agradecemos por su comprensi\u00f3n y paciencia durante este proceso de transici\u00f3n.<\/p>\n\n\n\n<p>CONSEJO DIRECTIVO<\/p>\n\n\n\n<p>COLEGIO DE M\u00c9DICOS DE CATAMARCA<\/p>\n","protected":false},"excerpt":{"rendered":"<p>Estimados Colegiados del Colegio de M\u00e9dicos de Catamarca: Queremos informarles que, a partir de Junio de 2023, se inici\u00f3 la implementaci\u00f3n del cobro de Matr\u00edculas Profesionales a trav\u00e9s del sistema de D\u00e9bito Autom\u00e1tico. Esta medida se enfoc\u00f3 principalmente en los colegiados socios del C\u00edrculo M\u00e9dico, cuyo convenio ha concluido en mutuo acuerdo entre ambas Instituciones. [&hellip;]<\/p>\n","protected":false},"author":2,"featured_media":4967,"comment_status":"closed","ping_status":"closed","sticky":false,"template":"","format":"standard","meta":{"_joinchat":[],"footnotes":""},"categories":[9,1],"tags":[],"class_list":["post-5323","post","type-post","status-publish","format-standard","has-post-thumbnail","hentry","category-diapositivas","category-noticias"],"_links":{"self":[{"href":"https:\/\/colegiomedicocat.com.ar\/med\/wp-json\/wp\/v2\/posts\/5323","targetHints":{"allow":["GET"]}}],"collection":[{"href":"https:\/\/colegiomedicocat.com.ar\/med\/wp-json\/wp\/v2\/posts"}],"about":[{"href":"https:\/\/colegiomedicocat.com.ar\/med\/wp-json\/wp\/v2\/types\/post"}],"author":[{"embeddable":true,"href":"https:\/\/colegiomedicocat.com.ar\/med\/wp-json\/wp\/v2\/users\/2"}],"replies":[{"embeddable":true,"href":"https:\/\/colegiomedicocat.com.ar\/med\/wp-json\/wp\/v2\/comments?post=5323"}],"version-history":[{"count":1,"href":"https:\/\/colegiomedicocat.com.ar\/med\/wp-json\/wp\/v2\/posts\/5323\/revisions"}],"predecessor-version":[{"id":5325,"href":"https:\/\/colegiomedicocat.com.ar\/med\/wp-json\/wp\/v2\/posts\/5323\/revisions\/5325"}],"wp:featuredmedia":[{"embeddable":true,"href":"https:\/\/colegiomedicocat.com.ar\/med\/wp-json\/wp\/v2\/media\/4967"}],"wp:attachment":[{"href":"https:\/\/colegiomedicocat.com.ar\/med\/wp-json\/wp\/v2\/media?parent=5323"}],"wp:term":[{"taxonomy":"category","embeddable":true,"href":"https:\/\/colegiomedicocat.com.ar\/med\/wp-json\/wp\/v2\/categories?post=5323"},{"taxonomy":"post_tag","embeddable":true,"href":"https:\/\/colegiomedicocat.com.ar\/med\/wp-json\/wp\/v2\/tags?post=5323"}],"curies":[{"name":"wp","href":"https:\/\/api.w.org\/{rel}","templated":true}]}}