{"id":5326,"date":"2023-08-15T18:22:59","date_gmt":"2023-08-15T18:22:59","guid":{"rendered":"https:\/\/colegiomedicocat.com.ar\/med\/?p=5326"},"modified":"2023-08-17T18:57:33","modified_gmt":"2023-08-17T18:57:33","slug":"dominando-la-urgencia","status":"publish","type":"post","link":"https:\/\/colegiomedicocat.com.ar\/med\/dominando-la-urgencia\/","title":{"rendered":"DOMINANDO LA URGENCIA"},"content":{"rendered":"\n<p>CURSO INTENSIVO Y AVANZADO DE MANEJO DE LA EMERGENCIA Y DEL POLITRAUMATIZADO<\/p>\n\n\n\n<p>Nos complace presentarles el CURSO INTENSIVO Y AVANZADO DE MANEJO DE LA EMERGENCIA Y DEL POLITRAUMATIZADO, una oportunidad imperdible en el campo de la medicina de emergencias.<\/p>\n\n\n\n<p>La <a><\/a>medicina de emergencias, ya sea cl\u00ednica, quir\u00fargica o en el manejo del politraumatizado, aborda situaciones cr\u00edticas que plantean una amenaza inmediata para la vida.<\/p>\n\n\n\n<p>Este curso ha sido meticulosamente dise\u00f1ado para cumplir con los m\u00e1s altos est\u00e1ndares internacionales de asistencia Prehospitalaria y Hospitalaria.<\/p>\n\n\n\n<p>\u25cf Exploraremos el amplio espectro de la medicina de emergencias, abordando desde emergencias m\u00e9dicas agudas hasta lesiones traum\u00e1ticas que desaf\u00edan la vida.<\/p>\n\n\n\n<p>\u25cf Entenderemos que el trauma no es solo una enfermedad, sino el resultado de una exposici\u00f3n a energ\u00edas que superan la capacidad de tolerancia del cuerpo humano.<\/p>\n\n\n\n<p>\u25cf Adem\u00e1s, examinaremos c\u00f3mo las lesiones, desafortunadamente, se han convertido en una endemia que afecta a nuestra juventud en desarrollo, una preocupaci\u00f3n que trasciende fronteras.<\/p>\n\n\n\n<p>\u00d1<\/p>\n\n\n\n<p>La Organizaci\u00f3n Mundial de la Salud (OMS) nos recuerda que el trauma es la primera causa de muerte en personas de 1 a 45 a\u00f1os, y ocupa el tercer lugar en la lista global de causas de fallecimiento, despu\u00e9s de las enfermedades cardiovasculares y el c\u00e1ncer.<\/p>\n\n\n\n<p>En Argentina, las lesiones traum\u00e1ticas encabezan la lista de causas de muerte en ni\u00f1os y j\u00f3venes, y las colisiones vehiculares son un factor cr\u00edtico.<\/p>\n\n\n\n<p>Nuestro objetivo general es claro: fortalecer la creaci\u00f3n de centros hospitalarios de emergencia y dispositivos de atenci\u00f3n primaria homog\u00e9neos y jerarquizados.<\/p>\n\n\n\n<p>Abordaremos el manejo del paciente en contextos prehospitalarios y hospitalarios, as\u00ed como el an\u00e1lisis multidisciplinario que exige esta \u00e1rea.<\/p>\n\n\n\n<p>A trav\u00e9s de sesiones te\u00f3ricas y pr\u00e1cticas con simuladores y equipos especializados, brindaremos a los estudiantes el conocimiento y las herramientas necesarias para destacar como miembros de equipos de atenci\u00f3n sanitaria y mejorar la evoluci\u00f3n de los pacientes.<\/p>\n\n\n\n<p>\u00a1Bienvenidos al CURSO INTENSIVO Y AVANZADO DE MANEJO DE LA EMERGENCIA Y DEL POLITRAUMATIZADO!<\/p>\n\n\n\n<p><img decoding=\"async\" height=\"16\" width=\"16\" alt=\"&#x27a1;&#xfe0f;\" src=\"https:\/\/static.xx.fbcdn.net\/images\/emoji.php\/v9\/t9e\/1\/16\/27a1.png\"> Fecha y Requisitos: se llevar\u00e1 a cabo los d\u00edas 2 y 3 de Septiembre de 2023.<\/p>\n\n\n\n<p>Para asegurar la calidad de la experiencia, hemos establecido algunos requisitos clave:<\/p>\n\n\n\n<p><img decoding=\"async\" height=\"16\" width=\"16\" alt=\"&#x1f500;\" src=\"https:\/\/static.xx.fbcdn.net\/images\/emoji.php\/v9\/t8d\/1\/16\/1f500.png\"> CUPO M\u00cdNIMO: El curso requiere un m\u00ednimo de 30 asistentes para llevarse a cabo. \u00a1Tu participaci\u00f3n es esencial!<\/p>\n\n\n\n<p><img decoding=\"async\" height=\"16\" width=\"16\" alt=\"&#x1f500;\" src=\"https:\/\/static.xx.fbcdn.net\/images\/emoji.php\/v9\/t8d\/1\/16\/1f500.png\"> CUPO M\u00c1XIMO: No hay l\u00edmite en el cupo m\u00e1ximo, \u00a1te esperamos para llenar el sal\u00f3n con entusiasmo y aprendizaje!<\/p>\n\n\n\n<p><img decoding=\"async\" height=\"16\" width=\"16\" alt=\"&#x1f500;\" src=\"https:\/\/static.xx.fbcdn.net\/images\/emoji.php\/v9\/t8d\/1\/16\/1f500.png\"> CUPO M\u00cdNIMO POR TALLER: Cada taller necesita al menos 15 asistentes para su desarrollo exitoso.<\/p>\n\n\n\n<p>Las clases en el curso tendr\u00e1n una duraci\u00f3n aproximada de 120 minutos cada una.<\/p>\n\n\n\n<p>La carga horaria total ser\u00e1 de 32 horas, distribuidas en dos d\u00edas intensivos de aprendizaje.<\/p>\n\n\n\n<p>Los talleres, una parte fundamental de la experiencia, tambi\u00e9n tendr\u00e1n una duraci\u00f3n de alrededor de 120 minutos cada uno.<\/p>\n\n\n\n<p>Este curso est\u00e1 dirigido a un p\u00fablico diverso pero apasionado por la medicina de emergencias:<\/p>\n\n\n\n<p>\u25cf M\u00e9dicos con experiencia en \u00e1reas de urgencias y emergencias, que buscan mejorar y actualizar sus habilidades.<\/p>\n\n\n\n<p>\u25cf Estudiantes de Medicina deseosos de profundizar su conocimiento en situaciones cr\u00edticas y aprender de profesionales experimentados.<\/p>\n\n\n\n<p>\u25cf Enfermeros comprometidos con la atenci\u00f3n pre y\/o intrahospitalaria en emergencias.<\/p>\n\n\n\n<p>Los invitamos a unirse a nosotros en este viaje educativo de excelencia en la medicina de emergencias.<\/p>\n\n\n\n<p>Este evento est\u00e1 organizado en colaboraci\u00f3n entre el COLEGIO DE M\u00c9DICOS DE CATAMARCA y el Ministerio de Salud de la provincia.<\/p>\n\n\n\n<p>Juntos, nos esforzamos por proporcionar una formaci\u00f3n de alta calidad que beneficie tanto a los profesionales de la salud como a los pacientes que atienden.<\/p>\n\n\n\n<p>Los invitamos as\u00ed a unirse a nosotros en este viaje educativo de excelencia en la medicina de emergencias. Una oportunidad \u00fanica de crecimiento profesional y desarrollo personal.<\/p>\n\n\n\n<p>\u00a1Esperamos verte el 2 y 3 de Septiembre en el CURSO INTENSIVO Y AVANZADO DE MANEJO DE LA EMERGENCIA Y DEL POLITRAUMATIZADO.<\/p>\n\n\n\n<p>INFORMACI\u00d3N E INSCRIPCI\u00d3N<\/p>\n\n\n\n<p><a href=\"https:\/\/drive.google.com\/...\/13QLBRpkM7-C...\/view...\">https:\/\/drive.google.com\/&#8230;\/13QLBRpkM7-C&#8230;\/view&#8230;<\/a><\/p>\n\n\n\n<p>CONSEJO DIRECTIVO<\/p>\n\n\n\n<p>COLEGIO DE M\u00c9DICOS DE CATAMARCA<\/p>\n\n\n\n<div class=\"wp-block-algori-pdf-viewer-block-algori-pdf-viewer\"><iframe class=\"wp-block-algori-pdf-viewer-block-algori-pdf-viewer-iframe\" src=\"https:\/\/colegiomedicocat.com.ar\/med\/wp-content\/plugins\/algori-pdf-viewer\/dist\/web\/viewer.html?file=https%3A%2F%2Fcolegiomedicocat.com.ar%2Fmed%2Fwp-content%2Fuploads%2F2023%2F08%2Finfocolegio-3.pdf\" style=\"width:600px;height:300px\"><\/iframe><\/div>\n","protected":false},"excerpt":{"rendered":"<p>CURSO INTENSIVO Y AVANZADO DE MANEJO DE LA EMERGENCIA Y DEL POLITRAUMATIZADO Nos complace presentarles el CURSO INTENSIVO Y AVANZADO DE MANEJO DE LA EMERGENCIA Y DEL POLITRAUMATIZADO, una oportunidad imperdible en el campo de la medicina de emergencias. La medicina de emergencias, ya sea cl\u00ednica, quir\u00fargica o en el manejo del politraumatizado, aborda situaciones [&hellip;]<\/p>\n","protected":false},"author":2,"featured_media":0,"comment_status":"closed","ping_status":"closed","sticky":false,"template":"","format":"standard","meta":{"_joinchat":[],"footnotes":""},"categories":[1],"tags":[],"class_list":["post-5326","post","type-post","status-publish","format-standard","hentry","category-noticias"],"_links":{"self":[{"href":"https:\/\/colegiomedicocat.com.ar\/med\/wp-json\/wp\/v2\/posts\/5326","targetHints":{"allow":["GET"]}}],"collection":[{"href":"https:\/\/colegiomedicocat.com.ar\/med\/wp-json\/wp\/v2\/posts"}],"about":[{"href":"https:\/\/colegiomedicocat.com.ar\/med\/wp-json\/wp\/v2\/types\/post"}],"author":[{"embeddable":true,"href":"https:\/\/colegiomedicocat.com.ar\/med\/wp-json\/wp\/v2\/users\/2"}],"replies":[{"embeddable":true,"href":"https:\/\/colegiomedicocat.com.ar\/med\/wp-json\/wp\/v2\/comments?post=5326"}],"version-history":[{"count":10,"href":"https:\/\/colegiomedicocat.com.ar\/med\/wp-json\/wp\/v2\/posts\/5326\/revisions"}],"predecessor-version":[{"id":5343,"href":"https:\/\/colegiomedicocat.com.ar\/med\/wp-json\/wp\/v2\/posts\/5326\/revisions\/5343"}],"wp:attachment":[{"href":"https:\/\/colegiomedicocat.com.ar\/med\/wp-json\/wp\/v2\/media?parent=5326"}],"wp:term":[{"taxonomy":"category","embeddable":true,"href":"https:\/\/colegiomedicocat.com.ar\/med\/wp-json\/wp\/v2\/categories?post=5326"},{"taxonomy":"post_tag","embeddable":true,"href":"https:\/\/colegiomedicocat.com.ar\/med\/wp-json\/wp\/v2\/tags?post=5326"}],"curies":[{"name":"wp","href":"https:\/\/api.w.org\/{rel}","templated":true}]}}