{"id":5367,"date":"2023-09-26T19:45:15","date_gmt":"2023-09-26T19:45:15","guid":{"rendered":"https:\/\/colegiomedicocat.com.ar\/med\/?p=5367"},"modified":"2023-09-27T11:18:06","modified_gmt":"2023-09-27T11:18:06","slug":"cirugias-esteticas","status":"publish","type":"post","link":"https:\/\/colegiomedicocat.com.ar\/med\/cirugias-esteticas\/","title":{"rendered":"CIRUG\u00cdAS EST\u00c9TICAS"},"content":{"rendered":"\n<p>Nota realizada en el programa &#8220;Vamos de Nuevo Catamarca&#8221;<\/p>\n<div class=\"x11i5rnm xat24cr x1mh8g0r x1vvkbs xtlvy1s\">\n<div dir=\"auto\">Las pr\u00e1cticas de medicina est\u00e9tica, no tienen el rango de una especialidad m\u00e9dica y eso es una gran problem\u00e1tica compleja a nivel nacional. Todos estos casos actuales est\u00e1n haciendo reflotar la necesidad de una legislaci\u00f3n clara para la Medina.<\/div>\n<div dir=\"auto\">\u00a0<\/div>\n<\/div>\n<div class=\"x11i5rnm xat24cr x1mh8g0r x1vvkbs xtlvy1s\">\n<div dir=\"auto\"><span class=\"x3nfvp2 x1j61x8r x1fcty0u xdj266r xhhsvwb xat24cr xgzva0m xxymvpz xlup9mm x1kky2od\"><img decoding=\"async\" src=\"https:\/\/static.xx.fbcdn.net\/images\/emoji.php\/v9\/tf3\/1\/16\/1f539.png\" alt=\"&#x1f539;&#xfe0f;\" width=\"16\" height=\"16\" \/><\/span>Dr. Mauricio Figueroa (Presidente del colegio de m\u00e9dicos)<\/div>\n<div dir=\"auto\"><span class=\"x3nfvp2 x1j61x8r x1fcty0u xdj266r xhhsvwb xat24cr xgzva0m xxymvpz xlup9mm x1kky2od\"><img decoding=\"async\" src=\"https:\/\/static.xx.fbcdn.net\/images\/emoji.php\/v9\/tf3\/1\/16\/1f539.png\" alt=\"&#x1f539;&#xfe0f;\" width=\"16\" height=\"16\" \/><\/span>Dr. Pablo Mar\u00edn (Secretario del colegio de m\u00e9dicos)<\/div>\n<\/div>\n\n\n\n<iframe src=\"https:\/\/www.facebook.com\/plugins\/video.php?height=314&amp;href=https%3A%2F%2Fwww.facebook.com%2FVamosdeNuevoCatamarca%2Fvideos%2F852328639518341%2F&amp;show_text=false&amp;width=560&amp;t=0\" width=\"560\" height=\"334\" style=\"border:none;overflow:hidden\" scrolling=\"no\" frameborder=\"0\" allowfullscreen=\"true\" allow=\"autoplay; clipboard-write; encrypted-media; picture-in-picture; web-share\"><\/iframe>\n","protected":false},"excerpt":{"rendered":"<p>Nota realizada en el programa &#8220;Vamos de Nuevo Catamarca&#8221; Las pr\u00e1cticas de medicina est\u00e9tica, no tienen el rango de una especialidad m\u00e9dica y eso es una gran problem\u00e1tica compleja a nivel nacional. Todos estos casos actuales est\u00e1n haciendo reflotar la necesidad de una legislaci\u00f3n clara para la Medina. \u00a0 Dr. Mauricio Figueroa (Presidente del colegio [&hellip;]<\/p>\n","protected":false},"author":2,"featured_media":5385,"comment_status":"closed","ping_status":"closed","sticky":false,"template":"","format":"standard","meta":{"_joinchat":[],"footnotes":""},"categories":[1],"tags":[],"class_list":["post-5367","post","type-post","status-publish","format-standard","has-post-thumbnail","hentry","category-noticias"],"_links":{"self":[{"href":"https:\/\/colegiomedicocat.com.ar\/med\/wp-json\/wp\/v2\/posts\/5367","targetHints":{"allow":["GET"]}}],"collection":[{"href":"https:\/\/colegiomedicocat.com.ar\/med\/wp-json\/wp\/v2\/posts"}],"about":[{"href":"https:\/\/colegiomedicocat.com.ar\/med\/wp-json\/wp\/v2\/types\/post"}],"author":[{"embeddable":true,"href":"https:\/\/colegiomedicocat.com.ar\/med\/wp-json\/wp\/v2\/users\/2"}],"replies":[{"embeddable":true,"href":"https:\/\/colegiomedicocat.com.ar\/med\/wp-json\/wp\/v2\/comments?post=5367"}],"version-history":[{"count":4,"href":"https:\/\/colegiomedicocat.com.ar\/med\/wp-json\/wp\/v2\/posts\/5367\/revisions"}],"predecessor-version":[{"id":5383,"href":"https:\/\/colegiomedicocat.com.ar\/med\/wp-json\/wp\/v2\/posts\/5367\/revisions\/5383"}],"wp:featuredmedia":[{"embeddable":true,"href":"https:\/\/colegiomedicocat.com.ar\/med\/wp-json\/wp\/v2\/media\/5385"}],"wp:attachment":[{"href":"https:\/\/colegiomedicocat.com.ar\/med\/wp-json\/wp\/v2\/media?parent=5367"}],"wp:term":[{"taxonomy":"category","embeddable":true,"href":"https:\/\/colegiomedicocat.com.ar\/med\/wp-json\/wp\/v2\/categories?post=5367"},{"taxonomy":"post_tag","embeddable":true,"href":"https:\/\/colegiomedicocat.com.ar\/med\/wp-json\/wp\/v2\/tags?post=5367"}],"curies":[{"name":"wp","href":"https:\/\/api.w.org\/{rel}","templated":true}]}}