{"id":5435,"date":"2023-12-01T03:25:03","date_gmt":"2023-12-01T03:25:03","guid":{"rendered":"https:\/\/colegiomedicocat.com.ar\/med\/?p=5435"},"modified":"2023-12-01T03:29:20","modified_gmt":"2023-12-01T03:29:20","slug":"acto-academico-2","status":"publish","type":"post","link":"https:\/\/colegiomedicocat.com.ar\/med\/acto-academico-2\/","title":{"rendered":"ACTO ACAD\u00c9MICO"},"content":{"rendered":"\n\n\n<p>Ma\u00f1ana, continuando con los Festejos del D\u00eda del M\u00e9dico, el Colegio de M\u00e9dicos de Catamarca realizar\u00e1 nuestro ACTO ACAD\u00c9MICO, adonde se honra a nuestros h\u00e9roes m\u00e9dicos, se reconoce sus Trayectorias acad\u00e9micas y formativas.<\/p>\n\n\n\n<p>Se iluminan historias m\u00e9dicas sorprendentes, aplaudimos los que se esmeran con t\u00edtulos doctorales o al esfuerzo en recertificaci\u00f3n de especialidades.<\/p>\n\n\n\n<p>Volvemos a prender velas por nuestros m\u00e9dicos fallecidos, festejamos los 50 a\u00f1os de Colegiaci\u00f3n y aplaudimos la tarea de los Servicios M\u00e9dicos que dejan huellas profundas en nuestra Comunidad.<\/p>\n\n\n\n<p>Es un Acto lleno de emociones, aplausos, l\u00e1grimas y festejos desde el fondo del coraz\u00f3n m\u00e9dico.<\/p>\n\n\n\n<p>Nos llena de alegr\u00eda saber que se hace justicia con tantos colegas que nos muestran el camino a seguir.<\/p>\n\n\n\n<p>El acto consta de:<\/p>\n\n\n\n<p>\u25cf Recordatorio a M\u00e9dicos Fallecidos 2022\/2023.<\/p>\n\n\n\n<p>\u25cf Premio DURVAL MERCADO Recertificaciones Especialidades<\/p>\n\n\n\n<p>\u25cf Premio RENE FAVALORO Publicaci\u00f3nes M\u00e9dicas.<\/p>\n\n\n\n<p>\u25cf Reconocimiento 50 A\u00d1OS DE MEDICOS 2023.<\/p>\n\n\n\n<p>\u25cf Premio CARLOS MALBRAN Doctorado en Medicina.<\/p>\n\n\n\n<p>\u25cf Premio SALOMON LEVI Trayectoria M\u00e9dica.<\/p>\n\n\n\n<p>\u25cf Premio LUIS R. CIPOLLETTI Servicios y Hechos destacados.<\/p>\n\n\n\n<p>\u25cf Premio BERNARDO HOUSSAY M\u00e9dicos Nacionales referentes en Catamarca.<\/p>\n\n\n\n<p><img decoding=\"async\" height=\"16\" width=\"16\" alt=\"&#x1f5d3;\" src=\"https:\/\/static.xx.fbcdn.net\/images\/emoji.php\/v9\/t5c\/1\/16\/1f5d3.png\">&nbsp;Viernes 1 de Diciembre.<br><img decoding=\"async\" height=\"16\" width=\"16\" alt=\"&#x1f55c;\" src=\"https:\/\/static.xx.fbcdn.net\/images\/emoji.php\/v9\/t5b\/1\/16\/1f55c.png\">&nbsp;18:30 horas.<br><img decoding=\"async\" height=\"16\" width=\"16\" alt=\"&#x1f3e2;\" src=\"https:\/\/static.xx.fbcdn.net\/images\/emoji.php\/v9\/tf8\/1\/16\/1f3e2.png\">&nbsp;Complejo Cultural Urbano Girardi.<\/p>\n\n\n\n<p><img loading=\"lazy\" decoding=\"async\" height=\"16\" width=\"16\" alt=\"&#x1f4a2;\" src=\"https:\/\/static.xx.fbcdn.net\/images\/emoji.php\/v9\/tbd\/1\/16\/1f4a2.png\">CUPO COMPLETO<img loading=\"lazy\" decoding=\"async\" height=\"16\" width=\"16\" alt=\"&#x1f4a2;\" src=\"https:\/\/static.xx.fbcdn.net\/images\/emoji.php\/v9\/tbd\/1\/16\/1f4a2.png\"><\/p>\n\n\n\n<figure class=\"wp-block-image size-large\"><a href=\"https:\/\/colegiomedicocat.com.ar\/med\/wp-content\/uploads\/2023\/12\/405394734_850938253698397_2462308860053688750_n.jpg\"><img loading=\"lazy\" decoding=\"async\" width=\"734\" height=\"1024\" src=\"https:\/\/colegiomedicocat.com.ar\/med\/wp-content\/uploads\/2023\/12\/405394734_850938253698397_2462308860053688750_n-734x1024.jpg\" alt=\"\" class=\"wp-image-5437\" srcset=\"https:\/\/colegiomedicocat.com.ar\/med\/wp-content\/uploads\/2023\/12\/405394734_850938253698397_2462308860053688750_n-734x1024.jpg 734w, https:\/\/colegiomedicocat.com.ar\/med\/wp-content\/uploads\/2023\/12\/405394734_850938253698397_2462308860053688750_n-215x300.jpg 215w, https:\/\/colegiomedicocat.com.ar\/med\/wp-content\/uploads\/2023\/12\/405394734_850938253698397_2462308860053688750_n-768x1071.jpg 768w, https:\/\/colegiomedicocat.com.ar\/med\/wp-content\/uploads\/2023\/12\/405394734_850938253698397_2462308860053688750_n-1102x1536.jpg 1102w, https:\/\/colegiomedicocat.com.ar\/med\/wp-content\/uploads\/2023\/12\/405394734_850938253698397_2462308860053688750_n.jpg 1299w\" sizes=\"(max-width: 734px) 100vw, 734px\" \/><\/a><\/figure>\n\n\n\n<p>CONSEJO DIRECTIVO<br>COLEGIO DE M\u00c9DICOS DE CATAMARCA&nbsp;<\/p>\n","protected":false},"excerpt":{"rendered":"<p>Ma\u00f1ana, continuando con los Festejos del D\u00eda del M\u00e9dico, el Colegio de M\u00e9dicos de Catamarca realizar\u00e1 nuestro ACTO ACAD\u00c9MICO, adonde se honra a nuestros h\u00e9roes m\u00e9dicos, se reconoce sus Trayectorias acad\u00e9micas y formativas. Se iluminan historias m\u00e9dicas sorprendentes, aplaudimos los que se esmeran con t\u00edtulos doctorales o al esfuerzo en recertificaci\u00f3n de especialidades. Volvemos a [&hellip;]<\/p>\n","protected":false},"author":2,"featured_media":5437,"comment_status":"closed","ping_status":"closed","sticky":false,"template":"","format":"standard","meta":{"_joinchat":[],"footnotes":""},"categories":[1],"tags":[],"class_list":["post-5435","post","type-post","status-publish","format-standard","has-post-thumbnail","hentry","category-noticias"],"_links":{"self":[{"href":"https:\/\/colegiomedicocat.com.ar\/med\/wp-json\/wp\/v2\/posts\/5435","targetHints":{"allow":["GET"]}}],"collection":[{"href":"https:\/\/colegiomedicocat.com.ar\/med\/wp-json\/wp\/v2\/posts"}],"about":[{"href":"https:\/\/colegiomedicocat.com.ar\/med\/wp-json\/wp\/v2\/types\/post"}],"author":[{"embeddable":true,"href":"https:\/\/colegiomedicocat.com.ar\/med\/wp-json\/wp\/v2\/users\/2"}],"replies":[{"embeddable":true,"href":"https:\/\/colegiomedicocat.com.ar\/med\/wp-json\/wp\/v2\/comments?post=5435"}],"version-history":[{"count":2,"href":"https:\/\/colegiomedicocat.com.ar\/med\/wp-json\/wp\/v2\/posts\/5435\/revisions"}],"predecessor-version":[{"id":5439,"href":"https:\/\/colegiomedicocat.com.ar\/med\/wp-json\/wp\/v2\/posts\/5435\/revisions\/5439"}],"wp:featuredmedia":[{"embeddable":true,"href":"https:\/\/colegiomedicocat.com.ar\/med\/wp-json\/wp\/v2\/media\/5437"}],"wp:attachment":[{"href":"https:\/\/colegiomedicocat.com.ar\/med\/wp-json\/wp\/v2\/media?parent=5435"}],"wp:term":[{"taxonomy":"category","embeddable":true,"href":"https:\/\/colegiomedicocat.com.ar\/med\/wp-json\/wp\/v2\/categories?post=5435"},{"taxonomy":"post_tag","embeddable":true,"href":"https:\/\/colegiomedicocat.com.ar\/med\/wp-json\/wp\/v2\/tags?post=5435"}],"curies":[{"name":"wp","href":"https:\/\/api.w.org\/{rel}","templated":true}]}}