{"id":5440,"date":"2023-12-01T03:30:26","date_gmt":"2023-12-01T03:30:26","guid":{"rendered":"https:\/\/colegiomedicocat.com.ar\/med\/?p=5440"},"modified":"2023-12-01T03:35:30","modified_gmt":"2023-12-01T03:35:30","slug":"elementor-5440","status":"publish","type":"post","link":"https:\/\/colegiomedicocat.com.ar\/med\/elementor-5440\/","title":{"rendered":"DIA MUNDIAL DEL VIH"},"content":{"rendered":"\t\t<div data-elementor-type=\"wp-post\" data-elementor-id=\"5440\" class=\"elementor elementor-5440\" data-elementor-post-type=\"post\">\n\t\t\t\t\t\t<section class=\"elementor-section elementor-top-section elementor-element elementor-element-90d1a57 elementor-section-boxed elementor-section-height-default elementor-section-height-default\" data-id=\"90d1a57\" data-element_type=\"section\">\n\t\t\t\t\t\t<div class=\"elementor-container elementor-column-gap-default\">\n\t\t\t\t\t<div class=\"elementor-column elementor-col-50 elementor-top-column elementor-element elementor-element-e31726c\" data-id=\"e31726c\" data-element_type=\"column\">\n\t\t\t<div class=\"elementor-widget-wrap elementor-element-populated\">\n\t\t\t\t\t\t<div class=\"elementor-element elementor-element-86946bd elementor-widget elementor-widget-text-editor\" data-id=\"86946bd\" data-element_type=\"widget\" data-widget_type=\"text-editor.default\">\n\t\t\t\t<div class=\"elementor-widget-container\">\n\t\t\t\t\t\t\t<p>El D\u00eda Mundial del Sida se celebra el 1 de diciembre de cada a\u00f1o para crear conciencia sobre el virus de la inmunodeficiencia humana (VIH) y la enfermedad del sida, y para apoyar a las personas que viven con el VIH.<br \/><br \/>El D\u00eda Mundial del Sida es una oportunidad para recordar a las personas que han muerto a causa del sida, y para celebrar los logros de la lucha contra el VIH.<br \/><br \/>El tema del D\u00eda Mundial del Sida de 2023 es &#8220;Liderazgos comunitarios: Acabar con el sida para 2030&#8221;.<br \/><br \/>Este tema destaca la importancia de los liderazgos comunitarios en la lucha contra el VIH.<br \/><br \/>Los l\u00edderes comunitarios son las personas que viven y trabajan en las comunidades afectadas por el VIH, y son esenciales para el desarrollo de programas y servicios que satisfagan las necesidades de estas comunidades.<br \/><br \/>En Argentina, el D\u00eda Mundial del Sida se celebra con una serie de actividades organizadas por el Ministerio de Salud de la Naci\u00f3n, la Fundaci\u00f3n Hu\u00e9sped y otras organizaciones. Estas actividades incluyen charlas educativas, pruebas de VIH gratuitas, y eventos culturales.<br \/><br \/>El VIH es un virus que ataca el sistema inmunitario. El sistema inmunitario es responsable de proteger el cuerpo de las enfermedades. Cuando el VIH ataca el sistema inmunitario, la persona puede desarrollar el sida.<br \/><br \/>El sida es una enfermedad que puede causar la muerte.<br \/><br \/>No hay cura para el VIH, pero hay tratamientos que pueden ayudar a las personas a vivir con el VIH durante muchos a\u00f1os.<br \/><br \/>El tratamiento para el VIH consiste en tomar medicamentos antirretrovirales.<br \/><br \/>Los medicamentos antirretrovirales ayudan a controlar el virus y a prevenir el desarrollo del sida.<br \/><br \/>La mejor manera de prevenir la transmisi\u00f3n del VIH es tener relaciones sexuales seguras.<br \/><br \/>Las relaciones sexuales seguras son aquellas en las que se usan m\u00e9todos de barrera, como condones o diafragmas, para prevenir el contacto con fluidos corporales infecciosos.<br \/><br \/>Otras formas de prevenir la transmisi\u00f3n del VIH incluyen:<br \/><br \/>\u25cf No compartir agujas o jeringas<br \/>\u25cf No recibir transfusiones de sangre o productos sangu\u00edneos sin antes hacerse una prueba de VIH<br \/>\u25cf No amamantar a un beb\u00e9 si se sabe que se tiene VIH<br \/><br \/>El D\u00eda Mundial del Sida es una oportunidad para aprender m\u00e1s sobre el VIH y la enfermedad del sida, y para apoyar a las personas que viven con el VIH.<br \/><br \/>CONSEJO DIRECTIVO<br \/>COLEGIO DE M\u00c9DICOS DE CATAMARCA<\/p>\t\t\t\t\t\t<\/div>\n\t\t\t\t<\/div>\n\t\t\t\t\t<\/div>\n\t\t<\/div>\n\t\t\t\t<div class=\"elementor-column elementor-col-50 elementor-top-column elementor-element elementor-element-7e7af18\" data-id=\"7e7af18\" data-element_type=\"column\">\n\t\t\t<div class=\"elementor-widget-wrap elementor-element-populated\">\n\t\t\t\t\t\t<div class=\"elementor-element elementor-element-325b090 elementor-widget elementor-widget-image\" data-id=\"325b090\" data-element_type=\"widget\" data-widget_type=\"image.default\">\n\t\t\t\t<div class=\"elementor-widget-container\">\n\t\t\t\t\t\t\t\t\t\t\t\t\t<img fetchpriority=\"high\" decoding=\"async\" width=\"633\" height=\"1024\" src=\"https:\/\/colegiomedicocat.com.ar\/med\/wp-content\/uploads\/2023\/12\/405328500_850860283706194_1307195834999833275_n-633x1024.jpg\" class=\"attachment-large size-large wp-image-5443\" alt=\"\" srcset=\"https:\/\/colegiomedicocat.com.ar\/med\/wp-content\/uploads\/2023\/12\/405328500_850860283706194_1307195834999833275_n-633x1024.jpg 633w, https:\/\/colegiomedicocat.com.ar\/med\/wp-content\/uploads\/2023\/12\/405328500_850860283706194_1307195834999833275_n-186x300.jpg 186w, https:\/\/colegiomedicocat.com.ar\/med\/wp-content\/uploads\/2023\/12\/405328500_850860283706194_1307195834999833275_n-768x1242.jpg 768w, https:\/\/colegiomedicocat.com.ar\/med\/wp-content\/uploads\/2023\/12\/405328500_850860283706194_1307195834999833275_n-950x1536.jpg 950w, https:\/\/colegiomedicocat.com.ar\/med\/wp-content\/uploads\/2023\/12\/405328500_850860283706194_1307195834999833275_n.jpg 1226w\" sizes=\"(max-width: 633px) 100vw, 633px\" \/>\t\t\t\t\t\t\t\t\t\t\t\t\t<\/div>\n\t\t\t\t<\/div>\n\t\t\t\t\t<\/div>\n\t\t<\/div>\n\t\t\t\t\t<\/div>\n\t\t<\/section>\n\t\t\t\t<\/div>\n\t\t","protected":false},"excerpt":{"rendered":"<p>El D\u00eda Mundial del Sida se celebra el 1 de diciembre de cada a\u00f1o para crear conciencia sobre el virus de la inmunodeficiencia humana (VIH) y la enfermedad del sida, y para apoyar a las personas que viven con el VIH. El D\u00eda Mundial del Sida es una oportunidad para recordar a las personas que [&hellip;]<\/p>\n","protected":false},"author":2,"featured_media":5443,"comment_status":"closed","ping_status":"closed","sticky":false,"template":"","format":"standard","meta":{"_joinchat":[],"footnotes":""},"categories":[1],"tags":[],"class_list":["post-5440","post","type-post","status-publish","format-standard","has-post-thumbnail","hentry","category-noticias"],"_links":{"self":[{"href":"https:\/\/colegiomedicocat.com.ar\/med\/wp-json\/wp\/v2\/posts\/5440","targetHints":{"allow":["GET"]}}],"collection":[{"href":"https:\/\/colegiomedicocat.com.ar\/med\/wp-json\/wp\/v2\/posts"}],"about":[{"href":"https:\/\/colegiomedicocat.com.ar\/med\/wp-json\/wp\/v2\/types\/post"}],"author":[{"embeddable":true,"href":"https:\/\/colegiomedicocat.com.ar\/med\/wp-json\/wp\/v2\/users\/2"}],"replies":[{"embeddable":true,"href":"https:\/\/colegiomedicocat.com.ar\/med\/wp-json\/wp\/v2\/comments?post=5440"}],"version-history":[{"count":13,"href":"https:\/\/colegiomedicocat.com.ar\/med\/wp-json\/wp\/v2\/posts\/5440\/revisions"}],"predecessor-version":[{"id":5455,"href":"https:\/\/colegiomedicocat.com.ar\/med\/wp-json\/wp\/v2\/posts\/5440\/revisions\/5455"}],"wp:featuredmedia":[{"embeddable":true,"href":"https:\/\/colegiomedicocat.com.ar\/med\/wp-json\/wp\/v2\/media\/5443"}],"wp:attachment":[{"href":"https:\/\/colegiomedicocat.com.ar\/med\/wp-json\/wp\/v2\/media?parent=5440"}],"wp:term":[{"taxonomy":"category","embeddable":true,"href":"https:\/\/colegiomedicocat.com.ar\/med\/wp-json\/wp\/v2\/categories?post=5440"},{"taxonomy":"post_tag","embeddable":true,"href":"https:\/\/colegiomedicocat.com.ar\/med\/wp-json\/wp\/v2\/tags?post=5440"}],"curies":[{"name":"wp","href":"https:\/\/api.w.org\/{rel}","templated":true}]}}