{"id":5595,"date":"2023-12-22T19:58:58","date_gmt":"2023-12-22T19:58:58","guid":{"rendered":"https:\/\/colegiomedicocat.com.ar\/med\/?p=5595"},"modified":"2023-12-22T20:03:54","modified_gmt":"2023-12-22T20:03:54","slug":"comunicado-5","status":"publish","type":"post","link":"https:\/\/colegiomedicocat.com.ar\/med\/comunicado-5\/","title":{"rendered":"Comunicado"},"content":{"rendered":"\t\t<div data-elementor-type=\"wp-post\" data-elementor-id=\"5595\" class=\"elementor elementor-5595\" data-elementor-post-type=\"post\">\n\t\t\t\t\t\t<section class=\"elementor-section elementor-top-section elementor-element elementor-element-cd560a0 elementor-section-boxed elementor-section-height-default elementor-section-height-default\" data-id=\"cd560a0\" data-element_type=\"section\">\n\t\t\t\t\t\t<div class=\"elementor-container elementor-column-gap-default\">\n\t\t\t\t\t<div class=\"elementor-column elementor-col-100 elementor-top-column elementor-element elementor-element-c15e288\" data-id=\"c15e288\" data-element_type=\"column\">\n\t\t\t<div class=\"elementor-widget-wrap elementor-element-populated\">\n\t\t\t\t\t\t<div class=\"elementor-element elementor-element-fde2ad3 elementor-widget elementor-widget-heading\" data-id=\"fde2ad3\" data-element_type=\"widget\" data-widget_type=\"heading.default\">\n\t\t\t\t<div class=\"elementor-widget-container\">\n\t\t\t<h2 class=\"elementor-heading-title elementor-size-default\">COMUNICADO DEL COLEGIO DE M\u00c9DICOS DE CATAMARCA A LA COMUNIDAD M\u00c9DICA y POBLACI\u00d3N EN GENERAL<\/h2>\t\t<\/div>\n\t\t\t\t<\/div>\n\t\t\t\t<div class=\"elementor-element elementor-element-859c997 elementor-widget elementor-widget-text-editor\" data-id=\"859c997\" data-element_type=\"widget\" data-widget_type=\"text-editor.default\">\n\t\t\t\t<div class=\"elementor-widget-container\">\n\t\t\t\t\t\t\t<div class=\"xdj266r x11i5rnm xat24cr x1mh8g0r x1vvkbs x126k92a\">\n<div dir=\"auto\">&nbsp;<\/div>\n<\/div>\n<div class=\"x11i5rnm xat24cr x1mh8g0r x1vvkbs xtlvy1s x126k92a\">\n<div dir=\"auto\"><span style=\"font-size: 14pt;\">Nos complace informar sobre el exitoso desarrollo del Examen Promocional de fin de a\u00f1o de la Residencia de Cl\u00ednica M\u00e9dica en el Sanatorio Jun\u00edn.<\/span><\/div>\n<\/div>\n<div class=\"x11i5rnm xat24cr x1mh8g0r x1vvkbs xtlvy1s x126k92a\">\n<div dir=\"auto\"><span style=\"font-size: 14pt;\">La M\u00e9dica Residente Aredes Saadi Marisol ha demostrado un destacado desempe\u00f1o durante su primer a\u00f1o, superando los criterios de evaluaci\u00f3n establecidos.<\/span><\/div>\n<\/div>\n<div class=\"x11i5rnm xat24cr x1mh8g0r x1vvkbs xtlvy1s x126k92a\">\n<div dir=\"auto\"><span style=\"font-size: 14pt;\">El examen incluy\u00f3 la evaluaci\u00f3n de pacientes en la Sala de Cl\u00ednica M\u00e9dica y la presentaci\u00f3n de casos ante el Tribunal Evaluador en el Sal\u00f3n Auditorio del Sanatorio Jun\u00edn.<\/span><\/div><div dir=\"auto\"><span style=\"font-size: 14pt;\"><br><\/span><\/div>\n<\/div>\n<div class=\"x11i5rnm xat24cr x1mh8g0r x1vvkbs xtlvy1s x126k92a\">\n<div dir=\"auto\"><span style=\"font-size: 14pt;\">El Tribunal Evaluador estuvo compuesto por distinguidos profesionales de la salud, incluyendo al med Guillermo Ra\u00fal Mart\u00ednez, Director de Residencias de Sanatorio Jun\u00edn, la med. Noelia Anzolini, Jefa de Residencia de Cl\u00ednica M\u00e9dica, el med Daniel Andrada Jefe del Servicio de Terapia Intensiva, la med Ivana Dorado m\u00e9dica Especialista en cl\u00ednica del servicio de Cl\u00ednica M\u00e9dica del Sanatorio, y el presidente de la instituci\u00f3n, esp en medicina interna med Mauricio Figueroa.<\/span><\/div><div dir=\"auto\"><span style=\"font-size: 14pt;\"><br><\/span><\/div>\n<\/div>\n<div class=\"x11i5rnm xat24cr x1mh8g0r x1vvkbs xtlvy1s x126k92a\">\n<div dir=\"auto\"><span style=\"font-size: 14pt;\">Este logro consolida el compromiso del Colegio de M\u00e9dicos de Catamarca con la excelencia en la formaci\u00f3n m\u00e9dica de posgrado.<\/span><\/div>\n<\/div>\n<div class=\"x11i5rnm xat24cr x1mh8g0r x1vvkbs xtlvy1s x126k92a\">\n<div dir=\"auto\"><span style=\"font-size: 14pt;\">Seguiremos respaldando y supervisando el proceso de formaci\u00f3n y capacitaci\u00f3n de nuestros j\u00f3venes profesionales, apostando siempre por la calidad de la medicina en nuestra provincia.<\/span><\/div>\n<\/div>\n<div class=\"x11i5rnm xat24cr x1mh8g0r x1vvkbs xtlvy1s x126k92a\">\n<div dir=\"auto\"><span style=\"font-size: 14pt;\">Esta supervisi\u00f3n rigurosa del proceso formativo y evaluativo de las residencias m\u00e9dicas por parte de nuestra instituci\u00f3n se basa en el firme compromiso con la calidad y excelencia en la formaci\u00f3n de profesionales de la salud.<\/span><\/div>\n<\/div>\n<div class=\"x11i5rnm xat24cr x1mh8g0r x1vvkbs xtlvy1s x126k92a\">\n<div dir=\"auto\"><span style=\"font-size: 14pt;\">Al garantizar est\u00e1ndares elevados, no solo contribuimos al desarrollo individual de los residentes, sino que tambi\u00e9n aseguramos un alto nivel de atenci\u00f3n m\u00e9dica para la poblaci\u00f3n.<\/span><\/div><div dir=\"auto\"><span style=\"font-size: 14pt;\"><br><\/span><\/div>\n<\/div>\n<div class=\"x11i5rnm xat24cr x1mh8g0r x1vvkbs xtlvy1s x126k92a\">\n<div dir=\"auto\"><span style=\"font-size: 14pt;\">Esta actividad refleja la responsabilidad de mantener y elevar continuamente los est\u00e1ndares \u00e9ticos, cient\u00edficos y human\u00edsticos en la pr\u00e1ctica m\u00e9dica, consolidando as\u00ed la confianza de la comunidad en la competencia y dedicaci\u00f3n de nuestros profesionales.<\/span><\/div>\n<div dir=\"auto\"><span style=\"font-size: 14pt;\">&nbsp;<\/span><\/div>\n<\/div>\n<div class=\"x11i5rnm xat24cr x1mh8g0r x1vvkbs xtlvy1s x126k92a\">\n<div dir=\"auto\"><span style=\"font-size: 14pt;\">CONSEJO DIRECTIVO<\/span><\/div>\n<div dir=\"auto\"><span style=\"font-size: 14pt;\">COLEGIO DE MEDICOS DE CATAMARCA<\/span><\/div>\n<\/div>\t\t\t\t\t\t<\/div>\n\t\t\t\t<\/div>\n\t\t\t\t\t<\/div>\n\t\t<\/div>\n\t\t\t\t\t<\/div>\n\t\t<\/section>\n\t\t\t\t<section class=\"elementor-section elementor-top-section elementor-element elementor-element-3a5ed9a elementor-section-boxed elementor-section-height-default elementor-section-height-default\" data-id=\"3a5ed9a\" data-element_type=\"section\">\n\t\t\t\t\t\t<div class=\"elementor-container elementor-column-gap-default\">\n\t\t\t\t\t<div class=\"elementor-column elementor-col-50 elementor-top-column elementor-element elementor-element-2337136\" data-id=\"2337136\" data-element_type=\"column\">\n\t\t\t<div class=\"elementor-widget-wrap elementor-element-populated\">\n\t\t\t\t\t\t<div class=\"elementor-element elementor-element-b9ec40f elementor-widget elementor-widget-image\" data-id=\"b9ec40f\" data-element_type=\"widget\" data-widget_type=\"image.default\">\n\t\t\t\t<div class=\"elementor-widget-container\">\n\t\t\t\t\t\t\t\t\t\t\t\t\t<img fetchpriority=\"high\" decoding=\"async\" width=\"800\" height=\"600\" src=\"https:\/\/colegiomedicocat.com.ar\/med\/wp-content\/uploads\/2023\/12\/411646441_864073195718236_6103413663152892453_n.jpg\" class=\"attachment-large size-large wp-image-5600\" alt=\"\" srcset=\"https:\/\/colegiomedicocat.com.ar\/med\/wp-content\/uploads\/2023\/12\/411646441_864073195718236_6103413663152892453_n.jpg 1024w, https:\/\/colegiomedicocat.com.ar\/med\/wp-content\/uploads\/2023\/12\/411646441_864073195718236_6103413663152892453_n-300x225.jpg 300w, https:\/\/colegiomedicocat.com.ar\/med\/wp-content\/uploads\/2023\/12\/411646441_864073195718236_6103413663152892453_n-768x576.jpg 768w\" sizes=\"(max-width: 800px) 100vw, 800px\" \/>\t\t\t\t\t\t\t\t\t\t\t\t\t<\/div>\n\t\t\t\t<\/div>\n\t\t\t\t\t<\/div>\n\t\t<\/div>\n\t\t\t\t<div class=\"elementor-column elementor-col-50 elementor-top-column elementor-element elementor-element-eb56144\" data-id=\"eb56144\" data-element_type=\"column\">\n\t\t\t<div class=\"elementor-widget-wrap elementor-element-populated\">\n\t\t\t\t\t\t<div class=\"elementor-element elementor-element-7745bbc elementor-widget elementor-widget-image\" data-id=\"7745bbc\" data-element_type=\"widget\" data-widget_type=\"image.default\">\n\t\t\t\t<div class=\"elementor-widget-container\">\n\t\t\t\t\t\t\t\t\t\t\t\t\t<img decoding=\"async\" width=\"800\" height=\"567\" src=\"https:\/\/colegiomedicocat.com.ar\/med\/wp-content\/uploads\/2023\/12\/412374437_864073149051574_2731246584174821146_n-1.jpg\" class=\"attachment-large size-large wp-image-5599\" alt=\"\" srcset=\"https:\/\/colegiomedicocat.com.ar\/med\/wp-content\/uploads\/2023\/12\/412374437_864073149051574_2731246584174821146_n-1.jpg 962w, https:\/\/colegiomedicocat.com.ar\/med\/wp-content\/uploads\/2023\/12\/412374437_864073149051574_2731246584174821146_n-1-300x213.jpg 300w, https:\/\/colegiomedicocat.com.ar\/med\/wp-content\/uploads\/2023\/12\/412374437_864073149051574_2731246584174821146_n-1-768x544.jpg 768w\" sizes=\"(max-width: 800px) 100vw, 800px\" \/>\t\t\t\t\t\t\t\t\t\t\t\t\t<\/div>\n\t\t\t\t<\/div>\n\t\t\t\t\t<\/div>\n\t\t<\/div>\n\t\t\t\t\t<\/div>\n\t\t<\/section>\n\t\t\t\t<\/div>\n\t\t","protected":false},"excerpt":{"rendered":"<p>COMUNICADO DEL COLEGIO DE M\u00c9DICOS DE CATAMARCA A LA COMUNIDAD M\u00c9DICA y POBLACI\u00d3N EN GENERAL &nbsp; Nos complace informar sobre el exitoso desarrollo del Examen Promocional de fin de a\u00f1o de la Residencia de Cl\u00ednica M\u00e9dica en el Sanatorio Jun\u00edn. La M\u00e9dica Residente Aredes Saadi Marisol ha demostrado un destacado desempe\u00f1o durante su primer a\u00f1o, [&hellip;]<\/p>\n","protected":false},"author":2,"featured_media":5598,"comment_status":"closed","ping_status":"closed","sticky":false,"template":"","format":"standard","meta":{"_joinchat":[],"footnotes":""},"categories":[1],"tags":[],"class_list":["post-5595","post","type-post","status-publish","format-standard","has-post-thumbnail","hentry","category-noticias"],"_links":{"self":[{"href":"https:\/\/colegiomedicocat.com.ar\/med\/wp-json\/wp\/v2\/posts\/5595","targetHints":{"allow":["GET"]}}],"collection":[{"href":"https:\/\/colegiomedicocat.com.ar\/med\/wp-json\/wp\/v2\/posts"}],"about":[{"href":"https:\/\/colegiomedicocat.com.ar\/med\/wp-json\/wp\/v2\/types\/post"}],"author":[{"embeddable":true,"href":"https:\/\/colegiomedicocat.com.ar\/med\/wp-json\/wp\/v2\/users\/2"}],"replies":[{"embeddable":true,"href":"https:\/\/colegiomedicocat.com.ar\/med\/wp-json\/wp\/v2\/comments?post=5595"}],"version-history":[{"count":7,"href":"https:\/\/colegiomedicocat.com.ar\/med\/wp-json\/wp\/v2\/posts\/5595\/revisions"}],"predecessor-version":[{"id":5606,"href":"https:\/\/colegiomedicocat.com.ar\/med\/wp-json\/wp\/v2\/posts\/5595\/revisions\/5606"}],"wp:featuredmedia":[{"embeddable":true,"href":"https:\/\/colegiomedicocat.com.ar\/med\/wp-json\/wp\/v2\/media\/5598"}],"wp:attachment":[{"href":"https:\/\/colegiomedicocat.com.ar\/med\/wp-json\/wp\/v2\/media?parent=5595"}],"wp:term":[{"taxonomy":"category","embeddable":true,"href":"https:\/\/colegiomedicocat.com.ar\/med\/wp-json\/wp\/v2\/categories?post=5595"},{"taxonomy":"post_tag","embeddable":true,"href":"https:\/\/colegiomedicocat.com.ar\/med\/wp-json\/wp\/v2\/tags?post=5595"}],"curies":[{"name":"wp","href":"https:\/\/api.w.org\/{rel}","templated":true}]}}