{"id":5720,"date":"2024-02-06T22:29:40","date_gmt":"2024-02-06T22:29:40","guid":{"rendered":"https:\/\/colegiomedicocat.com.ar\/med\/?p=5720"},"modified":"2024-02-06T22:32:16","modified_gmt":"2024-02-06T22:32:16","slug":"nueva-aclaracion-sobre-el-arancel-minimo-y-etico","status":"publish","type":"post","link":"https:\/\/colegiomedicocat.com.ar\/med\/nueva-aclaracion-sobre-el-arancel-minimo-y-etico\/","title":{"rendered":"NUEVA ACLARACION SOBRE EL ARANCEL MINIMO Y \u00c9TICO"},"content":{"rendered":"\t\t<div data-elementor-type=\"wp-post\" data-elementor-id=\"5720\" class=\"elementor elementor-5720\" data-elementor-post-type=\"post\">\n\t\t\t\t\t\t<section class=\"elementor-section elementor-top-section elementor-element elementor-element-cf3765e elementor-section-boxed elementor-section-height-default elementor-section-height-default\" data-id=\"cf3765e\" data-element_type=\"section\">\n\t\t\t\t\t\t<div class=\"elementor-container elementor-column-gap-default\">\n\t\t\t\t\t<div class=\"elementor-column elementor-col-100 elementor-top-column elementor-element elementor-element-751b07f\" data-id=\"751b07f\" data-element_type=\"column\">\n\t\t\t<div class=\"elementor-widget-wrap elementor-element-populated\">\n\t\t\t\t\t\t<div class=\"elementor-element elementor-element-5c9d2d6 elementor-widget elementor-widget-text-editor\" data-id=\"5c9d2d6\" data-element_type=\"widget\" data-widget_type=\"text-editor.default\">\n\t\t\t\t<div class=\"elementor-widget-container\">\n\t\t\t\t\t\t\t<div class=\"xdj266r x11i5rnm xat24cr x1mh8g0r x1vvkbs x126k92a\"><div dir=\"auto\">\u00a0<\/div><\/div><div class=\"x11i5rnm xat24cr x1mh8g0r x1vvkbs xtlvy1s x126k92a\"><div dir=\"auto\">Por segunda vez en menos de un mes expresamos que el t\u00e9rmino \u201cArancel Minimo y Etico\u201d no implica pagos extras ni est\u00e1 relacionado con coseguros, transacciones con terceros ni mucho menos es un plus o diferencia a obras sociales.<\/div><div dir=\"auto\">\u00a0<\/div><\/div><div class=\"x11i5rnm xat24cr x1mh8g0r x1vvkbs xtlvy1s x126k92a\"><div dir=\"auto\">Solo Busca abordar el estancamiento en los honorarios<\/div><div dir=\"auto\">m\u00e9dicos, sin ser un cargo adicional. Brindando una gu\u00eda, como hacen TODOS LOS COLEGIOS DE LEY DEL PAIS, del Aracel \u00c9tico que debe percibir un m\u00e9dico por su consulta. Estando acorde a los valores regionales.<\/div><div dir=\"auto\">\u00a0<\/div><\/div><div class=\"x11i5rnm xat24cr x1mh8g0r x1vvkbs xtlvy1s x126k92a\"><div dir=\"auto\">Desmentimos la informaci\u00f3n distorsionada, mal interpretada y redactada de manera INCORRECTA por el diario La Uni\u00f3n de Catamarca en su versi\u00f3n digital en el d\u00eda de hoy respecto al arancel m\u00ednimo \u00e9tico que mes a mes desde hace 30 a\u00f1os la instituci\u00f3n emite.<\/div><div dir=\"auto\">\u00a0<\/div><\/div><div class=\"x11i5rnm xat24cr x1mh8g0r x1vvkbs xtlvy1s x126k92a\"><div dir=\"auto\">Hoy y siempre se esgrimi\u00f3 como un valor referencial y no vinculante por una atenci\u00f3n m\u00e9dica.<\/div><\/div><div class=\"x11i5rnm xat24cr x1mh8g0r x1vvkbs xtlvy1s x126k92a\"><div dir=\"auto\">Denominarlo como incremento del &#8220;plus&#8221; es una irresponsabilidad, una liviandad.<\/div><\/div><div class=\"x11i5rnm xat24cr x1mh8g0r x1vvkbs xtlvy1s x126k92a\"><div dir=\"auto\">Nos sorprende y m\u00e1s a\u00fan luego del informe emitido por esta instituci\u00f3n el 07-12-23.<\/div><\/div><div class=\"x11i5rnm xat24cr x1mh8g0r x1vvkbs xtlvy1s x126k92a\"><div dir=\"auto\"><a class=\"x1i10hfl xjbqb8w x1ejq31n xd10rxx x1sy0etr x17r0tee x972fbf xcfux6l x1qhh985 xm0m39n x9f619 x1ypdohk xt0psk2 xe8uvvx xdj266r x11i5rnm xat24cr x1mh8g0r xexx8yu x4uap5 x18d9i69 xkhd6sd x16tdsg8 x1hl2dhg xggy1nq x1a2a7pz xt0b8zv xzsf02u x1s688f\" tabindex=\"0\" role=\"link\" href=\"https:\/\/www.facebook.com\/permalink.php?story_fbid=pfbid0Z7fLGjBxntMSBcoEQKuonLijU3SvnqL3F52d26jK1haJBN7TKnwjVER8V5d2r4V9l&amp;id=100063466902831&amp;__cft__[0]=AZW1gLwcgMKfm-lBrDeHBK5ouzfLPOVA3D6t4QlsuKFtpIn0r6Htp_rsVF9YgmghGvhoHT_J98PG5M7ZEL9mJeAm5E238ZqsW5ID-RN9S7CNqY14EOU3n3dFbBwEdZidfRFkiFD0TDj-3SULVFw3pVXhKKVWHOXWLxiL6z9C6FMShmh5HH-G_prfGErjqP5edYA&amp;__tn__=-UK-R\">https:\/\/m.facebook.com\/story.php?story_fbid=854914719967417&amp;id=100063466902831&amp;mibextid=Nif5oz<\/a><\/div><\/div><div class=\"x11i5rnm xat24cr x1mh8g0r x1vvkbs xtlvy1s x126k92a\"><div dir=\"auto\"><span style=\"font-size: 14pt;\"><strong>El Colegio de M\u00e9dicos de Catamarca velar\u00e1 siempre por el trabajo m\u00e9dico DIGNO y JUSTO.<\/strong><\/span><\/div><\/div><div class=\"x11i5rnm xat24cr x1mh8g0r x1vvkbs xtlvy1s x126k92a\"><div dir=\"auto\"><span style=\"font-size: 14pt;\"><strong>No es funci\u00f3n del Colegio convenir con obras sociales o prepagas.<\/strong><\/span><\/div><\/div><div class=\"x11i5rnm xat24cr x1mh8g0r x1vvkbs xtlvy1s x126k92a\"><div dir=\"auto\"><span style=\"font-size: 14pt;\"><strong>Invitamos a contactarnos para evitar confusiones o malas intenciones.<\/strong><\/span><\/div><div dir=\"auto\">\u00a0<\/div><\/div><div class=\"x11i5rnm xat24cr x1mh8g0r x1vvkbs xtlvy1s x126k92a\"><div dir=\"auto\">CONSEJO DIRECTIVO<\/div><div dir=\"auto\">COLEGIO DE M\u00c9DICOS DE CATAMARCA<\/div><\/div>\t\t\t\t\t\t<\/div>\n\t\t\t\t<\/div>\n\t\t\t\t\t<\/div>\n\t\t<\/div>\n\t\t\t\t\t<\/div>\n\t\t<\/section>\n\t\t\t\t<\/div>\n\t\t","protected":false},"excerpt":{"rendered":"<p>\u00a0Por segunda vez en menos de un mes expresamos que el t\u00e9rmino \u201cArancel Minimo y Etico\u201d no implica pagos extras ni est\u00e1 relacionado con coseguros, transacciones con terceros ni mucho menos es un plus o diferencia a obras sociales.\u00a0Solo Busca abordar el estancamiento en los honorariosm\u00e9dicos, sin ser un cargo adicional. Brindando una gu\u00eda, como [&hellip;]<\/p>\n","protected":false},"author":2,"featured_media":5469,"comment_status":"closed","ping_status":"closed","sticky":false,"template":"","format":"standard","meta":{"_joinchat":[],"footnotes":""},"categories":[1],"tags":[],"class_list":["post-5720","post","type-post","status-publish","format-standard","has-post-thumbnail","hentry","category-noticias"],"_links":{"self":[{"href":"https:\/\/colegiomedicocat.com.ar\/med\/wp-json\/wp\/v2\/posts\/5720","targetHints":{"allow":["GET"]}}],"collection":[{"href":"https:\/\/colegiomedicocat.com.ar\/med\/wp-json\/wp\/v2\/posts"}],"about":[{"href":"https:\/\/colegiomedicocat.com.ar\/med\/wp-json\/wp\/v2\/types\/post"}],"author":[{"embeddable":true,"href":"https:\/\/colegiomedicocat.com.ar\/med\/wp-json\/wp\/v2\/users\/2"}],"replies":[{"embeddable":true,"href":"https:\/\/colegiomedicocat.com.ar\/med\/wp-json\/wp\/v2\/comments?post=5720"}],"version-history":[{"count":7,"href":"https:\/\/colegiomedicocat.com.ar\/med\/wp-json\/wp\/v2\/posts\/5720\/revisions"}],"predecessor-version":[{"id":5728,"href":"https:\/\/colegiomedicocat.com.ar\/med\/wp-json\/wp\/v2\/posts\/5720\/revisions\/5728"}],"wp:featuredmedia":[{"embeddable":true,"href":"https:\/\/colegiomedicocat.com.ar\/med\/wp-json\/wp\/v2\/media\/5469"}],"wp:attachment":[{"href":"https:\/\/colegiomedicocat.com.ar\/med\/wp-json\/wp\/v2\/media?parent=5720"}],"wp:term":[{"taxonomy":"category","embeddable":true,"href":"https:\/\/colegiomedicocat.com.ar\/med\/wp-json\/wp\/v2\/categories?post=5720"},{"taxonomy":"post_tag","embeddable":true,"href":"https:\/\/colegiomedicocat.com.ar\/med\/wp-json\/wp\/v2\/tags?post=5720"}],"curies":[{"name":"wp","href":"https:\/\/api.w.org\/{rel}","templated":true}]}}