{"id":5759,"date":"2024-02-23T20:42:00","date_gmt":"2024-02-23T20:42:00","guid":{"rendered":"https:\/\/colegiomedicocat.com.ar\/med\/?p=5759"},"modified":"2024-02-26T20:48:16","modified_gmt":"2024-02-26T20:48:16","slug":"alerta-dengue","status":"publish","type":"post","link":"https:\/\/colegiomedicocat.com.ar\/med\/alerta-dengue\/","title":{"rendered":"ALERTA DENGUE"},"content":{"rendered":"\t\t<div data-elementor-type=\"wp-post\" data-elementor-id=\"5759\" class=\"elementor elementor-5759\" data-elementor-post-type=\"post\">\n\t\t\t\t\t\t<section class=\"elementor-section elementor-top-section elementor-element elementor-element-bc72835 elementor-section-boxed elementor-section-height-default elementor-section-height-default\" data-id=\"bc72835\" data-element_type=\"section\">\n\t\t\t\t\t\t<div class=\"elementor-container elementor-column-gap-default\">\n\t\t\t\t\t<div class=\"elementor-column elementor-col-100 elementor-top-column elementor-element elementor-element-438e7cf\" data-id=\"438e7cf\" data-element_type=\"column\">\n\t\t\t<div class=\"elementor-widget-wrap elementor-element-populated\">\n\t\t\t\t\t\t<div class=\"elementor-element elementor-element-79b67ba elementor-widget elementor-widget-text-editor\" data-id=\"79b67ba\" data-element_type=\"widget\" data-widget_type=\"text-editor.default\">\n\t\t\t\t<div class=\"elementor-widget-container\">\n\t\t\t\t\t\t\t<div class=\"xdj266r x11i5rnm xat24cr x1mh8g0r x1vvkbs x126k92a\"><div dir=\"auto\" style=\"text-align: right;\">\u00a0<\/div><\/div><div class=\"x11i5rnm xat24cr x1mh8g0r x1vvkbs xtlvy1s x126k92a\"><div dir=\"auto\"><span style=\"font-size: 14pt;\">Desde el Colegio de M\u00e9dicos de Catamarca queremos reforzar conceptos sobre la actual epidemia de DENGUE.<\/span><\/div><\/div><div class=\"x11i5rnm xat24cr x1mh8g0r x1vvkbs xtlvy1s x126k92a\"><div dir=\"auto\"><span style=\"font-size: 14pt;\">En especial la particular realidad que nos afecta.<\/span><\/div><div dir=\"auto\"><span style=\"font-size: 14pt;\">\u00a0<\/span><\/div><div dir=\"auto\"><span style=\"font-size: 14pt;\">En Argentina, el Dengue es una enfermedad end\u00e9mica, pero con brotes epid\u00e9micos frecuentes.<\/span><\/div><\/div><div class=\"x11i5rnm xat24cr x1mh8g0r x1vvkbs xtlvy1s x126k92a\"><div dir=\"auto\"><span style=\"font-size: 14pt;\">La trasmite un vector, el mosquito Aedes Aeyipty, al igual que la Fiebre Amarilla.<\/span><\/div><div dir=\"auto\"><span style=\"font-size: 14pt;\">\u00a0<\/span><\/div><\/div><div class=\"x11i5rnm xat24cr x1mh8g0r x1vvkbs xtlvy1s x126k92a\"><div dir=\"auto\"><span style=\"font-size: 14pt;\">Durante los \u00faltimos a\u00f1os ocurrieron brotes epid\u00e9micos, es as\u00ed que en el a\u00f1o 2009 padecimos la epidemia con 26 mil casos en el pa\u00eds, cuyo foco m\u00e1s importante estuvo en la regi\u00f3n NOA.<\/span><\/div><div dir=\"auto\"><span style=\"font-size: 14pt;\">\u00a0<\/span><\/div><\/div><div class=\"x11i5rnm xat24cr x1mh8g0r x1vvkbs xtlvy1s x126k92a\"><div dir=\"auto\"><span style=\"font-size: 14pt;\">En 2016, el segundo brote con m\u00e1s de 40 mil casos y 2020 el tercer, con casi 60 mil casos, siendo las provincias de Salta, Jujuy, Formosa y Misiones las m\u00e1s afectadas. circulando el serotipo 1 fundamentalmente, es decir se extendi\u00f3 al NEA.<\/span><\/div><\/div><div class=\"x11i5rnm xat24cr x1mh8g0r x1vvkbs xtlvy1s x126k92a\"><div dir=\"auto\"><span style=\"font-size: 14pt;\">En 2023 hasta la sem 6 de 2024 sumaron m\u00e1s de 80 mil casos y se agregaron a las ya existentes, las zonas Centro y el Conourbano de BsAs con focos de caso.<\/span><\/div><div dir=\"auto\"><span style=\"font-size: 14pt;\">\u00a0<\/span><\/div><\/div><div class=\"x11i5rnm xat24cr x1mh8g0r x1vvkbs xtlvy1s x126k92a\"><div dir=\"auto\"><span style=\"font-size: 14pt;\">En nuestra provincia en el 2021 se registraron 195 casos, lo que representa un aumento significativo en comparaci\u00f3n con los 25 casos registrados en el 2020. En 2023 se registr\u00f3 un AUMENTO DEL 100 %, confirmando mas de 1000 casos.<\/span><\/div><\/div><div class=\"x11i5rnm xat24cr x1mh8g0r x1vvkbs xtlvy1s x126k92a\"><div dir=\"auto\"><span style=\"font-size: 14pt;\">Las zonas m\u00e1s afectadas en la provincia fue el valle central y con casos aut\u00f3ctonos o comunitarios en la Capital y Dpto. La Paz.<\/span><\/div><\/div><div class=\"x11i5rnm xat24cr x1mh8g0r x1vvkbs xtlvy1s x126k92a\"><div dir=\"auto\"><span style=\"font-size: 14pt;\">En 2024 enfrentamos un adelanto del pico de casos esperados para &#8211; Marzo\/Abril. Ya se reportaron mas de 1800casos, con un franco predominio del Dpto capital, en especial los barrios del sur.<\/span><\/div><\/div><div class=\"x11i5rnm xat24cr x1mh8g0r x1vvkbs xtlvy1s x126k92a\"><div dir=\"auto\"><span style=\"font-size: 14pt;\">\u00a1Este aumento significativo en el n\u00famero de casos de la enfermedad en una poblaci\u00f3n que ya tuvo numerosos casos en a\u00f1os anteriores nos pone en ESPECIAL ATENCION!!!<\/span><\/div><div dir=\"auto\"><span style=\"font-size: 14pt;\">\u00a0<\/span><\/div><\/div><div class=\"x11i5rnm xat24cr x1mh8g0r x1vvkbs xtlvy1s x126k92a\"><div dir=\"auto\"><span style=\"font-size: 14pt;\">La explicaci\u00f3n es la siguiente. Dengue tiene 4 serotipos. Ya enfermo a muchos pacientes con el tipo 1 en 2009 y 2016.<\/span><\/div><\/div><div class=\"x11i5rnm xat24cr x1mh8g0r x1vvkbs xtlvy1s x126k92a\"><div dir=\"auto\"><span style=\"font-size: 14pt;\">Actualmente est\u00e1 circulando en un mayor porcentaje el tipo Serotipo 2 . Si aquellos pacientes que enfermaron de tipo 1 se vuelven a enfermar con el tipo 2, existen posibilidades de desarrollar formas severas o graves de la enfermedad, como lo es la hemorr\u00e1gica.<\/span><\/div><\/div><div class=\"x11i5rnm xat24cr x1mh8g0r x1vvkbs xtlvy1s x126k92a\"><div dir=\"auto\"><span style=\"font-size: 14pt;\">En el pa\u00eds hoy son 15 jurisdicciones que componen a las regiones NEA, NOA y Centro que presentan circulaci\u00f3n viral notificada . Se registra un aumento en el n\u00famero de casos que aporta la region Centro y NOA.<\/span><\/div><div dir=\"auto\"><span style=\"font-size: 14pt;\">\u00a0<\/span><\/div><\/div><div class=\"x11i5rnm xat24cr x1mh8g0r x1vvkbs xtlvy1s x126k92a\"><div dir=\"auto\"><span style=\"font-size: 14pt;\">Debemos sumar un problema que es EL SUBREGISTRO DE LOS CASOS, por m\u00faltiples causas, como se observa el panorama no es alentador.<\/span><\/div><\/div><div class=\"x11i5rnm xat24cr x1mh8g0r x1vvkbs xtlvy1s x126k92a\"><div dir=\"auto\"><span style=\"font-size: 14pt;\">Sin embargo, queremos tranquilizar a la poblaci\u00f3n, pues LA MAYORIA DE LOS CASOS DE DENGUE SON LEVES y se resuelven por s\u00ed solos, no hay un tratamiento espec\u00edfico, es solo sintom\u00e1tico y mantener una hidrataci\u00f3n adecuada.<\/span><\/div><\/div><div class=\"x11i5rnm xat24cr x1mh8g0r x1vvkbs xtlvy1s x126k92a\"><div dir=\"auto\"><span style=\"font-size: 14pt;\">Pero algunos casos pueden ser graves y requerir atenci\u00f3n m\u00e9dica. Los s\u00edntomas incluyen fiebre alta, dolor de cabeza, dolor en los m\u00fasculos y las articulaciones, erupci\u00f3n cut\u00e1nea y s\u00edntomas digestivos.<\/span><\/div><\/div><div class=\"x11i5rnm xat24cr x1mh8g0r x1vvkbs xtlvy1s x126k92a\"><div dir=\"auto\"><span style=\"font-size: 14pt;\">El seguimiento m\u00e9dico de los pacientes enfermos es importante para detectar las formas graves.<\/span><\/div><\/div><div class=\"x11i5rnm xat24cr x1mh8g0r x1vvkbs xtlvy1s x126k92a\"><div dir=\"auto\"><span style=\"font-size: 14pt;\">Es una realidad que adem\u00e1s se llega al diagn\u00f3stico por nexo o cercan\u00eda Epidemiol\u00f3gica con pacientes enfermos de Dengue de una misma familia o vecindario. El motivo manifestado desde Salud es que se deber\u00e1n tambi\u00e9n optimizar los recursos de reactivos diagn\u00f3sticos.<\/span><\/div><\/div><div class=\"x11i5rnm xat24cr x1mh8g0r x1vvkbs xtlvy1s x126k92a\"><div dir=\"auto\"><span style=\"font-size: 14pt;\">Queremos resaltar los siguientes aspectos :<\/span><\/div><div dir=\"auto\"><span style=\"font-size: 14pt;\">\u25cf Se observa un incremento significativo y sostenido de casos de dengue en la provincia de Catamarca.<\/span><\/div><div dir=\"auto\"><span style=\"font-size: 14pt;\">\u25cf Si la consulta es precoz, si el paciente NO se automedica y hay un manejo con seguimiento cl\u00ednico frecuente, nos da una oportunidad fundamental de que el enfermo de Dengue, pueda resolver su cuadro de manera favorable, sin dejar secuelas importantes.<\/span><\/div><\/div><div class=\"x11i5rnm xat24cr x1mh8g0r x1vvkbs xtlvy1s x126k92a\"><div dir=\"auto\"><span style=\"font-size: 14pt;\">\u25cf Las medidas de Prevenci\u00f3n y Control de Vectores, como la eliminaci\u00f3n de criaderos de mosquitos, el uso de repelentes y mosquiteros, y la fumigaci\u00f3n son herramientas b\u00e1sicas para controlar la epidemia de Dengue.<\/span><\/div><\/div><div class=\"x11i5rnm xat24cr x1mh8g0r x1vvkbs xtlvy1s x126k92a\"><div dir=\"auto\"><span style=\"font-size: 14pt;\">\u25cf Si bien la zona m\u00e1s afectada es el sur de la Capital, se observa un incremento de casos en zona centro y en diferentes barrios de la zona norte.<\/span><\/div><\/div><div class=\"x11i5rnm xat24cr x1mh8g0r x1vvkbs xtlvy1s x126k92a\"><div dir=\"auto\"><span style=\"font-size: 14pt;\">\u25cf En los d\u00edas de menor temperatura, el mosquito tiende a ingresar a los domicilios.<\/span><\/div><\/div><div class=\"x11i5rnm xat24cr x1mh8g0r x1vvkbs xtlvy1s x126k92a\"><div dir=\"auto\"><span style=\"font-size: 14pt;\">\u25cf Es indispensable mejorar la oportunidad en la sospecha cl\u00ednica, acudir pronto a la consulta y sin automedicarse , la notificaci\u00f3n y control de casos sospechosos a trav\u00e9s de una vigilancia activa en todo el territorio provincial para evitar la ocurrencia de brotes, la circulaci\u00f3n viral en nuevas zonas e impedir la co-circulaci\u00f3n de serotipos.<\/span><\/div><\/div><div class=\"x11i5rnm xat24cr x1mh8g0r x1vvkbs xtlvy1s x126k92a\"><div dir=\"auto\"><span style=\"font-size: 14pt;\">\u00a1Tenemos que ser m\u00e1s en\u00e9rgicos en los cuidados y en las acciones!!<\/span><\/div><\/div><div class=\"x11i5rnm xat24cr x1mh8g0r x1vvkbs xtlvy1s x126k92a\"><div dir=\"auto\"><span style=\"font-size: 14pt;\">\u00a1Hay demasiados pacientes susceptibles en la provincia de la epidemia pasada!<\/span><\/div><\/div><div class=\"x11i5rnm xat24cr x1mh8g0r x1vvkbs xtlvy1s x126k92a\"><div dir=\"auto\"><span style=\"font-size: 14pt;\">Pretendemos con esta informaci\u00f3n, reactivar la conciencia p\u00fablica, en comunidad, en los agentes de salud y en las autoridades sanitarias.<\/span><\/div><\/div><div class=\"x11i5rnm xat24cr x1mh8g0r x1vvkbs xtlvy1s x126k92a\"><div dir=\"auto\"><span style=\"font-size: 14pt;\">Trabajar todos juntos, es lo mejor para reducir la exposici\u00f3n a los mosquitos.<\/span><\/div><\/div><div class=\"x11i5rnm xat24cr x1mh8g0r x1vvkbs xtlvy1s x126k92a\"><div dir=\"auto\"><span style=\"font-size: 14pt;\">Las Autoridades de Salud contin\u00faan con medidas preventivas y de control para combatir la propagaci\u00f3n del virus.<\/span><\/div><\/div><div class=\"x11i5rnm xat24cr x1mh8g0r x1vvkbs xtlvy1s x126k92a\"><div dir=\"auto\"><span style=\"font-size: 14pt;\">Se desarrollan campa\u00f1as de concientizaci\u00f3n y se han intensificado las tareas de fumigaci\u00f3n y eliminaci\u00f3n de criaderos de mosquitos en las zonas afectadas, pero la poblaci\u00f3n tambi\u00e9n debe en su domicilio cumplir con las medidas conocidas.<\/span><\/div><\/div><div class=\"x11i5rnm xat24cr x1mh8g0r x1vvkbs xtlvy1s x126k92a\"><div dir=\"auto\"><span style=\"font-size: 14pt;\">\u00a1No debemos relajarnos como comunidad!<\/span><\/div><\/div><div class=\"x11i5rnm xat24cr x1mh8g0r x1vvkbs xtlvy1s x126k92a\"><div dir=\"auto\"><span style=\"font-size: 14pt;\">Estar atentos y colaborar para que esta epidemia de Dengue no siga avanzando!<\/span><\/div><div dir=\"auto\"><span style=\"font-size: 14pt;\">\u00a0<\/span><\/div><div dir=\"auto\"><span style=\"font-size: 14pt;\">\u00a0<\/span><\/div><div dir=\"auto\" style=\"text-align: center;\">\u00a0<\/div><\/div><div class=\"x11i5rnm xat24cr x1mh8g0r x1vvkbs xtlvy1s x126k92a\"><div dir=\"auto\" style=\"text-align: center;\"><span style=\"font-size: 14pt;\">CONSEJO DIRECTIVO<\/span><\/div><div dir=\"auto\" style=\"text-align: center;\"><span style=\"font-size: 14pt;\">COLEGIO DE M\u00c9DICOS DE CATAMARCA<\/span><\/div><\/div>\t\t\t\t\t\t<\/div>\n\t\t\t\t<\/div>\n\t\t\t\t\t<\/div>\n\t\t<\/div>\n\t\t\t\t\t<\/div>\n\t\t<\/section>\n\t\t\t\t<\/div>\n\t\t","protected":false},"excerpt":{"rendered":"<p>Desde el Colegio de M\u00e9dicos de Catamarca queremos reforzar conceptos sobre la actual epidemia de DENGUE.En especial la particular realidad que nos afecta.&nbsp;En Argentina, el Dengue es una enfermedad end\u00e9mica, pero con brotes epid\u00e9micos frecuentes.La trasmite un vector, el mosquito Aedes Aeyipty, al igual que la Fiebre Amarilla.&nbsp;Durante los \u00faltimos a\u00f1os ocurrieron brotes epid\u00e9micos, es [&hellip;]<\/p>\n","protected":false},"author":2,"featured_media":5762,"comment_status":"closed","ping_status":"closed","sticky":false,"template":"","format":"standard","meta":{"_joinchat":[],"footnotes":""},"categories":[1],"tags":[],"class_list":["post-5759","post","type-post","status-publish","format-standard","has-post-thumbnail","hentry","category-noticias"],"_links":{"self":[{"href":"https:\/\/colegiomedicocat.com.ar\/med\/wp-json\/wp\/v2\/posts\/5759","targetHints":{"allow":["GET"]}}],"collection":[{"href":"https:\/\/colegiomedicocat.com.ar\/med\/wp-json\/wp\/v2\/posts"}],"about":[{"href":"https:\/\/colegiomedicocat.com.ar\/med\/wp-json\/wp\/v2\/types\/post"}],"author":[{"embeddable":true,"href":"https:\/\/colegiomedicocat.com.ar\/med\/wp-json\/wp\/v2\/users\/2"}],"replies":[{"embeddable":true,"href":"https:\/\/colegiomedicocat.com.ar\/med\/wp-json\/wp\/v2\/comments?post=5759"}],"version-history":[{"count":8,"href":"https:\/\/colegiomedicocat.com.ar\/med\/wp-json\/wp\/v2\/posts\/5759\/revisions"}],"predecessor-version":[{"id":5770,"href":"https:\/\/colegiomedicocat.com.ar\/med\/wp-json\/wp\/v2\/posts\/5759\/revisions\/5770"}],"wp:featuredmedia":[{"embeddable":true,"href":"https:\/\/colegiomedicocat.com.ar\/med\/wp-json\/wp\/v2\/media\/5762"}],"wp:attachment":[{"href":"https:\/\/colegiomedicocat.com.ar\/med\/wp-json\/wp\/v2\/media?parent=5759"}],"wp:term":[{"taxonomy":"category","embeddable":true,"href":"https:\/\/colegiomedicocat.com.ar\/med\/wp-json\/wp\/v2\/categories?post=5759"},{"taxonomy":"post_tag","embeddable":true,"href":"https:\/\/colegiomedicocat.com.ar\/med\/wp-json\/wp\/v2\/tags?post=5759"}],"curies":[{"name":"wp","href":"https:\/\/api.w.org\/{rel}","templated":true}]}}