{"id":5809,"date":"2024-02-29T12:39:00","date_gmt":"2024-02-29T12:39:00","guid":{"rendered":"https:\/\/colegiomedicocat.com.ar\/med\/?p=5809"},"modified":"2024-03-02T14:49:55","modified_gmt":"2024-03-02T14:49:55","slug":"comunicado-del-colegio-de-medicos-de-catamarca","status":"publish","type":"post","link":"https:\/\/colegiomedicocat.com.ar\/med\/comunicado-del-colegio-de-medicos-de-catamarca\/","title":{"rendered":"COMUNICADO DEL COLEGIO DE M\u00c9DICOS DE CATAMARCA"},"content":{"rendered":"\t\t<div data-elementor-type=\"wp-post\" data-elementor-id=\"5809\" class=\"elementor elementor-5809\" data-elementor-post-type=\"post\">\n\t\t\t\t\t\t<section class=\"elementor-section elementor-top-section elementor-element elementor-element-21963df elementor-section-boxed elementor-section-height-default elementor-section-height-default\" data-id=\"21963df\" data-element_type=\"section\">\n\t\t\t\t\t\t<div class=\"elementor-container elementor-column-gap-default\">\n\t\t\t\t\t<div class=\"elementor-column elementor-col-100 elementor-top-column elementor-element elementor-element-be6d312\" data-id=\"be6d312\" data-element_type=\"column\">\n\t\t\t<div class=\"elementor-widget-wrap elementor-element-populated\">\n\t\t\t\t\t\t<div class=\"elementor-element elementor-element-05a0306 elementor-widget elementor-widget-image\" data-id=\"05a0306\" data-element_type=\"widget\" data-widget_type=\"image.default\">\n\t\t\t\t<div class=\"elementor-widget-container\">\n\t\t\t\t\t\t\t\t\t\t\t\t\t<img decoding=\"async\" src=\"https:\/\/colegiomedicocat.com.ar\/med\/wp-content\/uploads\/2024\/03\/430867258_909723237819898_8052948671437233051_n.jpg\" title=\"430867258_909723237819898_8052948671437233051_n\" alt=\"430867258_909723237819898_8052948671437233051_n\" loading=\"lazy\" \/>\t\t\t\t\t\t\t\t\t\t\t\t\t<\/div>\n\t\t\t\t<\/div>\n\t\t\t\t\t<\/div>\n\t\t<\/div>\n\t\t\t\t\t<\/div>\n\t\t<\/section>\n\t\t\t\t<section class=\"elementor-section elementor-top-section elementor-element elementor-element-5ec8ced elementor-section-boxed elementor-section-height-default elementor-section-height-default\" data-id=\"5ec8ced\" data-element_type=\"section\">\n\t\t\t\t\t\t<div class=\"elementor-container elementor-column-gap-default\">\n\t\t\t\t\t<div class=\"elementor-column elementor-col-100 elementor-top-column elementor-element elementor-element-d732ef1\" data-id=\"d732ef1\" data-element_type=\"column\">\n\t\t\t<div class=\"elementor-widget-wrap elementor-element-populated\">\n\t\t\t\t\t\t<div class=\"elementor-element elementor-element-68a9c0c elementor-widget elementor-widget-text-editor\" data-id=\"68a9c0c\" data-element_type=\"widget\" data-widget_type=\"text-editor.default\">\n\t\t\t\t<div class=\"elementor-widget-container\">\n\t\t\t\t\t\t\t<div class=\"xdj266r x11i5rnm xat24cr x1mh8g0r x1vvkbs x126k92a\"><div dir=\"auto\">\u00a0<\/div><\/div><div class=\"x11i5rnm xat24cr x1mh8g0r x1vvkbs xtlvy1s x126k92a\"><div dir=\"auto\"><span style=\"font-size: 14pt;\">El Colegio de M\u00e9dicos de Catamarca expresa su profundo repudio ante la situaci\u00f3n laboral y remunerativa de los m\u00e9dicos y m\u00e9dicas de la provincia, la cual est\u00e1 alcanzando su punto m\u00e1s cr\u00edtico.<\/span><\/div><\/div><div class=\"x11i5rnm xat24cr x1mh8g0r x1vvkbs xtlvy1s x126k92a\"><div dir=\"auto\"><span style=\"font-size: 14pt;\">Afecta ya a todas las especialidades y a todo el espectro de atenci\u00f3n m\u00e9dica.<\/span><\/div><\/div><div class=\"x11i5rnm xat24cr x1mh8g0r x1vvkbs xtlvy1s x126k92a\"><div dir=\"auto\"><span style=\"font-size: 14pt;\">Durante mucho tiempo hemos denunciado esta realidad. Se compromete la calidad de la atenci\u00f3n sanitaria y pone en riesgo el Recurso Humano Calificado y Esencial que representa la responsabilidad de estar al el cuidado de la salud!.<\/span><\/div><\/div><div class=\"x11i5rnm xat24cr x1mh8g0r x1vvkbs xtlvy1s x126k92a\"><div dir=\"auto\"><span style=\"font-size: 14pt;\">\u00a1Nada m\u00e1s ni nada menos!!<\/span><\/div><\/div><div class=\"x11i5rnm xat24cr x1mh8g0r x1vvkbs xtlvy1s x126k92a\"><div dir=\"auto\"><span style=\"font-size: 14pt;\">La Salud de la poblaci\u00f3n donde todos somos o seremos pacientes.<\/span><\/div><\/div><div class=\"x11i5rnm xat24cr x1mh8g0r x1vvkbs xtlvy1s x126k92a\"><div dir=\"auto\"><span style=\"font-size: 14pt;\">Consideramos que la Especializaci\u00f3n y los Estudios de Postgrado son fundamentales para el Ejercicio Profesional responsable.<\/span><\/div><\/div><div class=\"x11i5rnm xat24cr x1mh8g0r x1vvkbs xtlvy1s x126k92a\"><div dir=\"auto\"><span style=\"font-size: 14pt;\">Sin embargo, sin remuneraciones justas, sin tiempos laborales adecuados y sin dignificaci\u00f3n, es imposible buscar o mantener la excelencia en la capacitaci\u00f3n, mejorar el acceso a la salud con una mejor atenci\u00f3n y mucho menos motivar a los j\u00f3venes a ingresar a esta profesi\u00f3n.<\/span><\/div><\/div><div class=\"x11i5rnm xat24cr x1mh8g0r x1vvkbs xtlvy1s x126k92a\"><div dir=\"auto\"><span style=\"font-size: 14pt;\">Seamos concretos, la falta de actualizaci\u00f3n salarial tanto en el \u00e1mbito p\u00fablico como privado, as\u00ed como la ausencia de reconocimiento en los honorarios de las obras sociales y prepagas, nos sit\u00faa en una posici\u00f3n de olvido y castigo.<\/span><\/div><\/div><div class=\"x11i5rnm xat24cr x1mh8g0r x1vvkbs xtlvy1s x126k92a\"><div dir=\"auto\"><span style=\"font-size: 14pt;\">Mientras celebramos los acuerdos paritarios de otros gremios, que superan los \u00edndices inflacionarios, nosotros recibimos aumentos m\u00ednimos y discrecionales por parte de los financiadores de la salud.<\/span><\/div><\/div><div class=\"x11i5rnm xat24cr x1mh8g0r x1vvkbs xtlvy1s x126k92a\"><div dir=\"auto\"><span style=\"font-size: 14pt;\">El des\u00e1nimo y la frustraci\u00f3n invaden a nuestros m\u00e9dicos y el \u00e9xodo de profesionales es incesante.<\/span><\/div><\/div><div class=\"x11i5rnm xat24cr x1mh8g0r x1vvkbs xtlvy1s x126k92a\"><div dir=\"auto\"><span style=\"font-size: 14pt;\">Ya son muchas las Especialidades en riesgo inminente.<\/span><\/div><\/div><div class=\"x11i5rnm xat24cr x1mh8g0r x1vvkbs xtlvy1s x126k92a\"><div dir=\"auto\"><span style=\"font-size: 14pt;\">No nos referimos solo a salarios u honorarios \u00fanicamente, que son m\u00edseros y abonados a meses de realizado el trabajo.<\/span><\/div><\/div><div class=\"x11i5rnm xat24cr x1mh8g0r x1vvkbs xtlvy1s x126k92a\"><div dir=\"auto\"><span style=\"font-size: 14pt;\">La realidad es m\u00e1s alarmante:<\/span><\/div><\/div><div class=\"x11i5rnm xat24cr x1mh8g0r x1vvkbs xtlvy1s x126k92a\"><div dir=\"auto\"><span style=\"font-size: 14pt;\">Pronto nos quedaremos sin m\u00e9dicos, aun en especialidades imprescindibles y pilares como la Pediatr\u00eda o la Cl\u00ednica M\u00e9dica entre tantas m\u00e1s.<\/span><\/div><\/div><div class=\"x11i5rnm xat24cr x1mh8g0r x1vvkbs xtlvy1s x126k92a\"><div dir=\"auto\"><span style=\"font-size: 14pt;\">Con los valores vigentes de remuneraciones p\u00fablicas o privadas es casi imposible radicar o convencer de permanecer en nuestro suelo a j\u00f3venes especialistas, quienes buscar\u00e1n otros lugares para realizar sus actividades asistenciales.<\/span><\/div><\/div><div class=\"x11i5rnm xat24cr x1mh8g0r x1vvkbs xtlvy1s x126k92a\"><div dir=\"auto\"><span style=\"font-size: 14pt;\">Es hora que las autoridades tomen medidas efectivas para reconocer y dignificar la labor de m\u00e9dicos y m\u00e9dicas, garantizando condiciones laborales y remunerativas justas que nos permitan seguir dando un servicio esencial y constitucional, como es el Derecho a La Salud.<\/span><\/div><\/div><div class=\"x11i5rnm xat24cr x1mh8g0r x1vvkbs xtlvy1s x126k92a\"><div dir=\"auto\"><span style=\"font-size: 14pt;\">Ella es el bien m\u00e1s preciado.<\/span><\/div><\/div><div class=\"x11i5rnm xat24cr x1mh8g0r x1vvkbs xtlvy1s x126k92a\"><div dir=\"auto\"><span style=\"font-size: 14pt;\">No es aparatos o infraestructura, somos todos nosotros, el Recurso Humano y cada paciente.<\/span><\/div><\/div><div class=\"x11i5rnm xat24cr x1mh8g0r x1vvkbs xtlvy1s x126k92a\"><div dir=\"auto\"><span style=\"font-size: 14pt;\">A ellos escuchar y cuidar. Es nuestro deber.<\/span><\/div><\/div><div class=\"x11i5rnm xat24cr x1mh8g0r x1vvkbs xtlvy1s x126k92a\"><div dir=\"auto\"><span style=\"font-size: 14pt;\">Convocamos a las Instituciones m\u00e9dicas con objetivos comunes, para que se sumen.<\/span><\/div><\/div><div class=\"x11i5rnm xat24cr x1mh8g0r x1vvkbs xtlvy1s x126k92a\"><div dir=\"auto\"><span style=\"font-size: 14pt;\">A las sociedades cient\u00edficas a participar activamente para generar estrategias de di\u00e1logo y cambio a esta alarmante realidad!<\/span><\/div><div dir=\"auto\"><span style=\"font-size: 14pt;\">\u00a0<\/span><\/div><div dir=\"auto\"><span style=\"font-size: 14pt;\">\u00a0<\/span><\/div><div dir=\"auto\"><span style=\"font-size: 14pt;\">\u00a0<\/span><\/div><\/div><div class=\"x11i5rnm xat24cr x1mh8g0r x1vvkbs xtlvy1s x126k92a\"><div dir=\"auto\" style=\"text-align: center;\"><span style=\"font-size: 14pt;\">CONSEJO DIRECTIVO<\/span><\/div><div dir=\"auto\" style=\"text-align: center;\"><span style=\"font-size: 14pt;\">COLEGIO DE M\u00c9DICOS DE<\/span> CATAMARCA<\/div><\/div>\t\t\t\t\t\t<\/div>\n\t\t\t\t<\/div>\n\t\t\t\t\t<\/div>\n\t\t<\/div>\n\t\t\t\t\t<\/div>\n\t\t<\/section>\n\t\t\t\t<\/div>\n\t\t","protected":false},"excerpt":{"rendered":"<p>&nbsp;El Colegio de M\u00e9dicos de Catamarca expresa su profundo repudio ante la situaci\u00f3n laboral y remunerativa de los m\u00e9dicos y m\u00e9dicas de la provincia, la cual est\u00e1 alcanzando su punto m\u00e1s cr\u00edtico.Afecta ya a todas las especialidades y a todo el espectro de atenci\u00f3n m\u00e9dica.Durante mucho tiempo hemos denunciado esta realidad. Se compromete la calidad [&hellip;]<\/p>\n","protected":false},"author":2,"featured_media":5812,"comment_status":"closed","ping_status":"closed","sticky":false,"template":"","format":"standard","meta":{"_joinchat":[],"footnotes":""},"categories":[1],"tags":[],"class_list":["post-5809","post","type-post","status-publish","format-standard","has-post-thumbnail","hentry","category-noticias"],"_links":{"self":[{"href":"https:\/\/colegiomedicocat.com.ar\/med\/wp-json\/wp\/v2\/posts\/5809","targetHints":{"allow":["GET"]}}],"collection":[{"href":"https:\/\/colegiomedicocat.com.ar\/med\/wp-json\/wp\/v2\/posts"}],"about":[{"href":"https:\/\/colegiomedicocat.com.ar\/med\/wp-json\/wp\/v2\/types\/post"}],"author":[{"embeddable":true,"href":"https:\/\/colegiomedicocat.com.ar\/med\/wp-json\/wp\/v2\/users\/2"}],"replies":[{"embeddable":true,"href":"https:\/\/colegiomedicocat.com.ar\/med\/wp-json\/wp\/v2\/comments?post=5809"}],"version-history":[{"count":5,"href":"https:\/\/colegiomedicocat.com.ar\/med\/wp-json\/wp\/v2\/posts\/5809\/revisions"}],"predecessor-version":[{"id":5816,"href":"https:\/\/colegiomedicocat.com.ar\/med\/wp-json\/wp\/v2\/posts\/5809\/revisions\/5816"}],"wp:featuredmedia":[{"embeddable":true,"href":"https:\/\/colegiomedicocat.com.ar\/med\/wp-json\/wp\/v2\/media\/5812"}],"wp:attachment":[{"href":"https:\/\/colegiomedicocat.com.ar\/med\/wp-json\/wp\/v2\/media?parent=5809"}],"wp:term":[{"taxonomy":"category","embeddable":true,"href":"https:\/\/colegiomedicocat.com.ar\/med\/wp-json\/wp\/v2\/categories?post=5809"},{"taxonomy":"post_tag","embeddable":true,"href":"https:\/\/colegiomedicocat.com.ar\/med\/wp-json\/wp\/v2\/tags?post=5809"}],"curies":[{"name":"wp","href":"https:\/\/api.w.org\/{rel}","templated":true}]}}