{"id":5825,"date":"2024-03-08T09:37:06","date_gmt":"2024-03-08T09:37:06","guid":{"rendered":"https:\/\/colegiomedicocat.com.ar\/med\/?p=5825"},"modified":"2024-03-08T09:40:26","modified_gmt":"2024-03-08T09:40:26","slug":"8-de-marzo","status":"publish","type":"post","link":"https:\/\/colegiomedicocat.com.ar\/med\/8-de-marzo\/","title":{"rendered":"8 de marzo"},"content":{"rendered":"\t\t<div data-elementor-type=\"wp-post\" data-elementor-id=\"5825\" class=\"elementor elementor-5825\" data-elementor-post-type=\"post\">\n\t\t\t\t\t\t<section class=\"elementor-section elementor-top-section elementor-element elementor-element-239af4d elementor-section-boxed elementor-section-height-default elementor-section-height-default\" data-id=\"239af4d\" data-element_type=\"section\">\n\t\t\t\t\t\t<div class=\"elementor-container elementor-column-gap-default\">\n\t\t\t\t\t<div class=\"elementor-column elementor-col-100 elementor-top-column elementor-element elementor-element-a6802ea\" data-id=\"a6802ea\" data-element_type=\"column\">\n\t\t\t<div class=\"elementor-widget-wrap elementor-element-populated\">\n\t\t\t\t\t\t<div class=\"elementor-element elementor-element-d9cb828 elementor-widget elementor-widget-heading\" data-id=\"d9cb828\" data-element_type=\"widget\" data-widget_type=\"heading.default\">\n\t\t\t\t<div class=\"elementor-widget-container\">\n\t\t\t<h2 class=\"elementor-heading-title elementor-size-default\">\n\nD\u00cdA INTERNACIONAL DE LA MUJER:<\/h2>\t\t<\/div>\n\t\t\t\t<\/div>\n\t\t\t\t<div class=\"elementor-element elementor-element-f98b724 elementor-widget elementor-widget-text-editor\" data-id=\"f98b724\" data-element_type=\"widget\" data-widget_type=\"text-editor.default\">\n\t\t\t\t<div class=\"elementor-widget-container\">\n\t\t\t\t\t\t\t<div><div class=\"\" dir=\"auto\"><div id=\":r2jc:\" class=\"x1iorvi4 x1pi30zi x1l90r2v x1swvt13\" data-ad-comet-preview=\"message\" data-ad-preview=\"message\"><div class=\"x78zum5 xdt5ytf xz62fqu x16ldp7u\"><div class=\"xu06os2 x1ok221b\"><div class=\"xdj266r x11i5rnm xat24cr x1mh8g0r x1vvkbs x126k92a\"><div dir=\"auto\">\u00a0<\/div><\/div><div class=\"x11i5rnm xat24cr x1mh8g0r x1vvkbs xtlvy1s x126k92a\"><div dir=\"auto\"><span style=\"font-size: 14pt;\">El D\u00eda Internacional de la Mujer, originalmente conocido como D\u00eda Internacional de la Mujer, conmemora cada 8 de marzo la lucha hist\u00f3rica de las mujeres por su participaci\u00f3n en la sociedad y su desarrollo \u00edntegro como personas en pie de igualdad con el hombre.<\/span><\/div><\/div><div class=\"x11i5rnm xat24cr x1mh8g0r x1vvkbs xtlvy1s x126k92a\"><div dir=\"auto\"><span style=\"font-size: 14pt;\">Su origen se remonta a principios del siglo XX, en el contexto de la lucha por los derechos laborales y sociales de las mujeres.<\/span><\/div><\/div><div class=\"x11i5rnm xat24cr x1mh8g0r x1vvkbs xtlvy1s x126k92a\"><div dir=\"auto\"><span style=\"font-size: 14pt;\">La fecha del 8 de marzo se asocia a la huelga de trabajadoras textiles de la f\u00e1brica Triangle Shirtwaist de Nueva York en 1911, donde 146 mujeres murieron en un incendio debido a las precarias condiciones laborales.<\/span><\/div><\/div><div class=\"x11i5rnm xat24cr x1mh8g0r x1vvkbs xtlvy1s x126k92a\"><div dir=\"auto\"><span style=\"font-size: 14pt;\">Este d\u00eda es una ocasi\u00f3n para celebrar los logros de las mujeres en todos los \u00e1mbitos de la vida, as\u00ed como para reflexionar sobre los desaf\u00edos que a\u00fan persisten en la lucha por la igualdad de g\u00e9nero.<\/span><\/div><\/div><div class=\"x11i5rnm xat24cr x1mh8g0r x1vvkbs xtlvy1s x126k92a\"><div dir=\"auto\"><span style=\"font-size: 14pt;\">El tema para 2024 es:<\/span><\/div><div dir=\"auto\"><span style=\"font-size: 14pt;\">&#8220;Invertir en las mujeres: acelerar el progreso&#8221;.<\/span><\/div><\/div><div class=\"x11i5rnm xat24cr x1mh8g0r x1vvkbs xtlvy1s x126k92a\"><div dir=\"auto\"><span style=\"font-size: 14pt;\">Este tema hace hincapi\u00e9 en la importancia de invertir en la educaci\u00f3n, la salud, la participaci\u00f3n econ\u00f3mica y la liderazgo de las mujeres como motor para el desarrollo sostenible e inclusivo.<\/span><\/div><\/div><div class=\"x11i5rnm xat24cr x1mh8g0r x1vvkbs xtlvy1s x126k92a\"><div dir=\"auto\"><span style=\"font-size: 14pt;\">El D\u00eda Internacional de la Mujer es un d\u00eda para celebrar los avances logrados en la lucha por la igualdad de g\u00e9nero, pero tambi\u00e9n para renovar el compromiso con la construcci\u00f3n de un mundo m\u00e1s justo e igualitario para todas las personas.<\/span><\/div><\/div><div class=\"x11i5rnm xat24cr x1mh8g0r x1vvkbs xtlvy1s x126k92a\"><div dir=\"auto\"><span style=\"font-size: 14pt;\">Saludamos a las esforzadas mujeres catamarque\u00f1as y en particular a nuestras m\u00e9dicas quienes son un ejemplo de trabajo, empatia y entrega.<\/span><\/div><\/div><div class=\"x11i5rnm xat24cr x1mh8g0r x1vvkbs xtlvy1s x126k92a\"><div dir=\"auto\"><span style=\"font-size: 14pt;\">Ejemplo siempre !<\/span><\/div><div dir=\"auto\">\u00a0<\/div><\/div><div class=\"x11i5rnm xat24cr x1mh8g0r x1vvkbs xtlvy1s x126k92a\"><div dir=\"auto\" style=\"text-align: center;\"><strong>CONSEJO DIRECTIVO<\/strong><\/div><div dir=\"auto\" style=\"text-align: center;\"><strong>COLEGIO DE M\u00c9DICOS DE CATAMARCA<\/strong><\/div><\/div><\/div><\/div><\/div><\/div><div id=\":r2jd:\" class=\"x1n2onr6\"><div class=\"x1n2onr6\"><div class=\"x6s0dn4 x1jx94hy x78zum5 xdt5ytf x6ikm8r x10wlt62 x1n2onr6 xh8yej3\"><div><div class=\"xqtp20y x6ikm8r x10wlt62 x1n2onr6\"><div class=\"x10l6tqk x13vifvy\"><img fetchpriority=\"high\" decoding=\"async\" class=\"x1ey2m1c xds687c x5yr21d x10l6tqk x17qophe x13vifvy xh8yej3 xl1xv1r aligncenter\" src=\"https:\/\/scontent.fcor11-1.fna.fbcdn.net\/v\/t39.30808-6\/431629252_914460510679504_1676643256691156735_n.jpg?stp=dst-jpg_p526x296&amp;_nc_cat=109&amp;ccb=1-7&amp;_nc_sid=5f2048&amp;_nc_eui2=AeE4wjv8npBIY37-AVMN9jGXim1r4Sgf9JeKbWvhKB_0lz-56ktGq6OYlmeX_O0u3To&amp;_nc_ohc=jpejGxOdoz8AX9o6-gW&amp;_nc_ht=scontent.fcor11-1.fna&amp;cb_e2o_trans=q&amp;oh=00_AfDbKWifSoQg9bhwpZHdzEDCLAdjLKmFh6jijo5bK04v4Q&amp;oe=65F0605E\" alt=\"Puede ser una imagen de texto que dice &quot;CONEGIO DE MEDICOS 8 de mar zo I DE CATAMARCA CA Dia internacional de la mujen&quot;\" width=\"526\" height=\"526\" \/><\/div><\/div><\/div><\/div><div class=\"xua58t2 xzg4506 x1ey2m1c xds687c x47corl x10l6tqk x17qophe x13vifvy\">\u00a0<\/div><\/div><\/div><\/div><div><div class=\"x168nmei x13lgxp2 x30kzoy x9jhf4c x6ikm8r x10wlt62\" data-visualcompletion=\"ignore-dynamic\"><div><div><div><div class=\"xq8finb x16n37ib\"><div class=\"x9f619 x1n2onr6 x1ja2u2z x78zum5 x2lah0s x1qughib x1qjc9v5 xozqiw3 x1q0g3np x150jy0e x1e558r4 xjkvuk6 x1iorvi4 xwrv7xz x8182xy x4cne27 xifccgj\"><div class=\"x9f619 x1n2onr6 x1ja2u2z x78zum5 xdt5ytf x2lah0s x193iq5w xeuugli xg83lxy x1h0ha7o x10b6aqq x1yrsyyn\"><div>\u00a0<\/div><\/div><\/div><\/div><\/div><\/div><\/div><\/div><\/div>\t\t\t\t\t\t<\/div>\n\t\t\t\t<\/div>\n\t\t\t\t\t<\/div>\n\t\t<\/div>\n\t\t\t\t\t<\/div>\n\t\t<\/section>\n\t\t\t\t<\/div>\n\t\t","protected":false},"excerpt":{"rendered":"<p>D\u00cdA INTERNACIONAL DE LA MUJER: \u00a0El D\u00eda Internacional de la Mujer, originalmente conocido como D\u00eda Internacional de la Mujer, conmemora cada 8 de marzo la lucha hist\u00f3rica de las mujeres por su participaci\u00f3n en la sociedad y su desarrollo \u00edntegro como personas en pie de igualdad con el hombre.Su origen se remonta a principios del [&hellip;]<\/p>\n","protected":false},"author":2,"featured_media":5828,"comment_status":"closed","ping_status":"closed","sticky":false,"template":"","format":"standard","meta":{"_joinchat":[],"footnotes":""},"categories":[1],"tags":[],"class_list":["post-5825","post","type-post","status-publish","format-standard","has-post-thumbnail","hentry","category-noticias"],"_links":{"self":[{"href":"https:\/\/colegiomedicocat.com.ar\/med\/wp-json\/wp\/v2\/posts\/5825","targetHints":{"allow":["GET"]}}],"collection":[{"href":"https:\/\/colegiomedicocat.com.ar\/med\/wp-json\/wp\/v2\/posts"}],"about":[{"href":"https:\/\/colegiomedicocat.com.ar\/med\/wp-json\/wp\/v2\/types\/post"}],"author":[{"embeddable":true,"href":"https:\/\/colegiomedicocat.com.ar\/med\/wp-json\/wp\/v2\/users\/2"}],"replies":[{"embeddable":true,"href":"https:\/\/colegiomedicocat.com.ar\/med\/wp-json\/wp\/v2\/comments?post=5825"}],"version-history":[{"count":4,"href":"https:\/\/colegiomedicocat.com.ar\/med\/wp-json\/wp\/v2\/posts\/5825\/revisions"}],"predecessor-version":[{"id":5831,"href":"https:\/\/colegiomedicocat.com.ar\/med\/wp-json\/wp\/v2\/posts\/5825\/revisions\/5831"}],"wp:featuredmedia":[{"embeddable":true,"href":"https:\/\/colegiomedicocat.com.ar\/med\/wp-json\/wp\/v2\/media\/5828"}],"wp:attachment":[{"href":"https:\/\/colegiomedicocat.com.ar\/med\/wp-json\/wp\/v2\/media?parent=5825"}],"wp:term":[{"taxonomy":"category","embeddable":true,"href":"https:\/\/colegiomedicocat.com.ar\/med\/wp-json\/wp\/v2\/categories?post=5825"},{"taxonomy":"post_tag","embeddable":true,"href":"https:\/\/colegiomedicocat.com.ar\/med\/wp-json\/wp\/v2\/tags?post=5825"}],"curies":[{"name":"wp","href":"https:\/\/api.w.org\/{rel}","templated":true}]}}