{"id":5891,"date":"2024-03-21T21:53:00","date_gmt":"2024-03-21T21:53:00","guid":{"rendered":"https:\/\/colegiomedicocat.com.ar\/med\/?p=5891"},"modified":"2024-03-22T21:58:18","modified_gmt":"2024-03-22T21:58:18","slug":"orgullo-2","status":"publish","type":"post","link":"https:\/\/colegiomedicocat.com.ar\/med\/orgullo-2\/","title":{"rendered":"ORGULLO"},"content":{"rendered":"\t\t<div data-elementor-type=\"wp-post\" data-elementor-id=\"5891\" class=\"elementor elementor-5891\" data-elementor-post-type=\"post\">\n\t\t\t\t\t\t<section class=\"elementor-section elementor-top-section elementor-element elementor-element-6ef0b99 elementor-section-boxed elementor-section-height-default elementor-section-height-default\" data-id=\"6ef0b99\" data-element_type=\"section\">\n\t\t\t\t\t\t<div class=\"elementor-container elementor-column-gap-default\">\n\t\t\t\t\t<div class=\"elementor-column elementor-col-100 elementor-top-column elementor-element elementor-element-db08d8d\" data-id=\"db08d8d\" data-element_type=\"column\">\n\t\t\t<div class=\"elementor-widget-wrap elementor-element-populated\">\n\t\t\t\t\t\t<div class=\"elementor-element elementor-element-23698ff elementor-widget elementor-widget-text-editor\" data-id=\"23698ff\" data-element_type=\"widget\" data-widget_type=\"text-editor.default\">\n\t\t\t\t<div class=\"elementor-widget-container\">\n\t\t\t\t\t\t\t<div class=\"xdj266r x11i5rnm xat24cr x1mh8g0r x1vvkbs x126k92a\"><div dir=\"auto\">\u00a0<\/div><\/div><div class=\"x11i5rnm xat24cr x1mh8g0r x1vvkbs xtlvy1s x126k92a\"><div dir=\"auto\"><span style=\"font-size: 14pt;\">El Med. Mario Alejandro Bulacio mp 2143 me 1197, quien fue asignado como referente de Dengue de<\/span><\/div><div dir=\"auto\"><span style=\"font-size: 14pt;\">a Provincia, fue invitado a participar, junto a representantes de todas las provincias, del Taller para Capacitadores en el Diagn\u00f3stico y Manejo Cl\u00ednico de Dengue.<\/span><\/div><\/div><div class=\"x11i5rnm xat24cr x1mh8g0r x1vvkbs xtlvy1s x126k92a\"><div dir=\"auto\"><span style=\"font-size: 14pt;\">Una instancia de capacitaci\u00f3n organizada por la Organizaci\u00f3n Panamericana de la Salud y el Ministerio de Salud de la Naci\u00f3n;<\/span><\/div><div dir=\"auto\"><span style=\"font-size: 14pt;\">dirigida espec\u00edficamente a referentes provinciales de la Red Federal de Referentes Cl\u00ednicos para la atenci\u00f3n de pacientes en Enfermedades relacionadas a Arbovirosis en Argentina.<\/span><\/div><\/div><div class=\"x11i5rnm xat24cr x1mh8g0r x1vvkbs xtlvy1s x126k92a\"><div dir=\"auto\"><span style=\"font-size: 14pt;\">Felicitamos al med. Mario Bulacios por representar a la medicina de Catamarca.<\/span><\/div><\/div><div class=\"x11i5rnm xat24cr x1mh8g0r x1vvkbs xtlvy1s x126k92a\"><div dir=\"auto\">\u00a0<\/div><\/div>\t\t\t\t\t\t<\/div>\n\t\t\t\t<\/div>\n\t\t\t\t\t<\/div>\n\t\t<\/div>\n\t\t\t\t\t<\/div>\n\t\t<\/section>\n\t\t\t\t<section class=\"elementor-section elementor-top-section elementor-element elementor-element-2ce3fe8 elementor-section-boxed elementor-section-height-default elementor-section-height-default\" data-id=\"2ce3fe8\" data-element_type=\"section\">\n\t\t\t\t\t\t<div class=\"elementor-container elementor-column-gap-default\">\n\t\t\t\t\t<div class=\"elementor-column elementor-col-100 elementor-top-column elementor-element elementor-element-11ed28b\" data-id=\"11ed28b\" data-element_type=\"column\">\n\t\t\t<div class=\"elementor-widget-wrap elementor-element-populated\">\n\t\t\t\t\t\t<div class=\"elementor-element elementor-element-66b733a elementor-widget elementor-widget-image\" data-id=\"66b733a\" data-element_type=\"widget\" data-widget_type=\"image.default\">\n\t\t\t\t<div class=\"elementor-widget-container\">\n\t\t\t\t\t\t\t\t\t\t\t\t\t<img fetchpriority=\"high\" decoding=\"async\" width=\"689\" height=\"712\" src=\"https:\/\/colegiomedicocat.com.ar\/med\/wp-content\/uploads\/2024\/03\/432762910_922971403161748_8351284456724773988_n-1.jpg\" class=\"attachment-large size-large wp-image-5894\" alt=\"\" srcset=\"https:\/\/colegiomedicocat.com.ar\/med\/wp-content\/uploads\/2024\/03\/432762910_922971403161748_8351284456724773988_n-1.jpg 689w, https:\/\/colegiomedicocat.com.ar\/med\/wp-content\/uploads\/2024\/03\/432762910_922971403161748_8351284456724773988_n-1-290x300.jpg 290w\" sizes=\"(max-width: 689px) 100vw, 689px\" \/>\t\t\t\t\t\t\t\t\t\t\t\t\t<\/div>\n\t\t\t\t<\/div>\n\t\t\t\t\t<\/div>\n\t\t<\/div>\n\t\t\t\t\t<\/div>\n\t\t<\/section>\n\t\t\t\t<section class=\"elementor-section elementor-top-section elementor-element elementor-element-1da4540 elementor-section-boxed elementor-section-height-default elementor-section-height-default\" data-id=\"1da4540\" data-element_type=\"section\">\n\t\t\t\t\t\t<div class=\"elementor-container elementor-column-gap-default\">\n\t\t\t\t\t<div class=\"elementor-column elementor-col-100 elementor-top-column elementor-element elementor-element-8945b80\" data-id=\"8945b80\" data-element_type=\"column\">\n\t\t\t<div class=\"elementor-widget-wrap elementor-element-populated\">\n\t\t\t\t\t\t<div class=\"elementor-element elementor-element-1f8e7c9 elementor-widget elementor-widget-text-editor\" data-id=\"1f8e7c9\" data-element_type=\"widget\" data-widget_type=\"text-editor.default\">\n\t\t\t\t<div class=\"elementor-widget-container\">\n\t\t\t\t\t\t\t<div dir=\"auto\" style=\"text-align: center;\"><span style=\"font-size: 18pt;\">CONSEJO DIRECTIVO<\/span><\/div><div dir=\"auto\" style=\"text-align: center;\"><span style=\"font-size: 18pt;\">COLEGIO DE M\u00c9DICOS DE CATAMARCA<\/span><\/div>\t\t\t\t\t\t<\/div>\n\t\t\t\t<\/div>\n\t\t\t\t\t<\/div>\n\t\t<\/div>\n\t\t\t\t\t<\/div>\n\t\t<\/section>\n\t\t\t\t<\/div>\n\t\t","protected":false},"excerpt":{"rendered":"<p>El Med. Mario Alejandro Bulacio mp 2143 me 1197, quien fue asignado como referente de Dengue dea Provincia, fue invitado a participar, junto a representantes de todas las provincias, del Taller para Capacitadores en el Diagn\u00f3stico y Manejo Cl\u00ednico de Dengue.Una instancia de capacitaci\u00f3n organizada por la Organizaci\u00f3n Panamericana de la Salud y el Ministerio [&hellip;]<\/p>\n","protected":false},"author":2,"featured_media":5894,"comment_status":"closed","ping_status":"closed","sticky":false,"template":"","format":"standard","meta":{"_joinchat":[],"footnotes":""},"categories":[1],"tags":[],"class_list":["post-5891","post","type-post","status-publish","format-standard","has-post-thumbnail","hentry","category-noticias"],"_links":{"self":[{"href":"https:\/\/colegiomedicocat.com.ar\/med\/wp-json\/wp\/v2\/posts\/5891","targetHints":{"allow":["GET"]}}],"collection":[{"href":"https:\/\/colegiomedicocat.com.ar\/med\/wp-json\/wp\/v2\/posts"}],"about":[{"href":"https:\/\/colegiomedicocat.com.ar\/med\/wp-json\/wp\/v2\/types\/post"}],"author":[{"embeddable":true,"href":"https:\/\/colegiomedicocat.com.ar\/med\/wp-json\/wp\/v2\/users\/2"}],"replies":[{"embeddable":true,"href":"https:\/\/colegiomedicocat.com.ar\/med\/wp-json\/wp\/v2\/comments?post=5891"}],"version-history":[{"count":5,"href":"https:\/\/colegiomedicocat.com.ar\/med\/wp-json\/wp\/v2\/posts\/5891\/revisions"}],"predecessor-version":[{"id":5898,"href":"https:\/\/colegiomedicocat.com.ar\/med\/wp-json\/wp\/v2\/posts\/5891\/revisions\/5898"}],"wp:featuredmedia":[{"embeddable":true,"href":"https:\/\/colegiomedicocat.com.ar\/med\/wp-json\/wp\/v2\/media\/5894"}],"wp:attachment":[{"href":"https:\/\/colegiomedicocat.com.ar\/med\/wp-json\/wp\/v2\/media?parent=5891"}],"wp:term":[{"taxonomy":"category","embeddable":true,"href":"https:\/\/colegiomedicocat.com.ar\/med\/wp-json\/wp\/v2\/categories?post=5891"},{"taxonomy":"post_tag","embeddable":true,"href":"https:\/\/colegiomedicocat.com.ar\/med\/wp-json\/wp\/v2\/tags?post=5891"}],"curies":[{"name":"wp","href":"https:\/\/api.w.org\/{rel}","templated":true}]}}