{"id":5910,"date":"2024-03-21T12:05:00","date_gmt":"2024-03-21T12:05:00","guid":{"rendered":"https:\/\/colegiomedicocat.com.ar\/med\/?p=5910"},"modified":"2024-03-22T22:13:39","modified_gmt":"2024-03-22T22:13:39","slug":"efemerides-2","status":"publish","type":"post","link":"https:\/\/colegiomedicocat.com.ar\/med\/efemerides-2\/","title":{"rendered":"Efem\u00e9rides"},"content":{"rendered":"\t\t<div data-elementor-type=\"wp-post\" data-elementor-id=\"5910\" class=\"elementor elementor-5910\" data-elementor-post-type=\"post\">\n\t\t\t\t\t\t<section class=\"elementor-section elementor-top-section elementor-element elementor-element-645a60c elementor-section-boxed elementor-section-height-default elementor-section-height-default\" data-id=\"645a60c\" data-element_type=\"section\">\n\t\t\t\t\t\t<div class=\"elementor-container elementor-column-gap-default\">\n\t\t\t\t\t<div class=\"elementor-column elementor-col-50 elementor-top-column elementor-element elementor-element-13d16f3\" data-id=\"13d16f3\" data-element_type=\"column\">\n\t\t\t<div class=\"elementor-widget-wrap elementor-element-populated\">\n\t\t\t\t\t\t<div class=\"elementor-element elementor-element-1553617 elementor-widget elementor-widget-text-editor\" data-id=\"1553617\" data-element_type=\"widget\" data-widget_type=\"text-editor.default\">\n\t\t\t\t<div class=\"elementor-widget-container\">\n\t\t\t\t\t\t\t<p><img decoding=\"async\" src=\"https:\/\/scontent.fcor11-2.fna.fbcdn.net\/v\/t39.30808-6\/432777807_922899759835579_5376158245418819804_n.jpg?_nc_cat=104&amp;ccb=1-7&amp;_nc_sid=5f2048&amp;_nc_eui2=AeFpTtFr-yere3TWxuxwJAGLBM7ExleFIS8EzsTGV4UhL8CY13LeHcBwmI7Sm0Lxmaw&amp;_nc_ohc=1YzOWoQR7hsAX-pIlIR&amp;_nc_ht=scontent.fcor11-2.fna&amp;cb_e2o_trans=q&amp;oh=00_AfBgWanbKrXhQIlEOM9M30blajnI2bl115duhWoQYK7ooQ&amp;oe=6603546A\" alt=\"Puede ser una imagen de texto que dice &quot;21 DE MARZO D\u00cdA MUNDIAL DEL S\u00cdNDROME DEDOWN COLEGIO DE M\u00c9DICOS 3 DE CATAMARCA&quot;\" \/><\/p>\t\t\t\t\t\t<\/div>\n\t\t\t\t<\/div>\n\t\t\t\t\t<\/div>\n\t\t<\/div>\n\t\t\t\t<div class=\"elementor-column elementor-col-50 elementor-top-column elementor-element elementor-element-f4d38fd\" data-id=\"f4d38fd\" data-element_type=\"column\">\n\t\t\t<div class=\"elementor-widget-wrap elementor-element-populated\">\n\t\t\t\t\t\t<div class=\"elementor-element elementor-element-eb91370 elementor-widget__width-initial elementor-widget elementor-widget-text-editor\" data-id=\"eb91370\" data-element_type=\"widget\" data-widget_type=\"text-editor.default\">\n\t\t\t\t<div class=\"elementor-widget-container\">\n\t\t\t\t\t\t\t<p><strong><span style=\"font-size: 18pt;\">D\u00cdA MUNDIAL DEL S\u00cdNDROME DE DOWN: Celebrando la Diversidad<\/span><\/strong><\/p><p><span style=\"font-size: 14pt;\">El D\u00eda Mundial del S\u00edndrome de Down, celebrado cada 21 de marzo, es una oportunidad para reconocer la dignidad y las valiosas contribuciones de las personas con esta condici\u00f3n gen\u00e9tica. Tambi\u00e9n es un momento para reflexionar sobre los desaf\u00edos que a\u00fan enfrentan y para reforzar nuestro compromiso con la inclusi\u00f3n y la igualdad.<\/span><\/p><p><span style=\"font-size: 14pt;\">\u00bfPor qu\u00e9 el 21 de marzo?<\/span><\/p><p><span style=\"font-size: 14pt;\">La fecha fue elegida en referencia a la trisom\u00eda 21, el nombre formal del s\u00edndrome, que se caracteriza por la presencia de un cromosoma 21 adicional. El mes de marzo representa los tres cromosomas y el d\u00eda 21, el par 21.<\/span><\/p><p>\u00a0<\/p>\t\t\t\t\t\t<\/div>\n\t\t\t\t<\/div>\n\t\t\t\t\t<\/div>\n\t\t<\/div>\n\t\t\t\t\t<\/div>\n\t\t<\/section>\n\t\t\t\t<section class=\"elementor-section elementor-top-section elementor-element elementor-element-715f5ba elementor-section-boxed elementor-section-height-default elementor-section-height-default\" data-id=\"715f5ba\" data-element_type=\"section\">\n\t\t\t\t\t\t<div class=\"elementor-container elementor-column-gap-default\">\n\t\t\t\t\t<div class=\"elementor-column elementor-col-100 elementor-top-column elementor-element elementor-element-82538e2\" data-id=\"82538e2\" data-element_type=\"column\">\n\t\t\t<div class=\"elementor-widget-wrap elementor-element-populated\">\n\t\t\t\t\t\t<div class=\"elementor-element elementor-element-2f72d52 elementor-widget elementor-widget-text-editor\" data-id=\"2f72d52\" data-element_type=\"widget\" data-widget_type=\"text-editor.default\">\n\t\t\t\t<div class=\"elementor-widget-container\">\n\t\t\t\t\t\t\t<p><span style=\"font-size: 14pt;\">UN D\u00cdA PARA CELEBRAR LA DIVERSIDAD<\/span><\/p><p><span style=\"font-size: 14pt;\">Las personas con s\u00edndrome de Down tienen capacidades \u00fanicas y pueden alcanzar grandes logros en todos los \u00e1mbitos de la vida. Es importante desterrar los mitos y estereotipos que rodean a esta condici\u00f3n y promover una sociedad m\u00e1s inclusiva donde todas las personas tengan las mismas oportunidades.<\/span><\/p><p><span style=\"font-size: 14pt;\">\u00bfQu\u00e9 podemos hacer?<\/span><\/p><p><span style=\"font-size: 14pt;\">\u25cb Informarnos y sensibilizarnos sobre el s\u00edndrome de Down.<\/span><br \/><span style=\"font-size: 14pt;\">\u25cb Combatir la discriminaci\u00f3n y promover el respeto a la diversidad.<\/span><br \/><span style=\"font-size: 14pt;\">\u25cb Apoyar a las familias de personas con s\u00edndrome de Down.<\/span><br \/><span style=\"font-size: 14pt;\">\u25cb Fomentar la inclusi\u00f3n en la educaci\u00f3n, el empleo y la vida social.<\/span><\/p>\t\t\t\t\t\t<\/div>\n\t\t\t\t<\/div>\n\t\t\t\t\t<\/div>\n\t\t<\/div>\n\t\t\t\t\t<\/div>\n\t\t<\/section>\n\t\t\t\t<section class=\"elementor-section elementor-top-section elementor-element elementor-element-ea5d353 elementor-section-boxed elementor-section-height-default elementor-section-height-default\" data-id=\"ea5d353\" data-element_type=\"section\">\n\t\t\t\t\t\t<div class=\"elementor-container elementor-column-gap-default\">\n\t\t\t\t\t<div class=\"elementor-column elementor-col-100 elementor-top-column elementor-element elementor-element-c52e6d8\" data-id=\"c52e6d8\" data-element_type=\"column\">\n\t\t\t<div class=\"elementor-widget-wrap elementor-element-populated\">\n\t\t\t\t\t\t<div class=\"elementor-element elementor-element-df6a4df elementor-widget-divider--view-line elementor-widget elementor-widget-divider\" data-id=\"df6a4df\" data-element_type=\"widget\" data-widget_type=\"divider.default\">\n\t\t\t\t<div class=\"elementor-widget-container\">\n\t\t\t\t\t<div class=\"elementor-divider\">\n\t\t\t<span class=\"elementor-divider-separator\">\n\t\t\t\t\t\t<\/span>\n\t\t<\/div>\n\t\t\t\t<\/div>\n\t\t\t\t<\/div>\n\t\t\t\t\t<\/div>\n\t\t<\/div>\n\t\t\t\t\t<\/div>\n\t\t<\/section>\n\t\t\t\t<section class=\"elementor-section elementor-top-section elementor-element elementor-element-cf26074 elementor-section-boxed elementor-section-height-default elementor-section-height-default\" data-id=\"cf26074\" data-element_type=\"section\">\n\t\t\t\t\t\t<div class=\"elementor-container elementor-column-gap-default\">\n\t\t\t\t\t<div class=\"elementor-column elementor-col-50 elementor-top-column elementor-element elementor-element-2f6f9e7\" data-id=\"2f6f9e7\" data-element_type=\"column\">\n\t\t\t<div class=\"elementor-widget-wrap elementor-element-populated\">\n\t\t\t\t\t\t<div class=\"elementor-element elementor-element-20caffa elementor-widget elementor-widget-text-editor\" data-id=\"20caffa\" data-element_type=\"widget\" data-widget_type=\"text-editor.default\">\n\t\t\t\t<div class=\"elementor-widget-container\">\n\t\t\t\t\t\t\t<p><img decoding=\"async\" src=\"https:\/\/scontent.fcor11-2.fna.fbcdn.net\/v\/t39.30808-6\/432779358_922894053169483_4822873003762695043_n.jpg?_nc_cat=100&amp;ccb=1-7&amp;_nc_sid=5f2048&amp;_nc_eui2=AeE16oSIl6plEeOtH5ov7bCUibUcfOBSZRSJtRx84FJlFATDV16vuB6MfgfkAYgYxlQ&amp;_nc_ohc=jqTv-VIkhL0AX8_LEfB&amp;_nc_ht=scontent.fcor11-2.fna&amp;cb_e2o_trans=q&amp;oh=00_AfDH9Nij-IaBvS6Oc1khASGj2Ya1lAIARgsEAhepLjJi1w&amp;oe=66033C98\" alt=\"Puede ser una imagen de una persona y texto que dice &quot;21 DE MARZO DIA DEL DERMATOLOGO ARGENTINO COLEGIO DE M\u00c9DICOS DEGATAMARGA 30&quot;\" \/>.<\/p>\t\t\t\t\t\t<\/div>\n\t\t\t\t<\/div>\n\t\t\t\t\t<\/div>\n\t\t<\/div>\n\t\t\t\t<div class=\"elementor-column elementor-col-50 elementor-top-column elementor-element elementor-element-ba16877\" data-id=\"ba16877\" data-element_type=\"column\">\n\t\t\t<div class=\"elementor-widget-wrap elementor-element-populated\">\n\t\t\t\t\t\t<div class=\"elementor-element elementor-element-c56b76b elementor-widget__width-initial elementor-widget elementor-widget-text-editor\" data-id=\"c56b76b\" data-element_type=\"widget\" data-widget_type=\"text-editor.default\">\n\t\t\t\t<div class=\"elementor-widget-container\">\n\t\t\t\t\t\t\t<p><span style=\"font-size: 14pt;\">D\u00cdA DEL DERMAT\u00d3LOGO EN ARGENTINA<\/span><\/p><p><span style=\"font-size: 14pt;\">21 de marzo, en esta fecha se estableci\u00f3 en 2022 por la Sociedad Argentina de Dermatolog\u00eda (SAD) y la Asociaci\u00f3n Argentina de Dermatolog\u00eda (AAD) en conmemoraci\u00f3n del nacimiento del Dr. Baldomero Sommer, un referente de la Dermatolog\u00eda Argentina.<\/span><\/p><p><span style=\"font-size: 14pt;\">El Dr. Baldomero Sommer naci\u00f3 en Buenos Aires el 21 de marzo de 1857.<\/span><\/p><p><span style=\"font-size: 14pt; color: var( --e-global-color-text ); font-family: var( --e-global-typography-text-font-family ), Sans-serif; font-weight: var( --e-global-typography-text-font-weight );\">Fund\u00f3 la Sociedad Dermatol\u00f3gica Argentina en 1897.<\/span><\/p><p><span style=\"font-size: 14pt;\">Fue Secretario de la Academia de Medicina y de la Primera Conferencia Internacional de Lepra en Berl\u00edn en 1897.<\/span><\/p><p><span style=\"font-size: 14pt;\">Se dedic\u00f3 al estudio de la lepra, la s\u00edfilis y las enfermedades tropicales.<\/span><\/p><p><span style=\"font-size: 14pt;\">Falleci\u00f3 en Buenos Aires el 14 de abril de 1918.<\/span><\/p><p>\u00a0<\/p>\t\t\t\t\t\t<\/div>\n\t\t\t\t<\/div>\n\t\t\t\t\t<\/div>\n\t\t<\/div>\n\t\t\t\t\t<\/div>\n\t\t<\/section>\n\t\t\t\t<section class=\"elementor-section elementor-top-section elementor-element elementor-element-4fcbff3 elementor-section-boxed elementor-section-height-default elementor-section-height-default\" data-id=\"4fcbff3\" data-element_type=\"section\">\n\t\t\t\t\t\t<div class=\"elementor-container elementor-column-gap-default\">\n\t\t\t\t\t<div class=\"elementor-column elementor-col-100 elementor-top-column elementor-element elementor-element-095e611\" data-id=\"095e611\" data-element_type=\"column\">\n\t\t\t<div class=\"elementor-widget-wrap elementor-element-populated\">\n\t\t\t\t\t\t<div class=\"elementor-element elementor-element-dff7ccf elementor-widget elementor-widget-text-editor\" data-id=\"dff7ccf\" data-element_type=\"widget\" data-widget_type=\"text-editor.default\">\n\t\t\t\t<div class=\"elementor-widget-container\">\n\t\t\t\t\t\t\t<p><span style=\"font-size: 14pt;\">Importancia de la Dermatolog\u00eda:<\/span><br \/><br \/><span style=\"font-size: 14pt;\">\u25cf La dermatolog\u00eda es la especialidad m\u00e9dica que se encarga del estudio, diagn\u00f3stico y tratamiento de las enfermedades de la piel, el cabello, las u\u00f1as y las mucosas.<\/span><br \/><br \/><span style=\"font-size: 14pt;\">Los dermat\u00f3logos son profesionales altamente capacitados para:<\/span><br \/><br \/><span style=\"font-size: 14pt;\">\u25cb Prevenir, diagnosticar y tratar enfermedades como el acn\u00e9, la psoriasis, el eczema, la dermatitis, el c\u00e1ncer de piel y las enfermedades de transmisi\u00f3n sexual.<\/span><br \/><span style=\"font-size: 14pt;\">\u25cb Realizar cirug\u00edas para extirpar tumores de la piel, realizar biopsias y reparar lesiones.<\/span><br \/><span style=\"font-size: 14pt;\">\u25cb Asesorar sobre el cuidado de la piel y los productos cosm\u00e9ticos m\u00e1s adecuados para cada tipo de piel.<\/span><br \/><br \/><span style=\"font-size: 14pt;\">Consejos para el cuidado de la piel:<\/span><br \/><br \/><span style=\"font-size: 14pt;\">\u25a0 Utilizar protector solar con factor de protecci\u00f3n solar (FPS) 30 o superior todos los d\u00edas, incluso en d\u00edas nublados.<\/span><br \/><span style=\"font-size: 14pt;\">\u25a0 Evitar la exposici\u00f3n excesiva al sol, especialmente entre las 10 y las 16 horas.<\/span><br \/><span style=\"font-size: 14pt;\">\u25a0 Hidratar la piel con una crema o loci\u00f3n adecuada para tu tipo de piel.<\/span><br \/><span style=\"font-size: 14pt;\">\u25a0 Realizar una limpieza facial suave dos veces al d\u00eda.<\/span><br \/><span style=\"font-size: 14pt;\">\u25a0 Evitar fumar y consumir alcohol en exceso.<\/span><br \/><span style=\"font-size: 14pt;\">\u25a0 Llevar una dieta sana y equilibrada.<\/span><br \/><span style=\"font-size: 14pt;\">\u25a0 Dormir al menos 8 horas por noche.<\/span><br \/><span style=\"font-size: 14pt;\">\u25a0 Realizar ejercicio f\u00edsico con regularidad.<\/span><br \/><br \/><span style=\"font-size: 14pt;\">Si tienes alguna enfermedad de la piel, es importante consultar con un dermat\u00f3logo para obtener un diagn\u00f3stico y tratamiento adecuado.<\/span><br \/><br \/><span style=\"font-size: 14pt;\">Saludamos afectuosamente a nuestros Colegiados Dermatologos en su d\u00eda, son importantes para la Salud<\/span> Catamarque\u00f1a.<\/p>\t\t\t\t\t\t<\/div>\n\t\t\t\t<\/div>\n\t\t\t\t\t<\/div>\n\t\t<\/div>\n\t\t\t\t\t<\/div>\n\t\t<\/section>\n\t\t\t\t<\/div>\n\t\t","protected":false},"excerpt":{"rendered":"<p>D\u00cdA MUNDIAL DEL S\u00cdNDROME DE DOWN: Celebrando la Diversidad El D\u00eda Mundial del S\u00edndrome de Down, celebrado cada 21 de marzo, es una oportunidad para reconocer la dignidad y las valiosas contribuciones de las personas con esta condici\u00f3n gen\u00e9tica. Tambi\u00e9n es un momento para reflexionar sobre los desaf\u00edos que a\u00fan enfrentan y para reforzar nuestro [&hellip;]<\/p>\n","protected":false},"author":2,"featured_media":5916,"comment_status":"closed","ping_status":"closed","sticky":false,"template":"","format":"standard","meta":{"_joinchat":[],"footnotes":""},"categories":[1],"tags":[],"class_list":["post-5910","post","type-post","status-publish","format-standard","has-post-thumbnail","hentry","category-noticias"],"_links":{"self":[{"href":"https:\/\/colegiomedicocat.com.ar\/med\/wp-json\/wp\/v2\/posts\/5910","targetHints":{"allow":["GET"]}}],"collection":[{"href":"https:\/\/colegiomedicocat.com.ar\/med\/wp-json\/wp\/v2\/posts"}],"about":[{"href":"https:\/\/colegiomedicocat.com.ar\/med\/wp-json\/wp\/v2\/types\/post"}],"author":[{"embeddable":true,"href":"https:\/\/colegiomedicocat.com.ar\/med\/wp-json\/wp\/v2\/users\/2"}],"replies":[{"embeddable":true,"href":"https:\/\/colegiomedicocat.com.ar\/med\/wp-json\/wp\/v2\/comments?post=5910"}],"version-history":[{"count":8,"href":"https:\/\/colegiomedicocat.com.ar\/med\/wp-json\/wp\/v2\/posts\/5910\/revisions"}],"predecessor-version":[{"id":5920,"href":"https:\/\/colegiomedicocat.com.ar\/med\/wp-json\/wp\/v2\/posts\/5910\/revisions\/5920"}],"wp:featuredmedia":[{"embeddable":true,"href":"https:\/\/colegiomedicocat.com.ar\/med\/wp-json\/wp\/v2\/media\/5916"}],"wp:attachment":[{"href":"https:\/\/colegiomedicocat.com.ar\/med\/wp-json\/wp\/v2\/media?parent=5910"}],"wp:term":[{"taxonomy":"category","embeddable":true,"href":"https:\/\/colegiomedicocat.com.ar\/med\/wp-json\/wp\/v2\/categories?post=5910"},{"taxonomy":"post_tag","embeddable":true,"href":"https:\/\/colegiomedicocat.com.ar\/med\/wp-json\/wp\/v2\/tags?post=5910"}],"curies":[{"name":"wp","href":"https:\/\/api.w.org\/{rel}","templated":true}]}}