{"id":5958,"date":"2024-04-07T16:18:05","date_gmt":"2024-04-07T16:18:05","guid":{"rendered":"https:\/\/colegiomedicocat.com.ar\/med\/?p=5958"},"modified":"2024-04-07T16:21:09","modified_gmt":"2024-04-07T16:21:09","slug":"dia-mundial-de-la-salud-2024","status":"publish","type":"post","link":"https:\/\/colegiomedicocat.com.ar\/med\/dia-mundial-de-la-salud-2024\/","title":{"rendered":"D\u00cdA MUNDIAL DE LA SALUD 2024:"},"content":{"rendered":"\t\t<div data-elementor-type=\"wp-post\" data-elementor-id=\"5958\" class=\"elementor elementor-5958\" data-elementor-post-type=\"post\">\n\t\t\t\t\t\t<section class=\"elementor-section elementor-top-section elementor-element elementor-element-708f910 elementor-section-boxed elementor-section-height-default elementor-section-height-default\" data-id=\"708f910\" data-element_type=\"section\">\n\t\t\t\t\t\t<div class=\"elementor-container elementor-column-gap-default\">\n\t\t\t\t\t<div class=\"elementor-column elementor-col-100 elementor-top-column elementor-element elementor-element-790c8c1\" data-id=\"790c8c1\" data-element_type=\"column\">\n\t\t\t<div class=\"elementor-widget-wrap elementor-element-populated\">\n\t\t\t\t\t\t<div class=\"elementor-element elementor-element-476926d elementor-widget elementor-widget-text-editor\" data-id=\"476926d\" data-element_type=\"widget\" data-widget_type=\"text-editor.default\">\n\t\t\t\t<div class=\"elementor-widget-container\">\n\t\t\t\t\t\t\t<div class=\"xdj266r x11i5rnm xat24cr x1mh8g0r x1vvkbs x126k92a\"><div dir=\"auto\">\u00a0<\/div><\/div><div class=\"x11i5rnm xat24cr x1mh8g0r x1vvkbs xtlvy1s x126k92a\"><div dir=\"auto\"><span style=\"font-size: 18pt;\">Mi salud, mi derecho<\/span><\/div><div dir=\"auto\">\u00a0<\/div><\/div><div class=\"x11i5rnm xat24cr x1mh8g0r x1vvkbs xtlvy1s x126k92a\"><div dir=\"auto\"><span style=\"font-size: 14pt;\">Este 7 de abril de 2024 se conmemora el D\u00eda Mundial de la Salud con el lema:<\/span><\/div><\/div><div class=\"x11i5rnm xat24cr x1mh8g0r x1vvkbs xtlvy1s x126k92a\"><div dir=\"auto\"><span style=\"font-size: 14pt;\">\u25cf Mi salud, mi derecho<\/span><\/div><\/div><div class=\"x11i5rnm xat24cr x1mh8g0r x1vvkbs xtlvy1s x126k92a\"><div dir=\"auto\"><span style=\"font-size: 14pt;\">\u25a1 Objetivo: Concienciar sobre la importancia de la salud universal y el derecho a la salud de todas las personas.<\/span><\/div><\/div><div class=\"x11i5rnm xat24cr x1mh8g0r x1vvkbs xtlvy1s x126k92a\"><div dir=\"auto\"><span style=\"font-size: 14pt;\">\u25a1 Contexto:<\/span><\/div><\/div><div class=\"x11i5rnm xat24cr x1mh8g0r x1vvkbs xtlvy1s x126k92a\"><div dir=\"auto\"><span style=\"font-size: 14pt;\">M\u00e1s de la mitad de la poblaci\u00f3n mundial no tiene acceso a servicios de salud esenciales.<\/span><\/div><\/div><div class=\"x11i5rnm xat24cr x1mh8g0r x1vvkbs xtlvy1s x126k92a\"><div dir=\"auto\"><span style=\"font-size: 14pt;\">Las desigualdades en salud est\u00e1n aumentando en todo el mundo.<\/span><\/div><div dir=\"auto\"><span style=\"font-size: 14pt;\">La pandemia de COVID-19 ha puesto de relieve la importancia de la salud universal.<\/span><\/div><\/div><div class=\"x11i5rnm xat24cr x1mh8g0r x1vvkbs xtlvy1s x126k92a\"><div dir=\"auto\"><span style=\"font-size: 14pt;\">\u25a1 Actividades:<\/span><\/div><\/div><div class=\"x11i5rnm xat24cr x1mh8g0r x1vvkbs xtlvy1s x126k92a\"><div dir=\"auto\"><span style=\"font-size: 14pt;\">La Organizaci\u00f3n Mundial de la Salud (OMS) organiza eventos y actividades en todo el mundo.<\/span><\/div><\/div><div class=\"x11i5rnm xat24cr x1mh8g0r x1vvkbs xtlvy1s x126k92a\"><div dir=\"auto\"><span style=\"font-size: 14pt;\">El Colegio de M\u00e9dicos de Catamarca quiere expresar que todos debemos trabajar por una salud inclusiva, universal y moderna. En estos tiempos dif\u00edciles la suma de todas las voluntades aumentar\u00e1n la posibilidad de poder mejorar la situaci\u00f3n.<\/span><\/div><\/div><div class=\"x11i5rnm xat24cr x1mh8g0r x1vvkbs xtlvy1s x126k92a\"><div dir=\"auto\"><span style=\"font-size: 14pt;\">Los m\u00e9dicos somos el eslab\u00f3n principal de esta cadena y como tales merecemos una soluci\u00f3n integral a los problemas de programaci\u00f3n a futuro, instalaciones adecuadas para desarrollar la tarea, ordenamiento protocolar seg\u00fan gu\u00edas actualizadas, cobertura legal apropiada y remuneraciones equivalentes a la responsabilidad asumida.<\/span><\/div><\/div><div class=\"x11i5rnm xat24cr x1mh8g0r x1vvkbs xtlvy1s x126k92a\"><div dir=\"auto\">\u00a0<\/div><\/div>\t\t\t\t\t\t<\/div>\n\t\t\t\t<\/div>\n\t\t\t\t\t<\/div>\n\t\t<\/div>\n\t\t\t\t\t<\/div>\n\t\t<\/section>\n\t\t\t\t<section class=\"elementor-section elementor-top-section elementor-element elementor-element-6f75ba0 elementor-section-boxed elementor-section-height-default elementor-section-height-default\" data-id=\"6f75ba0\" data-element_type=\"section\">\n\t\t\t\t\t\t<div class=\"elementor-container elementor-column-gap-default\">\n\t\t\t\t\t<div class=\"elementor-column elementor-col-100 elementor-top-column elementor-element elementor-element-b3b9fc3\" data-id=\"b3b9fc3\" data-element_type=\"column\">\n\t\t\t<div class=\"elementor-widget-wrap elementor-element-populated\">\n\t\t\t\t\t\t<div class=\"elementor-element elementor-element-1666028 elementor-widget elementor-widget-image\" data-id=\"1666028\" data-element_type=\"widget\" data-widget_type=\"image.default\">\n\t\t\t\t<div class=\"elementor-widget-container\">\n\t\t\t\t\t\t\t\t\t\t\t\t\t<img fetchpriority=\"high\" decoding=\"async\" width=\"800\" height=\"800\" src=\"https:\/\/colegiomedicocat.com.ar\/med\/wp-content\/uploads\/2024\/04\/435096250_934231625369059_6045886945438212353_n-1024x1024.jpg\" class=\"attachment-large size-large wp-image-5961\" alt=\"\" srcset=\"https:\/\/colegiomedicocat.com.ar\/med\/wp-content\/uploads\/2024\/04\/435096250_934231625369059_6045886945438212353_n-1024x1024.jpg 1024w, https:\/\/colegiomedicocat.com.ar\/med\/wp-content\/uploads\/2024\/04\/435096250_934231625369059_6045886945438212353_n-300x300.jpg 300w, https:\/\/colegiomedicocat.com.ar\/med\/wp-content\/uploads\/2024\/04\/435096250_934231625369059_6045886945438212353_n-150x150.jpg 150w, https:\/\/colegiomedicocat.com.ar\/med\/wp-content\/uploads\/2024\/04\/435096250_934231625369059_6045886945438212353_n-768x768.jpg 768w, https:\/\/colegiomedicocat.com.ar\/med\/wp-content\/uploads\/2024\/04\/435096250_934231625369059_6045886945438212353_n.jpg 1080w\" sizes=\"(max-width: 800px) 100vw, 800px\" \/>\t\t\t\t\t\t\t\t\t\t\t\t\t<\/div>\n\t\t\t\t<\/div>\n\t\t\t\t\t<\/div>\n\t\t<\/div>\n\t\t\t\t\t<\/div>\n\t\t<\/section>\n\t\t\t\t<section class=\"elementor-section elementor-top-section elementor-element elementor-element-3b33bf9 elementor-section-boxed elementor-section-height-default elementor-section-height-default\" data-id=\"3b33bf9\" data-element_type=\"section\">\n\t\t\t\t\t\t<div class=\"elementor-container elementor-column-gap-default\">\n\t\t\t\t\t<div class=\"elementor-column elementor-col-100 elementor-top-column elementor-element elementor-element-8f54edd\" data-id=\"8f54edd\" data-element_type=\"column\">\n\t\t\t<div class=\"elementor-widget-wrap elementor-element-populated\">\n\t\t\t\t\t\t<div class=\"elementor-element elementor-element-711bb25 elementor-widget elementor-widget-text-editor\" data-id=\"711bb25\" data-element_type=\"widget\" data-widget_type=\"text-editor.default\">\n\t\t\t\t<div class=\"elementor-widget-container\">\n\t\t\t\t\t\t\t<div dir=\"auto\" style=\"text-align: center;\">CONSEJO DIRECTIVO<\/div><div dir=\"auto\" style=\"text-align: center;\">COLEGIO DE M\u00c9DICOS DE CATAMARCA<\/div>\t\t\t\t\t\t<\/div>\n\t\t\t\t<\/div>\n\t\t\t\t\t<\/div>\n\t\t<\/div>\n\t\t\t\t\t<\/div>\n\t\t<\/section>\n\t\t\t\t<\/div>\n\t\t","protected":false},"excerpt":{"rendered":"<p>\u00a0Mi salud, mi derecho\u00a0Este 7 de abril de 2024 se conmemora el D\u00eda Mundial de la Salud con el lema:\u25cf Mi salud, mi derecho\u25a1 Objetivo: Concienciar sobre la importancia de la salud universal y el derecho a la salud de todas las personas.\u25a1 Contexto:M\u00e1s de la mitad de la poblaci\u00f3n mundial no tiene acceso a [&hellip;]<\/p>\n","protected":false},"author":2,"featured_media":5961,"comment_status":"closed","ping_status":"closed","sticky":false,"template":"","format":"standard","meta":{"_joinchat":[],"footnotes":""},"categories":[1],"tags":[],"class_list":["post-5958","post","type-post","status-publish","format-standard","has-post-thumbnail","hentry","category-noticias"],"_links":{"self":[{"href":"https:\/\/colegiomedicocat.com.ar\/med\/wp-json\/wp\/v2\/posts\/5958","targetHints":{"allow":["GET"]}}],"collection":[{"href":"https:\/\/colegiomedicocat.com.ar\/med\/wp-json\/wp\/v2\/posts"}],"about":[{"href":"https:\/\/colegiomedicocat.com.ar\/med\/wp-json\/wp\/v2\/types\/post"}],"author":[{"embeddable":true,"href":"https:\/\/colegiomedicocat.com.ar\/med\/wp-json\/wp\/v2\/users\/2"}],"replies":[{"embeddable":true,"href":"https:\/\/colegiomedicocat.com.ar\/med\/wp-json\/wp\/v2\/comments?post=5958"}],"version-history":[{"count":4,"href":"https:\/\/colegiomedicocat.com.ar\/med\/wp-json\/wp\/v2\/posts\/5958\/revisions"}],"predecessor-version":[{"id":5964,"href":"https:\/\/colegiomedicocat.com.ar\/med\/wp-json\/wp\/v2\/posts\/5958\/revisions\/5964"}],"wp:featuredmedia":[{"embeddable":true,"href":"https:\/\/colegiomedicocat.com.ar\/med\/wp-json\/wp\/v2\/media\/5961"}],"wp:attachment":[{"href":"https:\/\/colegiomedicocat.com.ar\/med\/wp-json\/wp\/v2\/media?parent=5958"}],"wp:term":[{"taxonomy":"category","embeddable":true,"href":"https:\/\/colegiomedicocat.com.ar\/med\/wp-json\/wp\/v2\/categories?post=5958"},{"taxonomy":"post_tag","embeddable":true,"href":"https:\/\/colegiomedicocat.com.ar\/med\/wp-json\/wp\/v2\/tags?post=5958"}],"curies":[{"name":"wp","href":"https:\/\/api.w.org\/{rel}","templated":true}]}}