{"id":6021,"date":"2024-05-01T13:02:54","date_gmt":"2024-05-01T13:02:54","guid":{"rendered":"https:\/\/colegiomedicocat.com.ar\/med\/?p=6021"},"modified":"2024-05-01T14:27:11","modified_gmt":"2024-05-01T14:27:11","slug":"ldia-del-trabajador","status":"publish","type":"post","link":"https:\/\/colegiomedicocat.com.ar\/med\/ldia-del-trabajador\/","title":{"rendered":"lDia del Trabajador"},"content":{"rendered":"\t\t<div data-elementor-type=\"wp-post\" data-elementor-id=\"6021\" class=\"elementor elementor-6021\" data-elementor-post-type=\"post\">\n\t\t\t\t\t\t<section class=\"elementor-section elementor-top-section elementor-element elementor-element-ac84dad elementor-section-boxed elementor-section-height-default elementor-section-height-default\" data-id=\"ac84dad\" data-element_type=\"section\">\n\t\t\t\t\t\t<div class=\"elementor-container elementor-column-gap-default\">\n\t\t\t\t\t<div class=\"elementor-column elementor-col-100 elementor-top-column elementor-element elementor-element-8318ace\" data-id=\"8318ace\" data-element_type=\"column\">\n\t\t\t<div class=\"elementor-widget-wrap elementor-element-populated\">\n\t\t\t\t\t\t<div class=\"elementor-element elementor-element-7ecabb6 elementor-widget elementor-widget-text-editor\" data-id=\"7ecabb6\" data-element_type=\"widget\" data-widget_type=\"text-editor.default\">\n\t\t\t\t<div class=\"elementor-widget-container\">\n\t\t\t\t\t\t\t<div class=\"xdj266r x11i5rnm xat24cr x1mh8g0r x1vvkbs x126k92a\"><div dir=\"auto\">\u00a0<\/div><\/div><div class=\"x11i5rnm xat24cr x1mh8g0r x1vvkbs xtlvy1s x126k92a\"><div dir=\"auto\"><span style=\"font-size: 14pt;\">El D\u00eda Internacional de los Trabajadores, se celebra cada a\u00f1o el 1 de mayo para conmemorar las luchas y logros del movimiento obrero mundial.<\/span><\/div><\/div><div class=\"x11i5rnm xat24cr x1mh8g0r x1vvkbs xtlvy1s x126k92a\"><div dir=\"auto\"><span style=\"font-size: 14pt;\">Se origin\u00f3 en 1886 en Estados Unidos, tras la sangrienta represi\u00f3n de una huelga obrera en Chicago que exig\u00eda una jornada laboral de 8 horas.<\/span><\/div><\/div><div class=\"x11i5rnm xat24cr x1mh8g0r x1vvkbs xtlvy1s x126k92a\"><div dir=\"auto\"><span style=\"font-size: 14pt;\">En Argentina, el D\u00eda del Trabajador se ha celebrado desde 1890 y se ha convertido en una fecha de gran importancia para la clase trabajadora.<\/span><\/div><\/div><div class=\"x11i5rnm xat24cr x1mh8g0r x1vvkbs xtlvy1s x126k92a\"><div dir=\"auto\"><span style=\"font-size: 14pt;\">El D\u00eda del Trabajador se celebra para conmemorar la lucha por los derechos laborales y sociales de los trabajadores.<\/span><\/div><\/div><div class=\"x11i5rnm xat24cr x1mh8g0r x1vvkbs xtlvy1s x126k92a\"><div dir=\"auto\"><span style=\"font-size: 14pt;\">En 1886, en Chicago, Estados Unidos, miles de trabajadores se declararon en huelga para exigir una jornada laboral de 8 horas. La huelga fue reprimida violentamente por la polic\u00eda, lo que result\u00f3 en la muerte de varios trabajadores.<\/span><\/div><\/div><div class=\"x11i5rnm xat24cr x1mh8g0r x1vvkbs xtlvy1s x126k92a\"><div dir=\"auto\"><span style=\"font-size: 14pt;\">En respuesta a estos eventos, la Segunda Internacional, una organizaci\u00f3n de partidos socialistas y laborales, proclam\u00f3 el 1 de mayo como D\u00eda Internacional de los Trabajadores en 1889.<\/span><\/div><\/div><div class=\"x11i5rnm xat24cr x1mh8g0r x1vvkbs xtlvy1s x126k92a\"><div dir=\"auto\"><span style=\"font-size: 14pt;\">Desde entonces, el 1 de mayo se ha celebrado en todo el mundo como un d\u00eda para recordar a los m\u00e1rtires de Chicago y luchar por los derechos de los trabajadores.<\/span><\/div><div dir=\"auto\"><span style=\"font-size: 14pt;\">\u00a0<\/span><\/div><\/div><div class=\"x11i5rnm xat24cr x1mh8g0r x1vvkbs xtlvy1s x126k92a\"><div dir=\"auto\"><span style=\"font-size: 14pt;\">El trabajo m\u00e9dico en Argentina es de suma importancia por diversas razones que impactan tanto en la salud individual como en el bienestar general de la sociedad. A continuaci\u00f3n, se detallan algunos de los puntos clave que destacan su relevancia:<\/span><\/div><div dir=\"auto\"><span style=\"font-size: 14pt;\">\u00a0<\/span><\/div><\/div><div class=\"x11i5rnm xat24cr x1mh8g0r x1vvkbs xtlvy1s x126k92a\"><div dir=\"auto\"><span style=\"font-size: 14pt;\">1. Promoci\u00f3n de la salud y el bienestar: Los profesionales m\u00e9dicos son pilares fundamentales en la prevenci\u00f3n de enfermedades, el diagn\u00f3stico temprano de patolog\u00edas y la atenci\u00f3n integral de la salud de la poblaci\u00f3n. Su labor contribuye a mejorar la calidad de vida de las personas y a reducir los \u00edndices de mortalidad y morbilidad.<\/span><\/div><\/div><div class=\"x11i5rnm xat24cr x1mh8g0r x1vvkbs xtlvy1s x126k92a\"><div dir=\"auto\"><span style=\"font-size: 14pt;\">2. Atenci\u00f3n m\u00e9dica de calidad: Argentina cuenta con un sistema de salud mixto, compuesto por el sector p\u00fablico y el privado, que ofrece una amplia red de atenci\u00f3n m\u00e9dica a lo largo del pa\u00eds. Los m\u00e9dicos, tanto en hospitales p\u00fablicos como en cl\u00ednicas privadas, desempe\u00f1an un papel crucial en la prestaci\u00f3n de servicios de salud de calidad, garantizando el acceso a la atenci\u00f3n m\u00e9dica necesaria para toda la poblaci\u00f3n.<\/span><\/div><\/div><div class=\"x11i5rnm xat24cr x1mh8g0r x1vvkbs xtlvy1s x126k92a\"><div dir=\"auto\"><span style=\"font-size: 14pt;\">3. Investigaci\u00f3n y desarrollo cient\u00edfico: El trabajo m\u00e9dico en Argentina no se limita a la atenci\u00f3n cl\u00ednica directa. Los profesionales m\u00e9dicos tambi\u00e9n se dedican a la investigaci\u00f3n cient\u00edfica, contribuyendo al avance del conocimiento en diversas \u00e1reas de la medicina. Sus investigaciones permiten desarrollar nuevos tratamientos, mejorar las t\u00e9cnicas diagn\u00f3sticas y comprender mejor las causas y mecanismos de las enfermedades.<\/span><\/div><\/div><div class=\"x11i5rnm xat24cr x1mh8g0r x1vvkbs xtlvy1s x126k92a\"><div dir=\"auto\"><span style=\"font-size: 14pt;\">4. Formaci\u00f3n de futuros profesionales: Los m\u00e9dicos experimentados juegan un rol esencial en la formaci\u00f3n de las nuevas generaciones de profesionales de la salud. A trav\u00e9s de la docencia y la tutor\u00eda, transmiten sus conocimientos y habilidades a los estudiantes de medicina, garantizando la calidad de la formaci\u00f3n m\u00e9dica en el pa\u00eds.<\/span><\/div><\/div><div class=\"x11i5rnm xat24cr x1mh8g0r x1vvkbs xtlvy1s x126k92a\"><div dir=\"auto\"><span style=\"font-size: 14pt;\">5. Aporte al desarrollo social y econ\u00f3mico: La salud es un factor determinante para el desarrollo social y econ\u00f3mico de un pa\u00eds. Una poblaci\u00f3n sana y productiva es esencial para el crecimiento econ\u00f3mico y la mejora de la calidad de vida de la sociedad en su conjunto. El trabajo m\u00e9dico contribuye directamente a este objetivo al promover la salud y el bienestar de la poblaci\u00f3n.<\/span><\/div><\/div><div class=\"x11i5rnm xat24cr x1mh8g0r x1vvkbs xtlvy1s x126k92a\"><div dir=\"auto\"><span style=\"font-size: 14pt;\">6. Enfrentamiento de desaf\u00edos sanitarios: Argentina, al igual que otros pa\u00edses, enfrenta diversos desaf\u00edos sanitarios, como enfermedades cr\u00f3nicas no transmisibles, brotes de enfermedades infecciosas y los efectos del cambio clim\u00e1tico en la salud. El trabajo m\u00e9dico es fundamental para enfrentar estos desaf\u00edos y garantizar la salud p\u00fablica de la poblaci\u00f3n.<\/span><\/div><\/div><div class=\"x11i5rnm xat24cr x1mh8g0r x1vvkbs xtlvy1s x126k92a\"><div dir=\"auto\"><span style=\"font-size: 14pt;\">7. Atenci\u00f3n a poblaciones vulnerables: Los m\u00e9dicos tienen un compromiso especial con la atenci\u00f3n de las poblaciones m\u00e1s vulnerables, como las personas de bajos recursos, los adultos mayores, los ni\u00f1os y las personas con discapacidad. Su trabajo garantiza que estas poblaciones tengan acceso a la atenci\u00f3n m\u00e9dica que necesitan y puedan gozar de una mejor calidad de vida.<\/span><\/div><div dir=\"auto\"><span style=\"font-size: 14pt;\">\u00a0<\/span><\/div><\/div><div class=\"x11i5rnm xat24cr x1mh8g0r x1vvkbs xtlvy1s x126k92a\"><div dir=\"auto\"><span style=\"font-size: 14pt;\">En resumen, el trabajo m\u00e9dico en Argentina es esencial para el bienestar individual y colectivo de la sociedad. Los profesionales m\u00e9dicos desempe\u00f1an un papel crucial en la promoci\u00f3n de la salud, la atenci\u00f3n m\u00e9dica de calidad, la investigaci\u00f3n cient\u00edfica, la formaci\u00f3n de nuevos profesionales, el desarrollo social y econ\u00f3mico, el enfrentamiento de desaf\u00edos sanitarios y la atenci\u00f3n a poblaciones vulnerables. Su labor es invaluable para construir un pa\u00eds m\u00e1s sano y pr\u00f3spero.<\/span><\/div><div dir=\"auto\"><span style=\"font-size: 14pt;\">\u00a0<\/span><\/div><\/div><div class=\"x11i5rnm xat24cr x1mh8g0r x1vvkbs xtlvy1s x126k92a\"><div dir=\"auto\"><strong><span style=\"font-size: 18pt;\">Feliz d\u00eda grandes trabajadores LOS MEDICOS.<\/span><\/strong><\/div><div dir=\"auto\">\u00a0<\/div><\/div><div class=\"x11i5rnm xat24cr x1mh8g0r x1vvkbs xtlvy1s x126k92a\"><div dir=\"auto\" style=\"text-align: center;\"><span style=\"font-size: 14pt;\">CONSEJO DIRECTIVO<\/span><\/div><div dir=\"auto\" style=\"text-align: center;\"><span style=\"font-size: 14pt;\">COLEGIO DE M\u00c9DICOS DE<\/span><\/div><\/div>\t\t\t\t\t\t<\/div>\n\t\t\t\t<\/div>\n\t\t\t\t\t<\/div>\n\t\t<\/div>\n\t\t\t\t\t<\/div>\n\t\t<\/section>\n\t\t\t\t<\/div>\n\t\t","protected":false},"excerpt":{"rendered":"<p>\u00a0El D\u00eda Internacional de los Trabajadores, se celebra cada a\u00f1o el 1 de mayo para conmemorar las luchas y logros del movimiento obrero mundial.Se origin\u00f3 en 1886 en Estados Unidos, tras la sangrienta represi\u00f3n de una huelga obrera en Chicago que exig\u00eda una jornada laboral de 8 horas.En Argentina, el D\u00eda del Trabajador se ha [&hellip;]<\/p>\n","protected":false},"author":2,"featured_media":6023,"comment_status":"closed","ping_status":"closed","sticky":false,"template":"","format":"standard","meta":{"_joinchat":[],"footnotes":""},"categories":[1],"tags":[],"class_list":["post-6021","post","type-post","status-publish","format-standard","has-post-thumbnail","hentry","category-noticias"],"_links":{"self":[{"href":"https:\/\/colegiomedicocat.com.ar\/med\/wp-json\/wp\/v2\/posts\/6021","targetHints":{"allow":["GET"]}}],"collection":[{"href":"https:\/\/colegiomedicocat.com.ar\/med\/wp-json\/wp\/v2\/posts"}],"about":[{"href":"https:\/\/colegiomedicocat.com.ar\/med\/wp-json\/wp\/v2\/types\/post"}],"author":[{"embeddable":true,"href":"https:\/\/colegiomedicocat.com.ar\/med\/wp-json\/wp\/v2\/users\/2"}],"replies":[{"embeddable":true,"href":"https:\/\/colegiomedicocat.com.ar\/med\/wp-json\/wp\/v2\/comments?post=6021"}],"version-history":[{"count":6,"href":"https:\/\/colegiomedicocat.com.ar\/med\/wp-json\/wp\/v2\/posts\/6021\/revisions"}],"predecessor-version":[{"id":6030,"href":"https:\/\/colegiomedicocat.com.ar\/med\/wp-json\/wp\/v2\/posts\/6021\/revisions\/6030"}],"wp:featuredmedia":[{"embeddable":true,"href":"https:\/\/colegiomedicocat.com.ar\/med\/wp-json\/wp\/v2\/media\/6023"}],"wp:attachment":[{"href":"https:\/\/colegiomedicocat.com.ar\/med\/wp-json\/wp\/v2\/media?parent=6021"}],"wp:term":[{"taxonomy":"category","embeddable":true,"href":"https:\/\/colegiomedicocat.com.ar\/med\/wp-json\/wp\/v2\/categories?post=6021"},{"taxonomy":"post_tag","embeddable":true,"href":"https:\/\/colegiomedicocat.com.ar\/med\/wp-json\/wp\/v2\/tags?post=6021"}],"curies":[{"name":"wp","href":"https:\/\/api.w.org\/{rel}","templated":true}]}}