{"id":6168,"date":"2024-06-26T00:21:34","date_gmt":"2024-06-26T00:21:34","guid":{"rendered":"https:\/\/colegiomedicocat.com.ar\/med\/?p=6168"},"modified":"2024-06-26T00:25:34","modified_gmt":"2024-06-26T00:25:34","slug":"otorrinolaringologo","status":"publish","type":"post","link":"https:\/\/colegiomedicocat.com.ar\/med\/otorrinolaringologo\/","title":{"rendered":"otorrinolaringologo"},"content":{"rendered":"\t\t<div data-elementor-type=\"wp-post\" data-elementor-id=\"6168\" class=\"elementor elementor-6168\" data-elementor-post-type=\"post\">\n\t\t\t\t\t\t<section class=\"elementor-section elementor-top-section elementor-element elementor-element-8f477c0 elementor-section-boxed elementor-section-height-default elementor-section-height-default\" data-id=\"8f477c0\" data-element_type=\"section\">\n\t\t\t\t\t\t<div class=\"elementor-container elementor-column-gap-default\">\n\t\t\t\t\t<div class=\"elementor-column elementor-col-100 elementor-top-column elementor-element elementor-element-cc8330d\" data-id=\"cc8330d\" data-element_type=\"column\">\n\t\t\t<div class=\"elementor-widget-wrap elementor-element-populated\">\n\t\t\t\t\t\t<div class=\"elementor-element elementor-element-173b8fa elementor-widget elementor-widget-spacer\" data-id=\"173b8fa\" data-element_type=\"widget\" data-widget_type=\"spacer.default\">\n\t\t\t\t<div class=\"elementor-widget-container\">\n\t\t\t\t\t<div class=\"elementor-spacer\">\n\t\t\t<div class=\"elementor-spacer-inner\"><\/div>\n\t\t<\/div>\n\t\t\t\t<\/div>\n\t\t\t\t<\/div>\n\t\t\t\t\t<\/div>\n\t\t<\/div>\n\t\t\t\t\t<\/div>\n\t\t<\/section>\n\t\t\t\t<section class=\"elementor-section elementor-top-section elementor-element elementor-element-558a792 elementor-section-boxed elementor-section-height-default elementor-section-height-default\" data-id=\"558a792\" data-element_type=\"section\">\n\t\t\t\t\t\t<div class=\"elementor-container elementor-column-gap-default\">\n\t\t\t\t\t<div class=\"elementor-column elementor-col-100 elementor-top-column elementor-element elementor-element-4438c40\" data-id=\"4438c40\" data-element_type=\"column\">\n\t\t\t<div class=\"elementor-widget-wrap elementor-element-populated\">\n\t\t\t\t\t\t<div class=\"elementor-element elementor-element-2c23f3e elementor-widget elementor-widget-heading\" data-id=\"2c23f3e\" data-element_type=\"widget\" data-widget_type=\"heading.default\">\n\t\t\t\t<div class=\"elementor-widget-container\">\n\t\t\t<h2 class=\"elementor-heading-title elementor-size-default\">D\u00cdA DEL OTORRINOLARINGOLOGO EN ARGENTINA<\/h2>\t\t<\/div>\n\t\t\t\t<\/div>\n\t\t\t\t\t<\/div>\n\t\t<\/div>\n\t\t\t\t\t<\/div>\n\t\t<\/section>\n\t\t\t\t<section class=\"elementor-section elementor-top-section elementor-element elementor-element-ace0e93 elementor-section-boxed elementor-section-height-default elementor-section-height-default\" data-id=\"ace0e93\" data-element_type=\"section\">\n\t\t\t\t\t\t<div class=\"elementor-container elementor-column-gap-default\">\n\t\t\t\t\t<div class=\"elementor-column elementor-col-100 elementor-top-column elementor-element elementor-element-f9208d2\" data-id=\"f9208d2\" data-element_type=\"column\">\n\t\t\t<div class=\"elementor-widget-wrap elementor-element-populated\">\n\t\t\t\t\t\t<div class=\"elementor-element elementor-element-940563e elementor-widget elementor-widget-text-editor\" data-id=\"940563e\" data-element_type=\"widget\" data-widget_type=\"text-editor.default\">\n\t\t\t\t<div class=\"elementor-widget-container\">\n\t\t\t\t\t\t\t<div class=\"xdj266r x11i5rnm xat24cr x1mh8g0r x1vvkbs x126k92a\"><div dir=\"auto\">\u00a0<\/div><\/div><div class=\"x11i5rnm xat24cr x1mh8g0r x1vvkbs xtlvy1s x126k92a\"><div dir=\"auto\"><span style=\"font-size: 14pt;\">El D\u00eda del Otorrinolaring\u00f3logo en Argentina se celebra cada a\u00f1o el 25 de junio, en conmemoraci\u00f3n a la creaci\u00f3n de la Federaci\u00f3n Argentina de Sociedades de Otorrinolaringolog\u00eda (FASO) en 1989.<\/span><\/div><\/div><div class=\"x11i5rnm xat24cr x1mh8g0r x1vvkbs xtlvy1s x126k92a\"><div dir=\"auto\"><span style=\"font-size: 14pt;\">Esta fecha es una oportunidad para reconocer la importante labor que realizan los otorrinolaring\u00f3logos en la prevenci\u00f3n, diagn\u00f3stico y tratamiento de las enfermedades del o\u00eddo, nariz y garganta.<\/span><\/div><\/div><div class=\"x11i5rnm xat24cr x1mh8g0r x1vvkbs xtlvy1s x126k92a\"><div dir=\"auto\"><span style=\"font-size: 14pt;\">\u00bfQu\u00e9 hacen los otorrinolaring\u00f3logos?<\/span><\/div><\/div><div class=\"x11i5rnm xat24cr x1mh8g0r x1vvkbs xtlvy1s x126k92a\"><div dir=\"auto\"><span style=\"font-size: 14pt;\">Los otorrinolaring\u00f3logos, tambi\u00e9n conocidos como especialistas en o\u00eddo, nariz y garganta (ENT), son m\u00e9dicos que se encargan del diagn\u00f3stico, tratamiento y prevenci\u00f3n de las enfermedades que afectan a estas partes del cuerpo.<\/span><\/div><div dir=\"auto\"><span style=\"font-size: 14pt;\">\u00a0<\/span><\/div><\/div><div class=\"x11i5rnm xat24cr x1mh8g0r x1vvkbs xtlvy1s x126k92a\"><div dir=\"auto\"><span style=\"font-size: 14pt;\">Algunas de las condiciones que tratan los otorrinolaring\u00f3logos incluyen:<\/span><\/div><div dir=\"auto\"><span style=\"font-size: 14pt;\">\u00a0<\/span><\/div><\/div><div class=\"x11i5rnm xat24cr x1mh8g0r x1vvkbs xtlvy1s x126k92a\"><div dir=\"auto\"><span style=\"font-size: 14pt;\">* Infecciones de o\u00eddo<\/span><\/div><div dir=\"auto\"><span style=\"font-size: 14pt;\">* P\u00e9rdida auditiva<\/span><\/div><div dir=\"auto\"><span style=\"font-size: 14pt;\">* Tinnitus (zumbido en los o\u00eddos)<\/span><\/div><div dir=\"auto\"><span style=\"font-size: 14pt;\">* V\u00e9rtigo (mareos)<\/span><\/div><div dir=\"auto\"><span style=\"font-size: 14pt;\">* Sinusitis<\/span><\/div><div dir=\"auto\"><span style=\"font-size: 14pt;\">* Alergias nasales<\/span><\/div><div dir=\"auto\"><span style=\"font-size: 14pt;\">* Am\u00edgdalas inflamadas<\/span><\/div><div dir=\"auto\"><span style=\"font-size: 14pt;\">* Dificultad para tragar<\/span><\/div><div dir=\"auto\"><span style=\"font-size: 14pt;\">* Problemas de voz<\/span><\/div><div dir=\"auto\"><span style=\"font-size: 14pt;\">* C\u00e1ncer de cabeza y cuello<\/span><\/div><div dir=\"auto\">\u00a0<\/div><\/div><div class=\"x11i5rnm xat24cr x1mh8g0r x1vvkbs xtlvy1s x126k92a\"><div dir=\"auto\"><span style=\"font-size: 14pt;\">\u00a1Feliz D\u00eda del Otorrinolaring\u00f3logo a todos nuestros Colegiados, agradeciendo su tarea diaria.<\/span><\/div><div dir=\"auto\">\u00a0<\/div><\/div><div class=\"x11i5rnm xat24cr x1mh8g0r x1vvkbs xtlvy1s x126k92a\"><div dir=\"auto\"><span style=\"font-size: 14pt;\">CONSEJO DIRECTIVO<\/span><\/div><div dir=\"auto\"><span style=\"font-size: 14pt;\">COLEGIO DE M\u00c9DICOS DE CATAMARCA<\/span><\/div><\/div>\t\t\t\t\t\t<\/div>\n\t\t\t\t<\/div>\n\t\t\t\t\t<\/div>\n\t\t<\/div>\n\t\t\t\t\t<\/div>\n\t\t<\/section>\n\t\t\t\t<section class=\"elementor-section elementor-top-section elementor-element elementor-element-432952b elementor-section-boxed elementor-section-height-default elementor-section-height-default\" data-id=\"432952b\" data-element_type=\"section\">\n\t\t\t\t\t\t<div class=\"elementor-container elementor-column-gap-default\">\n\t\t\t\t\t<div class=\"elementor-column elementor-col-100 elementor-top-column elementor-element elementor-element-fdbeae1\" data-id=\"fdbeae1\" data-element_type=\"column\">\n\t\t\t<div class=\"elementor-widget-wrap elementor-element-populated\">\n\t\t\t\t\t\t<div class=\"elementor-element elementor-element-2789ed5 elementor-widget elementor-widget-image\" data-id=\"2789ed5\" data-element_type=\"widget\" data-widget_type=\"image.default\">\n\t\t\t\t<div class=\"elementor-widget-container\">\n\t\t\t\t\t\t\t\t\t\t\t\t\t<img fetchpriority=\"high\" decoding=\"async\" width=\"300\" height=\"276\" src=\"https:\/\/colegiomedicocat.com.ar\/med\/wp-content\/uploads\/2024\/06\/448315051_980306307428257_3840057591566615810_n-300x276.jpg\" class=\"attachment-medium size-medium wp-image-6163\" alt=\"\" srcset=\"https:\/\/colegiomedicocat.com.ar\/med\/wp-content\/uploads\/2024\/06\/448315051_980306307428257_3840057591566615810_n-300x276.jpg 300w, https:\/\/colegiomedicocat.com.ar\/med\/wp-content\/uploads\/2024\/06\/448315051_980306307428257_3840057591566615810_n-1024x942.jpg 1024w, https:\/\/colegiomedicocat.com.ar\/med\/wp-content\/uploads\/2024\/06\/448315051_980306307428257_3840057591566615810_n-768x707.jpg 768w, https:\/\/colegiomedicocat.com.ar\/med\/wp-content\/uploads\/2024\/06\/448315051_980306307428257_3840057591566615810_n.jpg 1080w\" sizes=\"(max-width: 300px) 100vw, 300px\" \/>\t\t\t\t\t\t\t\t\t\t\t\t\t<\/div>\n\t\t\t\t<\/div>\n\t\t\t\t\t<\/div>\n\t\t<\/div>\n\t\t\t\t\t<\/div>\n\t\t<\/section>\n\t\t\t\t<\/div>\n\t\t","protected":false},"excerpt":{"rendered":"<p>D\u00cdA DEL OTORRINOLARINGOLOGO EN ARGENTINA \u00a0El D\u00eda del Otorrinolaring\u00f3logo en Argentina se celebra cada a\u00f1o el 25 de junio, en conmemoraci\u00f3n a la creaci\u00f3n de la Federaci\u00f3n Argentina de Sociedades de Otorrinolaringolog\u00eda (FASO) en 1989.Esta fecha es una oportunidad para reconocer la importante labor que realizan los otorrinolaring\u00f3logos en la prevenci\u00f3n, diagn\u00f3stico y tratamiento de [&hellip;]<\/p>\n","protected":false},"author":2,"featured_media":6171,"comment_status":"closed","ping_status":"closed","sticky":false,"template":"","format":"standard","meta":{"_joinchat":[],"footnotes":""},"categories":[1],"tags":[],"class_list":["post-6168","post","type-post","status-publish","format-standard","has-post-thumbnail","hentry","category-noticias"],"_links":{"self":[{"href":"https:\/\/colegiomedicocat.com.ar\/med\/wp-json\/wp\/v2\/posts\/6168","targetHints":{"allow":["GET"]}}],"collection":[{"href":"https:\/\/colegiomedicocat.com.ar\/med\/wp-json\/wp\/v2\/posts"}],"about":[{"href":"https:\/\/colegiomedicocat.com.ar\/med\/wp-json\/wp\/v2\/types\/post"}],"author":[{"embeddable":true,"href":"https:\/\/colegiomedicocat.com.ar\/med\/wp-json\/wp\/v2\/users\/2"}],"replies":[{"embeddable":true,"href":"https:\/\/colegiomedicocat.com.ar\/med\/wp-json\/wp\/v2\/comments?post=6168"}],"version-history":[{"count":4,"href":"https:\/\/colegiomedicocat.com.ar\/med\/wp-json\/wp\/v2\/posts\/6168\/revisions"}],"predecessor-version":[{"id":6174,"href":"https:\/\/colegiomedicocat.com.ar\/med\/wp-json\/wp\/v2\/posts\/6168\/revisions\/6174"}],"wp:featuredmedia":[{"embeddable":true,"href":"https:\/\/colegiomedicocat.com.ar\/med\/wp-json\/wp\/v2\/media\/6171"}],"wp:attachment":[{"href":"https:\/\/colegiomedicocat.com.ar\/med\/wp-json\/wp\/v2\/media?parent=6168"}],"wp:term":[{"taxonomy":"category","embeddable":true,"href":"https:\/\/colegiomedicocat.com.ar\/med\/wp-json\/wp\/v2\/categories?post=6168"},{"taxonomy":"post_tag","embeddable":true,"href":"https:\/\/colegiomedicocat.com.ar\/med\/wp-json\/wp\/v2\/tags?post=6168"}],"curies":[{"name":"wp","href":"https:\/\/api.w.org\/{rel}","templated":true}]}}