{"id":6261,"date":"2024-07-10T02:25:00","date_gmt":"2024-07-10T02:25:00","guid":{"rendered":"https:\/\/colegiomedicocat.com.ar\/med\/?p=6261"},"modified":"2024-07-14T02:29:22","modified_gmt":"2024-07-14T02:29:22","slug":"convocatoriaelecciones","status":"publish","type":"post","link":"https:\/\/colegiomedicocat.com.ar\/med\/convocatoriaelecciones\/","title":{"rendered":"Convocatoriaelecciones"},"content":{"rendered":"\t\t<div data-elementor-type=\"wp-post\" data-elementor-id=\"6261\" class=\"elementor elementor-6261\" data-elementor-post-type=\"post\">\n\t\t\t\t\t\t<section class=\"elementor-section elementor-top-section elementor-element elementor-element-c4a6aab elementor-section-boxed elementor-section-height-default elementor-section-height-default\" data-id=\"c4a6aab\" data-element_type=\"section\">\n\t\t\t\t\t\t<div class=\"elementor-container elementor-column-gap-default\">\n\t\t\t\t\t<div class=\"elementor-column elementor-col-100 elementor-top-column elementor-element elementor-element-b922aab\" data-id=\"b922aab\" data-element_type=\"column\">\n\t\t\t<div class=\"elementor-widget-wrap elementor-element-populated\">\n\t\t\t\t\t\t<div class=\"elementor-element elementor-element-cb7ecda elementor-widget elementor-widget-heading\" data-id=\"cb7ecda\" data-element_type=\"widget\" data-widget_type=\"heading.default\">\n\t\t\t\t<div class=\"elementor-widget-container\">\n\t\t\t<h2 class=\"elementor-heading-title elementor-size-default\">CONVOCATORIA A ELECCIONES DE RENOVACI\u00d3N TOTAL DE AUTORIDADES y\nASAMBLEAS DEL COLEGIO M\u00c9DICO DE CATAMARCA<\/h2>\t\t<\/div>\n\t\t\t\t<\/div>\n\t\t\t\t<div class=\"elementor-element elementor-element-e4bab85 elementor-widget elementor-widget-text-editor\" data-id=\"e4bab85\" data-element_type=\"widget\" data-widget_type=\"text-editor.default\">\n\t\t\t\t<div class=\"elementor-widget-container\">\n\t\t\t\t\t\t\t<div class=\"xdj266r x11i5rnm xat24cr x1mh8g0r x1vvkbs x126k92a\"><div dir=\"auto\">\u00a0<\/div><div dir=\"auto\">\u00a0<\/div><\/div><div class=\"x11i5rnm xat24cr x1mh8g0r x1vvkbs xtlvy1s x126k92a\"><div dir=\"auto\"><span style=\"font-size: 14pt;\">ELECCIONES DE RENOVACI\u00d3N TOTAL DE AUTORIDADES DE CONSEJO DIRECTIVO y TRIBUNAL DEONTOL\u00d3GICO POR FINALIZACI\u00d3N DE MANDATO<\/span><\/div><div dir=\"auto\">\u00a0<\/div><\/div><div class=\"x11i5rnm xat24cr x1mh8g0r x1vvkbs xtlvy1s x126k92a\"><div dir=\"auto\"><span style=\"font-size: 14pt;\">&#8211; Fecha: 12 de Agosto de 2.024 de 8 a 18 hs.<\/span><\/div><\/div><div class=\"x11i5rnm xat24cr x1mh8g0r x1vvkbs xtlvy1s x126k92a\"><div dir=\"auto\"><span style=\"font-size: 14pt;\">&#8211; Lugar: Sede del Colegio de M\u00e9dicos de Catamarca. Av. G\u00fcemes (o) y Capital Federal. M\u00f3dulo de Sal\u00f3n de Reuniones.<\/span><\/div><\/div><div class=\"x11i5rnm xat24cr x1mh8g0r x1vvkbs xtlvy1s x126k92a\"><div dir=\"auto\"><span style=\"font-size: 14pt;\">&#8211; Presentaci\u00f3n de Listas de Candidatos de Lunes a Viernes de 7:30 a 14 hs. hasta el d\u00eda 26 de Julio inclusive, en Sede del M\u00f3dulo Administrativo del Colegio de M\u00e9dicos de Catamarca. (Av. G\u00fcemes Oeste 210).<\/span><\/div><\/div><div class=\"x11i5rnm xat24cr x1mh8g0r x1vvkbs xtlvy1s x126k92a\"><div dir=\"auto\"><span style=\"font-size: 14pt;\">&#8211; Condiciones para participar como candidata\/o, conformaci\u00f3n de padrones, cierre de padrones y oficializaci\u00f3n de listas seg\u00fan normas estatutarias, Cap\u00edtulo de las Elecciones Art\u00edculos 16, 29, 30, 31, 32, 33 y 34.<\/span><\/div><div dir=\"auto\">\u00a0<\/div><\/div><div class=\"x11i5rnm xat24cr x1mh8g0r x1vvkbs xtlvy1s x126k92a\"><div dir=\"auto\"><span style=\"font-size: 14pt;\">ASAMBLEA EXTRAORDINARIA<\/span><\/div><div dir=\"auto\">\u00a0<\/div><\/div><div class=\"x11i5rnm xat24cr x1mh8g0r x1vvkbs xtlvy1s x126k92a\"><div dir=\"auto\"><span style=\"font-size: 14pt;\">&#8211; Fecha: Lunes 12 de Agosto de 2.024 &#8211; 18 Hs.<\/span><\/div><div dir=\"auto\">\u00a0<\/div><\/div><div class=\"x11i5rnm xat24cr x1mh8g0r x1vvkbs xtlvy1s x126k92a\"><div dir=\"auto\"><span style=\"font-size: 14pt;\">&#8211; ORDEN DEL D\u00cdA:<\/span><\/div><\/div><div class=\"x11i5rnm xat24cr x1mh8g0r x1vvkbs xtlvy1s x126k92a\"><div dir=\"auto\"><span style=\"font-size: 14pt;\">1.- ELECCI\u00d3N DE DOS COLEGIADOS QUE REFRENDEN EL ACTA DE ASAMBLEA.<\/span><\/div><div dir=\"auto\"><span style=\"font-size: 14pt;\">2.- MOCI\u00d3N DE APROBACI\u00d3N DE RESOLUCI\u00d3N DE CONSEJO DIRECTIVO N\u00b0 219\/24.<\/span><\/div><div dir=\"auto\"><span style=\"font-size: 14pt;\">3.- LECTURA DEL ACTA ANTERIOR.<\/span><\/div><div dir=\"auto\"><span style=\"font-size: 14pt;\">4.- MOCI\u00d3N DE APROBACI\u00d3N DE MEMORIA, BALANCE e INVENTARIO PERI\u00d3DO ECON\u00d3MICO INSTITUCIONAL 1 DE ABRIL DE 2.023 \u2013 31 DE MARZO DE 2.024.<\/span><\/div><div dir=\"auto\"><span style=\"font-size: 14pt;\">5.- INFORMES DE GESTI\u00d3N DE SECRETAR\u00cdAS Y TRIBUNAL DEONTOL\u00d3GICO.<\/span><\/div><div dir=\"auto\"><span style=\"font-size: 14pt;\">5.- CIERRE DE ASAMBLEA.<\/span><\/div><div dir=\"auto\">\u00a0<\/div><\/div><div class=\"x11i5rnm xat24cr x1mh8g0r x1vvkbs xtlvy1s x126k92a\"><div dir=\"auto\"><span style=\"font-size: 14pt;\">ASAMBLEA ANUAL ORDINARIA<\/span><\/div><div dir=\"auto\">\u00a0<\/div><\/div><div class=\"x11i5rnm xat24cr x1mh8g0r x1vvkbs xtlvy1s x126k92a\"><div dir=\"auto\"><span style=\"font-size: 14pt;\">&#8211; Fecha: Lunes 12 de Agosto de 2.024 &#8211; 19 Hs.<\/span><\/div><div dir=\"auto\">\u00a0<\/div><\/div><div class=\"x11i5rnm xat24cr x1mh8g0r x1vvkbs xtlvy1s x126k92a\"><div dir=\"auto\"><span style=\"font-size: 14pt;\">&#8211; ORDEN DEL D\u00cdA:<\/span><\/div><\/div><div class=\"x11i5rnm xat24cr x1mh8g0r x1vvkbs xtlvy1s x126k92a\"><div dir=\"auto\"><span style=\"font-size: 14pt;\">1.- ELECCI\u00d3N DE DOS COLEGIADOS QUE REFRENDEN EL ACTA DE ASAMBLEA.<\/span><\/div><div dir=\"auto\"><span style=\"font-size: 14pt;\">2.- MOCI\u00d3N DE APROBACI\u00d3N DE RESOLUCI\u00d3N DE CONSEJO DIRECTIVO N\u00b0 219\/24<\/span><\/div><div dir=\"auto\"><span style=\"font-size: 14pt;\">4.- CONSIDERACI\u00d3NES DE LAS\/OS ASISTENTES.<\/span><\/div><div dir=\"auto\"><span style=\"font-size: 14pt;\">5.- PROCLAMACI\u00d3N DE AUTORIDADES de CONSEJO DIRECTIVO y TRIBUNAL DEONTOL\u00d3GICO, PERIODO 2.024 \u2013 2.027.<\/span><\/div><div dir=\"auto\"><span style=\"font-size: 14pt;\">6.- CIERRE DE ASAMBLEA.<\/span><\/div><div dir=\"auto\">\u00a0<\/div><\/div><div class=\"x11i5rnm xat24cr x1mh8g0r x1vvkbs xtlvy1s x126k92a\"><div dir=\"auto\"><span style=\"font-size: 14pt;\">CONSEJO DIRECTIVO<\/span><\/div><div dir=\"auto\"><span style=\"font-size: 14pt;\">COLEGIO DE M\u00c9DICOS DE CATAMARCA<\/span><\/div><\/div>\t\t\t\t\t\t<\/div>\n\t\t\t\t<\/div>\n\t\t\t\t\t<\/div>\n\t\t<\/div>\n\t\t\t\t\t<\/div>\n\t\t<\/section>\n\t\t\t\t<\/div>\n\t\t","protected":false},"excerpt":{"rendered":"<p>CONVOCATORIA A ELECCIONES DE RENOVACI\u00d3N TOTAL DE AUTORIDADES y ASAMBLEAS DEL COLEGIO M\u00c9DICO DE CATAMARCA &nbsp;&nbsp;ELECCIONES DE RENOVACI\u00d3N TOTAL DE AUTORIDADES DE CONSEJO DIRECTIVO y TRIBUNAL DEONTOL\u00d3GICO POR FINALIZACI\u00d3N DE MANDATO&nbsp;&#8211; Fecha: 12 de Agosto de 2.024 de 8 a 18 hs.- Lugar: Sede del Colegio de M\u00e9dicos de Catamarca. Av. G\u00fcemes (o) y Capital [&hellip;]<\/p>\n","protected":false},"author":2,"featured_media":6090,"comment_status":"closed","ping_status":"closed","sticky":false,"template":"","format":"standard","meta":{"_joinchat":[],"footnotes":""},"categories":[1],"tags":[],"class_list":["post-6261","post","type-post","status-publish","format-standard","has-post-thumbnail","hentry","category-noticias"],"_links":{"self":[{"href":"https:\/\/colegiomedicocat.com.ar\/med\/wp-json\/wp\/v2\/posts\/6261","targetHints":{"allow":["GET"]}}],"collection":[{"href":"https:\/\/colegiomedicocat.com.ar\/med\/wp-json\/wp\/v2\/posts"}],"about":[{"href":"https:\/\/colegiomedicocat.com.ar\/med\/wp-json\/wp\/v2\/types\/post"}],"author":[{"embeddable":true,"href":"https:\/\/colegiomedicocat.com.ar\/med\/wp-json\/wp\/v2\/users\/2"}],"replies":[{"embeddable":true,"href":"https:\/\/colegiomedicocat.com.ar\/med\/wp-json\/wp\/v2\/comments?post=6261"}],"version-history":[{"count":5,"href":"https:\/\/colegiomedicocat.com.ar\/med\/wp-json\/wp\/v2\/posts\/6261\/revisions"}],"predecessor-version":[{"id":6266,"href":"https:\/\/colegiomedicocat.com.ar\/med\/wp-json\/wp\/v2\/posts\/6261\/revisions\/6266"}],"wp:featuredmedia":[{"embeddable":true,"href":"https:\/\/colegiomedicocat.com.ar\/med\/wp-json\/wp\/v2\/media\/6090"}],"wp:attachment":[{"href":"https:\/\/colegiomedicocat.com.ar\/med\/wp-json\/wp\/v2\/media?parent=6261"}],"wp:term":[{"taxonomy":"category","embeddable":true,"href":"https:\/\/colegiomedicocat.com.ar\/med\/wp-json\/wp\/v2\/categories?post=6261"},{"taxonomy":"post_tag","embeddable":true,"href":"https:\/\/colegiomedicocat.com.ar\/med\/wp-json\/wp\/v2\/tags?post=6261"}],"curies":[{"name":"wp","href":"https:\/\/api.w.org\/{rel}","templated":true}]}}