{"id":6274,"date":"2024-07-23T17:10:32","date_gmt":"2024-07-23T17:10:32","guid":{"rendered":"https:\/\/colegiomedicocat.com.ar\/med\/?p=6274"},"modified":"2024-07-23T17:13:54","modified_gmt":"2024-07-23T17:13:54","slug":"piedrasanta","status":"publish","type":"post","link":"https:\/\/colegiomedicocat.com.ar\/med\/piedrasanta\/","title":{"rendered":"piedrasanta"},"content":{"rendered":"\t\t<div data-elementor-type=\"wp-post\" data-elementor-id=\"6274\" class=\"elementor elementor-6274\" data-elementor-post-type=\"post\">\n\t\t\t\t\t\t<section class=\"elementor-section elementor-top-section elementor-element elementor-element-0fdf9c3 elementor-section-boxed elementor-section-height-default elementor-section-height-default\" data-id=\"0fdf9c3\" data-element_type=\"section\">\n\t\t\t\t\t\t<div class=\"elementor-container elementor-column-gap-default\">\n\t\t\t\t\t<div class=\"elementor-column elementor-col-100 elementor-top-column elementor-element elementor-element-070640b\" data-id=\"070640b\" data-element_type=\"column\">\n\t\t\t<div class=\"elementor-widget-wrap elementor-element-populated\">\n\t\t\t\t\t\t<div class=\"elementor-element elementor-element-e87b29d elementor-widget elementor-widget-heading\" data-id=\"e87b29d\" data-element_type=\"widget\" data-widget_type=\"heading.default\">\n\t\t\t\t<div class=\"elementor-widget-container\">\n\t\t\t<h2 class=\"elementor-heading-title elementor-size-default\">GRAN TRISTEZA<\/h2>\t\t<\/div>\n\t\t\t\t<\/div>\n\t\t\t\t<div class=\"elementor-element elementor-element-0267da3 elementor-widget elementor-widget-text-editor\" data-id=\"0267da3\" data-element_type=\"widget\" data-widget_type=\"text-editor.default\">\n\t\t\t\t<div class=\"elementor-widget-container\">\n\t\t\t\t\t\t\t<div class=\"xdj266r x11i5rnm xat24cr x1mh8g0r x1vvkbs x126k92a\"><div dir=\"auto\">\u00a0<\/div><\/div><div class=\"x11i5rnm xat24cr x1mh8g0r x1vvkbs xtlvy1s x126k92a\"><div dir=\"auto\"><span style=\"font-size: 14pt;\">Tenemos una gran tristeza por despedir a nuestro Colegiado Dr. Raul Atilio Piedrasanta M.P. 354 .<\/span><\/div><\/div><div class=\"x11i5rnm xat24cr x1mh8g0r x1vvkbs xtlvy1s x126k92a\"><div dir=\"auto\"><span style=\"font-size: 14pt;\">H\u00e9roe M\u00e9dico de las chacras, naci\u00f3 en Las Varillas, C\u00f3rdoba ingreso en la Universidad Nacional de C\u00f3rdoba d\u00f3nde estudi\u00f3 con mucho sacrificio , ni bien se recibi\u00f3, vino a Catamarca en 1973 como m\u00e9dico rural a la localidad de Ancasti y alrededores donde a\u00fan quedan historias que lo nombran.<\/span><\/div><\/div><div class=\"x11i5rnm xat24cr x1mh8g0r x1vvkbs xtlvy1s x126k92a\"><div dir=\"auto\"><span style=\"font-size: 14pt;\">Luego volvi\u00f3 a C\u00f3rdoba d\u00f3nde puso un Centro M\u00e9dico en el barrio La France d\u00f3nde atendi\u00f3 muchos a\u00f1os, en esas \u00e9pocas caminaba en barrio haciendo consultas en domicilios cuando decidi\u00f3 regresar a Catamarca muchos pacientes y familias quedaron hu\u00e9rfanas de su m\u00e9dico de cabecera.<\/span><\/div><\/div><div class=\"x11i5rnm xat24cr x1mh8g0r x1vvkbs xtlvy1s x126k92a\"><div dir=\"auto\"><span style=\"font-size: 14pt;\">Ya aqui con sus hijos a su lado luego se muchas circunstancias, forj\u00f3 un nombre, en base a su trabajo incansable, en la ciudad capital y en Valle viejo.<\/span><\/div><\/div><div class=\"x11i5rnm xat24cr x1mh8g0r x1vvkbs xtlvy1s x126k92a\"><div dir=\"auto\"><span style=\"font-size: 14pt;\">Lo marco su vocaci\u00f3n &#8221; de la de antes &#8221; con amor por su carrera, a sus pacientes, con humanidad y empat\u00eda valores que se encarg\u00f3 de inculcar en sus hijos.<\/span><\/div><\/div><div class=\"x11i5rnm xat24cr x1mh8g0r x1vvkbs xtlvy1s x126k92a\"><div dir=\"auto\"><span style=\"font-size: 14pt;\">Dedico toda su vida al consultorio de Cl\u00ednica General, siendo admirado y querido por su comunidad.<\/span><\/div><\/div><div class=\"x11i5rnm xat24cr x1mh8g0r x1vvkbs xtlvy1s x126k92a\"><div dir=\"auto\"><span style=\"font-size: 14pt;\">Abrazamos fuertemente a sus familiares y en particular a sus hijas, nuestras queridas Tania y Maria Eugenia.<\/span><\/div><\/div><div class=\"x11i5rnm xat24cr x1mh8g0r x1vvkbs xtlvy1s x126k92a\"><div dir=\"auto\"><span style=\"font-size: 14pt;\">Doctor Piedrasanta, su ejemplo nos gu\u00eda.<\/span><\/div><div dir=\"auto\">\u00a0<\/div><\/div><div class=\"x11i5rnm xat24cr x1mh8g0r x1vvkbs xtlvy1s x126k92a\"><div dir=\"auto\"><span style=\"font-size: 14pt;\">CONSEJO DIRECTIVO<\/span><\/div><div dir=\"auto\"><span style=\"font-size: 14pt;\">COLEGIO DE M\u00c9DICOS DE CATAMARCA<\/span><\/div><div dir=\"auto\"><span style=\"font-size: 14pt;\">\u00a0<\/span><\/div><\/div>\t\t\t\t\t\t<\/div>\n\t\t\t\t<\/div>\n\t\t\t\t\t<\/div>\n\t\t<\/div>\n\t\t\t\t\t<\/div>\n\t\t<\/section>\n\t\t\t\t<section class=\"elementor-section elementor-top-section elementor-element elementor-element-07bdcd8 elementor-section-boxed elementor-section-height-default elementor-section-height-default\" data-id=\"07bdcd8\" data-element_type=\"section\">\n\t\t\t\t\t\t<div class=\"elementor-container elementor-column-gap-default\">\n\t\t\t\t\t<div class=\"elementor-column elementor-col-50 elementor-top-column elementor-element elementor-element-6103d40\" data-id=\"6103d40\" data-element_type=\"column\">\n\t\t\t<div class=\"elementor-widget-wrap elementor-element-populated\">\n\t\t\t\t\t\t<div class=\"elementor-element elementor-element-45fb9ca elementor-widget elementor-widget-image\" data-id=\"45fb9ca\" data-element_type=\"widget\" data-widget_type=\"image.default\">\n\t\t\t\t<div class=\"elementor-widget-container\">\n\t\t\t\t\t\t\t\t\t\t\t\t\t<img fetchpriority=\"high\" decoding=\"async\" width=\"800\" height=\"899\" src=\"https:\/\/colegiomedicocat.com.ar\/med\/wp-content\/uploads\/2024\/07\/452368984_1007249288067292_4084123077269571112_n-911x1024.jpg\" class=\"attachment-large size-large wp-image-6277\" alt=\"\" srcset=\"https:\/\/colegiomedicocat.com.ar\/med\/wp-content\/uploads\/2024\/07\/452368984_1007249288067292_4084123077269571112_n-911x1024.jpg 911w, https:\/\/colegiomedicocat.com.ar\/med\/wp-content\/uploads\/2024\/07\/452368984_1007249288067292_4084123077269571112_n-267x300.jpg 267w, https:\/\/colegiomedicocat.com.ar\/med\/wp-content\/uploads\/2024\/07\/452368984_1007249288067292_4084123077269571112_n-768x863.jpg 768w, https:\/\/colegiomedicocat.com.ar\/med\/wp-content\/uploads\/2024\/07\/452368984_1007249288067292_4084123077269571112_n-1367x1536.jpg 1367w, https:\/\/colegiomedicocat.com.ar\/med\/wp-content\/uploads\/2024\/07\/452368984_1007249288067292_4084123077269571112_n.jpg 1822w\" sizes=\"(max-width: 800px) 100vw, 800px\" \/>\t\t\t\t\t\t\t\t\t\t\t\t\t<\/div>\n\t\t\t\t<\/div>\n\t\t\t\t\t<\/div>\n\t\t<\/div>\n\t\t\t\t<div class=\"elementor-column elementor-col-50 elementor-top-column elementor-element elementor-element-b566c42\" data-id=\"b566c42\" data-element_type=\"column\">\n\t\t\t<div class=\"elementor-widget-wrap elementor-element-populated\">\n\t\t\t\t\t\t<div class=\"elementor-element elementor-element-961388b elementor-widget elementor-widget-image\" data-id=\"961388b\" data-element_type=\"widget\" data-widget_type=\"image.default\">\n\t\t\t\t<div class=\"elementor-widget-container\">\n\t\t\t\t\t\t\t\t\t\t\t\t\t<img decoding=\"async\" width=\"800\" height=\"890\" src=\"https:\/\/colegiomedicocat.com.ar\/med\/wp-content\/uploads\/2024\/07\/452288840_1007249404733947_6500230980225801548_n-920x1024.jpg\" class=\"attachment-large size-large wp-image-6278\" alt=\"\" srcset=\"https:\/\/colegiomedicocat.com.ar\/med\/wp-content\/uploads\/2024\/07\/452288840_1007249404733947_6500230980225801548_n-920x1024.jpg 920w, https:\/\/colegiomedicocat.com.ar\/med\/wp-content\/uploads\/2024\/07\/452288840_1007249404733947_6500230980225801548_n-270x300.jpg 270w, https:\/\/colegiomedicocat.com.ar\/med\/wp-content\/uploads\/2024\/07\/452288840_1007249404733947_6500230980225801548_n-768x855.jpg 768w, https:\/\/colegiomedicocat.com.ar\/med\/wp-content\/uploads\/2024\/07\/452288840_1007249404733947_6500230980225801548_n-1380x1536.jpg 1380w, https:\/\/colegiomedicocat.com.ar\/med\/wp-content\/uploads\/2024\/07\/452288840_1007249404733947_6500230980225801548_n.jpg 1840w\" sizes=\"(max-width: 800px) 100vw, 800px\" \/>\t\t\t\t\t\t\t\t\t\t\t\t\t<\/div>\n\t\t\t\t<\/div>\n\t\t\t\t\t<\/div>\n\t\t<\/div>\n\t\t\t\t\t<\/div>\n\t\t<\/section>\n\t\t\t\t<\/div>\n\t\t","protected":false},"excerpt":{"rendered":"<p>GRAN TRISTEZA \u00a0Tenemos una gran tristeza por despedir a nuestro Colegiado Dr. Raul Atilio Piedrasanta M.P. 354 .H\u00e9roe M\u00e9dico de las chacras, naci\u00f3 en Las Varillas, C\u00f3rdoba ingreso en la Universidad Nacional de C\u00f3rdoba d\u00f3nde estudi\u00f3 con mucho sacrificio , ni bien se recibi\u00f3, vino a Catamarca en 1973 como m\u00e9dico rural a la localidad [&hellip;]<\/p>\n","protected":false},"author":2,"featured_media":6277,"comment_status":"closed","ping_status":"closed","sticky":false,"template":"","format":"standard","meta":{"_joinchat":[],"footnotes":""},"categories":[1],"tags":[],"class_list":["post-6274","post","type-post","status-publish","format-standard","has-post-thumbnail","hentry","category-noticias"],"_links":{"self":[{"href":"https:\/\/colegiomedicocat.com.ar\/med\/wp-json\/wp\/v2\/posts\/6274","targetHints":{"allow":["GET"]}}],"collection":[{"href":"https:\/\/colegiomedicocat.com.ar\/med\/wp-json\/wp\/v2\/posts"}],"about":[{"href":"https:\/\/colegiomedicocat.com.ar\/med\/wp-json\/wp\/v2\/types\/post"}],"author":[{"embeddable":true,"href":"https:\/\/colegiomedicocat.com.ar\/med\/wp-json\/wp\/v2\/users\/2"}],"replies":[{"embeddable":true,"href":"https:\/\/colegiomedicocat.com.ar\/med\/wp-json\/wp\/v2\/comments?post=6274"}],"version-history":[{"count":4,"href":"https:\/\/colegiomedicocat.com.ar\/med\/wp-json\/wp\/v2\/posts\/6274\/revisions"}],"predecessor-version":[{"id":6281,"href":"https:\/\/colegiomedicocat.com.ar\/med\/wp-json\/wp\/v2\/posts\/6274\/revisions\/6281"}],"wp:featuredmedia":[{"embeddable":true,"href":"https:\/\/colegiomedicocat.com.ar\/med\/wp-json\/wp\/v2\/media\/6277"}],"wp:attachment":[{"href":"https:\/\/colegiomedicocat.com.ar\/med\/wp-json\/wp\/v2\/media?parent=6274"}],"wp:term":[{"taxonomy":"category","embeddable":true,"href":"https:\/\/colegiomedicocat.com.ar\/med\/wp-json\/wp\/v2\/categories?post=6274"},{"taxonomy":"post_tag","embeddable":true,"href":"https:\/\/colegiomedicocat.com.ar\/med\/wp-json\/wp\/v2\/tags?post=6274"}],"curies":[{"name":"wp","href":"https:\/\/api.w.org\/{rel}","templated":true}]}}